{"id":230372,"date":"2026-09-02T18:54:22","date_gmt":"2026-09-02T18:54:22","guid":{"rendered":"https:\/\/www.europesays.com\/hu\/230372\/"},"modified":"2026-09-02T18:54:22","modified_gmt":"2026-09-02T18:54:22","slug":"vegleg-letett-a-tisza-kormany-a-nyugdijasok-egyik-juttatasarol-iden-mar-biztosan-nem-erkezik-plusz-penz","status":"publish","type":"post","link":"https:\/\/www.europesays.com\/hu\/230372\/","title":{"rendered":"V\u00e9gleg letett a Tisza-korm\u00e1ny a nyugd\u00edjasok egyik juttat\u00e1s\u00e1r\u00f3l, id\u00e9n m\u00e1r biztosan nem \u00e9rkezik plusz p\u00e9nz"},"content":{"rendered":"<p data-alignment=\"left\" class=\"text-left\" data-block-key=\"a3f41\">Kiker\u00fclt a 2026-os k\u00f6lts\u00e9gvet\u00e9si t\u00f6rv\u00e9nyb\u0151l a nyugd\u00edjpr\u00e9miumokra sz\u00e1nt \u00f6sszeg. A Nyugd\u00edjpr\u00e9mium c\u00e9ltartal\u00e9k c\u00edm\u0171 t\u00e9tel 24,3 milli\u00e1rd forintot tett ki a Fidesz-KDNP korm\u00e1ny \u00e1ltal tavaly elfogadott t\u00f6rv\u00e9ny \u00e9rtelm\u00e9ben. H\u00e9tf\u0151n viszont a Tisza-korm\u00e1ny p\u00e9nz\u00fcgyminisztere, K\u00e1rm\u00e1n Andr\u00e1s t\u00f6rv\u00e9nym\u00f3dos\u00edt\u00e1st ny\u00fajtott be.<\/p>\n<p data-alignment=\"left\" class=\"text-left\" data-block-key=\"a3f41\">A t\u00e1rcavezet\u0151 \u00e1ltal \u00f6ssze\u00e1ll\u00edtott dokumentum hosszan sorolja az el\u0151z\u0151 korm\u00e1ny kritik\u00e1it, egyben meg\u00e1gyazva annak, hogy mind a bev\u00e9teli, de m\u00e9g ink\u00e1bb a kiad\u00e1si oldalt, illetve a hi\u00e1nyc\u00e9lt alaposan megv\u00e1ltoztatj\u00e1k.<\/p>\n<p>  <a rel=\"noopener nofollow\" href=\"https:\/\/indamediasales.hu\/2019\/06\/25\/quality_placement_minosegbiztositasi_tajekoztato_728\" target=\"_blank\" class=\"flex items-center\"><\/p>\n<p>      <img loading=\"lazy\" decoding=\"async\" src=\"https:\/\/www.economx.hu\/neon\/static\/images\/brand\/quality_placement_logo.svg\" alt=\"Quality Placement\" width=\"150\" height=\"15\"\/><\/p>\n<p>  <\/a><\/p>\n<p>\n  hirdet\u00e9s<\/p>\n<p>    X<\/p>\n<p>      M\u00f3dosult hi\u00e1nyc\u00e9l<\/p>\n<p data-alignment=\"left\" class=\"text-left\" data-block-key=\"e9i9i\">A tervezet szerint az \u00faj kiad\u00e1si f\u0151\u00f6sszeg 49 ezer milli\u00e1rd forintra, a bev\u00e9teli pedig k\u00f6zel 42 ezer milli\u00e1rd forintra m\u00f3dosul majd v\u00e1rhat\u00f3an, m\u00edg a hi\u00e1ny ezek alapj\u00e1n 7,1 ezer milli\u00e1rdra r\u00fag majd. GDP-ar\u00e1nyosan ez 7,5 sz\u00e1zal\u00e9kos hi\u00e1ny, amely j\u00f3val magasabb, mint az eredetileg tervezett.<\/p>\n<p data-alignment=\"left\" class=\"text-left\" data-block-key=\"prq6\">A Fidesz-KDNP korm\u00e1ny \u00e1ltal tavaly beny\u00fajtott t\u00f6rv\u00e9ny m\u00e9g 4,2 ezer milli\u00e1rdos hi\u00e1nnyal sz\u00e1molt, b\u00e1r szakmai szervezetek m\u00e1r tavasszal, a v\u00e1laszt\u00e1sok el\u0151tt is t\u00f6bbsz\u00f6r figyelmeztettek, hogy kiigaz\u00edt\u00e1sra lehet majd sz\u00fcks\u00e9g. Ez teh\u00e1t most meg is t\u00f6rt\u00e9nt, mint ahogyan t\u00f6bb ter\u00fcleten is v\u00e1ltoztak a f\u0151bb sz\u00e1mok.<\/p>\n<p data-alignment=\"left\" class=\"text-left\" data-block-key=\"a3f41\"><a href=\"https:\/\/www.economx.hu\/magyar-gazdasag\/2026\/06\/09\/magyarorszag-nyugdijak-lemaradas-svajci-indexalas-gki\/\" target=\"_blank\" rel=\" noopener noreferrer nofollow\">Nyugd\u00edjakra<\/a> \u2013 az \u00e9v eleje, azaz a kor\u00e1bbi k\u00f6lts\u00e9gvet\u00e9s \u00f3ta bel\u00e9p\u0151 \u00faj jogosultak \u00e9s t\u00f6bbnyire a 14. havi nyugd\u00edj id\u00e9n elkezdett bevezet\u00e9se miatt \u2013, pontosabban a korhat\u00e1r felettiek \u00f6regs\u00e9gi nyugd\u00edjaira t\u00f6bb mint 200 milli\u00e1rd forinttal t\u00f6bbet k\u00f6lt majd id\u00e9n az \u00e1llam,<\/p>\n<p data-alignment=\"left\" class=\"text-left\" data-block-key=\"r5dck\">\u00f6sszesen 5484 milli\u00e1rd forintot.<\/p>\n<p data-alignment=\"left\" class=\"text-left\" data-block-key=\"a3apd\">Ebbe r\u00e1ad\u00e1sul m\u00e9g nem tartozik bele a janu\u00e1rt\u00f3l \u00e9letbe l\u00e9p\u0151 nyugd\u00edjemel\u00e9s, amely szerint a legkisebb nyugd\u00edj \u00f6sszeg\u00e9t 28 500 forint helyett 120 ezer forintban \u00e1llap\u00edtj\u00e1k meg.<\/p>\n<p data-alignment=\"left\" class=\"text-left\" data-block-key=\"de2v2\">Szint\u00e9n emelkedett a n\u0151k korhat\u00e1r alatti nyugell\u00e1t\u00e1s\u00e1ra ford\u00edtand\u00f3 \u00f6sszeg, k\u00f6zel 20 milli\u00e1rd forinttal. Ugyanakkor elt\u0171nt egy fontos t\u00e9tel a k\u00f6lts\u00e9gvet\u00e9si t\u00f6rv\u00e9nyb\u0151l, amely minden nyugd\u00edjast \u00e9rint. A Tisza-korm\u00e1ny imm\u00e1r nem tervez nyugd\u00edjpr\u00e9miummal,<\/p>\n<p data-alignment=\"left\" class=\"text-left\" data-block-key=\"r5dck\">amelyre a kor\u00e1bban eml\u00edtett 24,3 milli\u00e1rd forintot k\u00fcl\u00f6n\u00edtette el az el\u0151z\u0151 kabinet.<\/p>\n<p>      Elt\u0171nt a pr\u00e9mium<\/p>\n<p data-alignment=\"left\" class=\"text-left\" data-block-key=\"ft5jn\">A nyugd\u00edjpr\u00e9mium sz\u00f3 \u2013 ahogyan arra m\u00e1r <a href=\"https:\/\/www.economx.hu\/belfold\/2026\/03\/30\/nyugdijpremium-nem-lesz-idosek-kormany-penzromlas-inflacio-kormany-mnb\/\" target=\"_blank\" rel=\" noopener noreferrer nofollow\">tavasszal is utaltunk<\/a> \u2013 teljesen kiker\u00fclt a k\u00f6lts\u00e9gvet\u00e9si m\u00f3dos\u00edt\u00f3b\u00f3l \u00e9s a t\u00e9telek k\u00f6z\u00fcl is. Erre persze van megfelel\u0151 magyar\u00e1zat. A nyugd\u00edjpr\u00e9mium egy \u00e9vente egy alkalommal, \u00e1ltal\u00e1ban novemberben kifezetend\u0151 juttat\u00e1s, amely akkor l\u00e9p \u00e9letbe, ha a gazdas\u00e1gi n\u00f6veked\u00e9s kiugr\u00f3an magas, azaz meghaladja a 3,5 sz\u00e1zal\u00e9kot.<\/p>\n<p data-alignment=\"left\" class=\"text-left\" data-block-key=\"f41ko\">Ha a GDP-n\u00f6veked\u00e9s ezt el\u00e9ri, akkor a novemberi nyugd\u00edj negyed\u00e9t, de legfeljebb 20 ezer forintot kell megszorozni a 3,5 sz\u00e1zal\u00e9kot meghalad\u00f3 r\u00e9sszel.<\/p>\n<p>      Lassabb gazdas\u00e1g<\/p>\n<p data-alignment=\"left\" class=\"text-left\" data-block-key=\"5hb2n\">A tavaly tavasszal elfogadott k\u00f6lts\u00e9gvet\u00e9s m\u00e9g 4,1 sz\u00e1zal\u00e9kos GDP-n\u00f6veked\u00e9ssel sz\u00e1molt, emiatt k\u00fcl\u00f6n\u00edtettek el 24 milli\u00e1rd forintot, hiszen ez esetben minden jogosultnak fejenk\u00e9nt 12 ezer forintot kellett volna kifizetni.<\/p>\n<p data-alignment=\"left\" class=\"text-left\" data-block-key=\"ck2vc\">Ez viszont a k\u00f6lts\u00e9gvet\u00e9si m\u00f3dos\u00edt\u00f3 alapj\u00e1n m\u00e1r biztosan nem lesz, de persze csoda is kellene, hogy a jelenlegi el\u0151rejelz\u00e9sek alapj\u00e1n a gazdas\u00e1gi n\u00f6veked\u00e9s el\u00e9rje a 3,5 sz\u00e1zal\u00e9kot. S\u0151t, lassan m\u00e1r a 2 sz\u00e1zal\u00e9k is az lenne, hiszen a K\u00f6zponti Statisztikai Hivatal (KSH) adatai szerint a m\u00e1sodik negyed\u00e9vben a m\u00e1sodik becsl\u00e9s szerint 1,7 sz\u00e1zal\u00e9kkal n\u0151tt a gazdas\u00e1g, ahogyan az els\u0151 f\u00e9l \u00e9v szerint is ennyi volt a GDP-n\u00f6veked\u00e9s az el\u0151z\u0151 \u00e9vhez k\u00e9pest.<\/p>\n<p data-alignment=\"left\" class=\"text-left\" data-block-key=\"cf6ib\">A m\u00e1sodik f\u00e9l\u00e9vben \u00edgy m\u00e1r gyakorlatilag nulla az es\u00e9lye annak, hogy ez a mutat\u00f3 3,5 sz\u00e1zal\u00e9k f\u00f6l\u00e9 k\u00fasszon,<\/p>\n<p data-alignment=\"left\" class=\"text-left\" data-block-key=\"r5dck\">a legt\u00f6bb el\u0151rejelz\u00e9s 1,5 \u00e9s 2 sz\u00e1zal\u00e9k k\u00f6z\u00e9 v\u00e1rja a GDP-n\u00f6veked\u00e9st.<\/p>\n<p data-alignment=\"left\" class=\"text-left\" data-block-key=\"duut0\">A Magyar P\u00e9ter vezette korm\u00e1ny m\u00e9g az optimist\u00e1bbak k\u00f6z\u00e9 tartozik, hiszen \u00e9pp a k\u00f6lts\u00e9gvet\u00e9si m\u00f3dos\u00edt\u00f3b\u00f3l der\u00fcl ki, hogy a kabinet el\u0151rejelz\u00e9se szerint a magyar gazdas\u00e1g 2026-ban 2 sz\u00e1zal\u00e9kkal b\u0151v\u00fclhet. <a href=\"https:\/\/www.economx.hu\/nyugdij\/2026\/03\/09\/valasztas-2026-fidesz-tisza-part-szakpolitikai-elteresek-nyugdij-824931\/\" target=\"_blank\" rel=\" noopener noreferrer nofollow\">Az el\u0151z\u0151 korm\u00e1ny<\/a> egy\u00e9bk\u00e9nt tavasszal m\u00e1r szint\u00e9n lejjebb faragott a gazdas\u00e1gi v\u00e1rakoz\u00e1sokb\u00f3l.<\/p>\n<p>      Nem lesz korrekci\u00f3 sem<\/p>\n<p data-alignment=\"left\" class=\"text-left\" data-block-key=\"ft6ou\">S\u0151t, a nyugd\u00edjasok v\u00e1rhat\u00f3an nem csak a pr\u00e9miumt\u00f3l esnek el, hanem a nyugd\u00edjkorrekci\u00f3t\u00f3l is, mivel az infl\u00e1ci\u00f3 j\u00f3val kedvez\u0151bben alakul id\u00e9n a v\u00e1rtn\u00e1l. Az \u00e9v eleji, 3,6 sz\u00e1zal\u00e9kos nyugd\u00edjemel\u00e9s tov\u00e1bbi b\u0151v\u00edt\u00e9s\u00e9re nem lesz sz\u00fcks\u00e9g, hiszen a Tisza-korm\u00e1ny v\u00e1rakoz\u00e1sa szerint az \u00e9ves \u00e1tlagos infl\u00e1ci\u00f3 1,6 sz\u00e1zal\u00e9k k\u00f6r\u00fcl alakulhat.<\/p>\n<p><a href=\"https:\/\/google.com\/preferences\/source?q=https%3A\/\/www.economx.hu\" rel=\"noopener nofollow\" referrerpolicy=\"no-referrer-when-downgrade\" class=\"!flex !items-center !gap-5 !py-2 !px-3 w-full !rounded-xl !font-bold cursor-pointer !no-underline relative !bg-white !text-[#202124] !border !border-[#858585] dark:!bg-[#323232] dark:!text-white dark:border-none my-4 \" target=\"_blank\"><br \/>\n  <img decoding=\"async\" src=\"https:\/\/www.economx.hu\/neon\/static\/images\/favicons\/google_favicon.svg\" alt=\"Google\" class=\"shrink-0 w-7 h-7\"\/><br \/>\n  \u00c1ll\u00edtsd be, hogy az Economx az els\u0151k k\u00f6z\u00f6tt legyen a Google-tal\u00e1latokban!<\/p>\n<p><\/a><\/p>\n","protected":false},"excerpt":{"rendered":"Kiker\u00fclt a 2026-os k\u00f6lts\u00e9gvet\u00e9si t\u00f6rv\u00e9nyb\u0151l a nyugd\u00edjpr\u00e9miumokra sz\u00e1nt \u00f6sszeg. A Nyugd\u00edjpr\u00e9mium c\u00e9ltartal\u00e9k c\u00edm\u0171 t\u00e9tel 24,3 milli\u00e1rd forintot tett&hellip;\n","protected":false},"author":2,"featured_media":230373,"comment_status":"","ping_status":"","sticky":false,"template":"","format":"standard","meta":{"footnotes":"","_share_on_mastodon":"0"},"categories":[33],"tags":[38,3278,35,37,44,42,40,3279,8095,43,944,41,34,671,60951,16925,36,39],"class_list":["post-230372","post","type-post","status-publish","format-standard","has-post-thumbnail","category-hirek","tag-focimek","tag-gdp","tag-headlines","tag-hirek","tag-hu","tag-hungarian","tag-hungary","tag-inflacio","tag-karman-andras","tag-magyar","tag-magyar-peter","tag-magyarorszag","tag-news","tag-nyugdij","tag-nyugdijpremium","tag-tisza-kormany","tag-top-stories","tag-vezeto-hirek"],"share_on_mastodon":{"url":"https:\/\/pubeurope.com\/@hu\/117202968356321200","error":""},"_links":{"self":[{"href":"https:\/\/www.europesays.com\/hu\/wp-json\/wp\/v2\/posts\/230372","targetHints":{"allow":["GET"]}}],"collection":[{"href":"https:\/\/www.europesays.com\/hu\/wp-json\/wp\/v2\/posts"}],"about":[{"href":"https:\/\/www.europesays.com\/hu\/wp-json\/wp\/v2\/types\/post"}],"author":[{"embeddable":true,"href":"https:\/\/www.europesays.com\/hu\/wp-json\/wp\/v2\/users\/2"}],"replies":[{"embeddable":true,"href":"https:\/\/www.europesays.com\/hu\/wp-json\/wp\/v2\/comments?post=230372"}],"version-history":[{"count":0,"href":"https:\/\/www.europesays.com\/hu\/wp-json\/wp\/v2\/posts\/230372\/revisions"}],"wp:featuredmedia":[{"embeddable":true,"href":"https:\/\/www.europesays.com\/hu\/wp-json\/wp\/v2\/media\/230373"}],"wp:attachment":[{"href":"https:\/\/www.europesays.com\/hu\/wp-json\/wp\/v2\/media?parent=230372"}],"wp:term":[{"taxonomy":"category","embeddable":true,"href":"https:\/\/www.europesays.com\/hu\/wp-json\/wp\/v2\/categories?post=230372"},{"taxonomy":"post_tag","embeddable":true,"href":"https:\/\/www.europesays.com\/hu\/wp-json\/wp\/v2\/tags?post=230372"}],"curies":[{"name":"wp","href":"https:\/\/api.w.org\/{rel}","templated":true}]}}