{"id":230376,"date":"2026-09-02T19:01:08","date_gmt":"2026-09-02T19:01:08","guid":{"rendered":"https:\/\/www.europesays.com\/hu\/230376\/"},"modified":"2026-09-02T19:01:08","modified_gmt":"2026-09-02T19:01:08","slug":"visszaterhet-a-szineszethez-meghan-markle","status":"publish","type":"post","link":"https:\/\/www.europesays.com\/hu\/230376\/","title":{"rendered":"Visszat\u00e9rhet a sz\u00edn\u00e9szethez Meghan Markle"},"content":{"rendered":"<p>Meghan Markle hamarosan ism\u00e9t sz\u00edn\u00e9szn\u0151k\u00e9nt t\u0171nhet fel a k\u00e9perny\u0151n. A <a href=\"https:\/\/people.com\/meghan-markle-prince-harry-discussing-return-acting-for-some-time-12071930\" target=\"_blank\" rel=\"noopener noreferrer nofollow\">People<\/a> inform\u00e1ci\u00f3i szerint a 45 \u00e9ves sussexi hercegn\u00e9 t\u00e1rgyal\u00e1sokat folytat arr\u00f3l, hogy csatlakozzon Guy Ritchie The Gentlemen c\u00edm\u0171 Netflix-sorozat\u00e1hoz. Ha l\u00e9trej\u00f6n a meg\u00e1llapod\u00e1s, ez lehet Meghan eddigi legjelent\u0151sebb sz\u00edn\u00e9szi munk\u00e1ja az\u00f3ta, hogy a Suits ut\u00e1n h\u00e1tat ford\u00edtott a sz\u00edn\u00e9szetnek.<\/p>\n<p>Meghan 2016-ban, Toront\u00f3ban forgatta a Suits c\u00edm\u0171 jogi sorozatot, amikor megismerkedett Harry herceggel. A sz\u00e9ri\u00e1b\u00f3l 2018-ban, az esk\u00fcv\u0151j\u00fck el\u0151tt t\u00e1vozott. B\u00e1r 2020-ban f\u00e9rj\u00e9vel egy\u00fctt visszal\u00e9ptek a kir\u00e1lyi csal\u00e1d dolgoz\u00f3 tagjak\u00e9nt bet\u00f6lt\u00f6tt szerep\u00fckt\u0151l, \u00e9s Kaliforni\u00e1ba k\u00f6lt\u00f6ztek, Meghan sok\u00e1ig nem mutatott \u00e9rdekl\u0151d\u00e9st a visszat\u00e9r\u00e9s ir\u00e1nt.<\/p>\n<p>\u201eAzt hiszem, soha ne mondd, hogy soha, de nem \u00e1ll sz\u00e1nd\u00e9komban visszat\u00e9rni\u201d \u2013 mondta 2022-ben a Variety-nak. Most azonban \u00fagy t\u0171nik, megv\u00e1ltozott a helyzet. A PEOPLE szerint Meghan \u00e9s a 41 \u00e9ves Harry m\u00e1r a The Gentlemen kapcs\u00e1n folytatott t\u00e1rgyal\u00e1sok el\u0151tt is besz\u00e9lgettek arr\u00f3l, hogy a hercegn\u00e9 ism\u00e9t sz\u00edn\u00e9szkedjen.<\/p>\n<p>Az elm\u00falt id\u0151szakban Meghan m\u00e1r tett n\u00e9h\u00e1ny l\u00e9p\u00e9st ebbe az ir\u00e1nyba. K\u00e9t \u00e9vadot \u00e9s egy \u00fcnnepi k\u00fcl\u00f6nkiad\u00e1st forgatott <a href=\"https:\/\/nlc.hu\/sztarok\/20260308\/itt-a-vege-szakitott-meghan-markle-es-a-netflix\/\" rel=\"nofollow noopener\" target=\"_blank\">saj\u00e1t Netflixes \u00e9letm\u00f3dsorozat\u00e1b\u00f3l<\/a>, a With Love, Meghan-b\u0151l, emellett pedig \u00f6nmag\u00e1t alak\u00edtja a Close Personal Friends c\u00edm\u0171, Lily Collins \u00e9s Jack Quaid f\u0151szerepl\u00e9s\u00e9vel k\u00e9sz\u00fcl\u0151 filmben.<\/p>\n<p><img loading=\"lazy\" decoding=\"async\" class=\"img-responsive alignnone size-full wp-image-2178523\" src=\"https:\/\/www.europesays.com\/hu\/wp-content\/uploads\/2026\/09\/meghan-markle-harry.jpg\" alt=\"meghan markle harry\" width=\"1280\" height=\"720\"  \/><\/p>\n<p>Ez lehet a visszat\u00e9r\u00e9s?<\/p>\n<p>A The Gentlemen k\u00fcl\u00f6n\u00f6sen \u00e9rdekes lehet Meghan sz\u00e1m\u00e1ra, hiszen a sorozatot az Egyes\u00fclt Kir\u00e1lys\u00e1gban forgatj\u00e1k, \u00e9s a t\u00f6rt\u00e9net is Angli\u00e1ban j\u00e1tsz\u00f3dik. A produkci\u00f3 harmadik \u00e9vad\u00e1t augusztus 24-\u00e9n rendelt\u00e9k be, a forgat\u00f3k\u00f6nyvek v\u00e9gleges\u00edt\u00e9se pedig m\u00e1r folyamatban van. A szerepl\u0151g\u00e1rd\u00e1ban Theo James, Kaya Scodelario \u00e9s Giancarlo Esposito is megtal\u00e1lhat\u00f3. Amikor a sk\u00f3ciai Edinburgh Television Festivalon Manda Levint, a Netflix brit forgat\u00f3k\u00f6nyves produkci\u00f3k\u00e9rt felel\u0151s vezet\u0151j\u00e9t Meghan \u00e1ll\u00edt\u00f3lagos szerep\u00e9r\u0151l k\u00e9rdezt\u00e9k, meglehet\u0151sen sejtelmesen v\u00e1laszolt:<\/p>\n<p>\u2013 mondta. A lehets\u00e9ges szerep id\u0151z\u00edt\u00e9se az\u00e9rt is \u00e9rdekes, mert Meghan \u00e9s Harry \u00e9ppen most <a href=\"https:\/\/nlc.hu\/ezvan\/20260821\/mit-jelent-harry-es-meghan-visszakoltozese\/\" rel=\"nofollow noopener\" target=\"_blank\">k\u00f6lt\u00f6znek hosszabb id\u0151re<\/a> vissza Nagy-Britanni\u00e1ba <a href=\"https:\/\/nlc.hu\/csalad\/20260725\/diana-hercegne-sirjanal-jart-harry-herceg-es-a-csaladja\/\" rel=\"nofollow noopener\" target=\"_blank\">gyermekeikkel<\/a>, Archie herceggel \u00e9s Lilibet hercegn\u0151vel. A csal\u00e1d Kaliforni\u00e1b\u00f3l mag\u00e1ng\u00e9ppel <a href=\"https:\/\/nlc.hu\/sztarok\/20260830\/kamilla-katalin-harry-meghan-visszateres\/\" rel=\"nofollow noopener\" target=\"_blank\">\u00e9rkezett Birminghambe<\/a>, \u00e9s terveik szerint Angli\u00e1ban egy priv\u00e1t otthont alak\u00edtanak ki.<\/p>\n<p>Meghan \u00e9s Harry egy\u00e9bk\u00e9nt \u00e9vek \u00f3ta szoros kapcsolatban \u00e1ll a Netflixszel. 2020-ban k\u00f6t\u00f6ttek szerz\u0151d\u00e9st a streaming\u00f3ri\u00e1ssal, amelynek keret\u00e9ben dokumentumfilmeket, sorozatokat \u00e9s egy\u00e9b produkci\u00f3kat k\u00e9sz\u00edtenek. Egy\u00fcttm\u0171k\u00f6d\u00e9s\u00fcket 2025-ben t\u00f6bb \u00e9vre meghosszabb\u00edtott\u00e1k. Most pedig \u00fagy t\u0171nik, Meghan \u00fajra a kamer\u00e1k el\u00e9 \u00e1llhat \u2013 r\u00e1ad\u00e1sul egy olyan sorozatban, amelynek forgat\u00e1sa a brit visszat\u00e9r\u00e9s\u00e9vel is egybeeshet.<\/p>\n","protected":false},"excerpt":{"rendered":"Meghan Markle hamarosan ism\u00e9t sz\u00edn\u00e9szn\u0151k\u00e9nt t\u0171nhet fel a k\u00e9perny\u0151n. A People inform\u00e1ci\u00f3i szerint a 45 \u00e9ves sussexi hercegn\u00e9&hellip;\n","protected":false},"author":2,"featured_media":230377,"comment_status":"","ping_status":"","sticky":false,"template":"","format":"standard","meta":{"footnotes":"","_share_on_mastodon":"0"},"categories":[16],"tags":[1689,137,1635,44,42,40,43,41,1634,172,149,138,235],"class_list":["post-230376","post","type-post","status-publish","format-standard","has-post-thumbnail","category-szorakozas","tag-brit-kiralyi-csalad","tag-entertainment","tag-harry-herceg","tag-hu","tag-hungarian","tag-hungary","tag-magyar","tag-magyarorszag","tag-meghan-markle","tag-netflix","tag-sorozat","tag-szorakozas","tag-sztarok"],"share_on_mastodon":{"url":"https:\/\/pubeurope.com\/@hu\/117202995672847935","error":""},"_links":{"self":[{"href":"https:\/\/www.europesays.com\/hu\/wp-json\/wp\/v2\/posts\/230376","targetHints":{"allow":["GET"]}}],"collection":[{"href":"https:\/\/www.europesays.com\/hu\/wp-json\/wp\/v2\/posts"}],"about":[{"href":"https:\/\/www.europesays.com\/hu\/wp-json\/wp\/v2\/types\/post"}],"author":[{"embeddable":true,"href":"https:\/\/www.europesays.com\/hu\/wp-json\/wp\/v2\/users\/2"}],"replies":[{"embeddable":true,"href":"https:\/\/www.europesays.com\/hu\/wp-json\/wp\/v2\/comments?post=230376"}],"version-history":[{"count":0,"href":"https:\/\/www.europesays.com\/hu\/wp-json\/wp\/v2\/posts\/230376\/revisions"}],"wp:featuredmedia":[{"embeddable":true,"href":"https:\/\/www.europesays.com\/hu\/wp-json\/wp\/v2\/media\/230377"}],"wp:attachment":[{"href":"https:\/\/www.europesays.com\/hu\/wp-json\/wp\/v2\/media?parent=230376"}],"wp:term":[{"taxonomy":"category","embeddable":true,"href":"https:\/\/www.europesays.com\/hu\/wp-json\/wp\/v2\/categories?post=230376"},{"taxonomy":"post_tag","embeddable":true,"href":"https:\/\/www.europesays.com\/hu\/wp-json\/wp\/v2\/tags?post=230376"}],"curies":[{"name":"wp","href":"https:\/\/api.w.org\/{rel}","templated":true}]}}