{"id":230396,"date":"2026-09-02T19:22:18","date_gmt":"2026-09-02T19:22:18","guid":{"rendered":"https:\/\/www.europesays.com\/hu\/230396\/"},"modified":"2026-09-02T19:22:18","modified_gmt":"2026-09-02T19:22:18","slug":"index-futball-futball-1152","status":"publish","type":"post","link":"https:\/\/www.europesays.com\/hu\/230396\/","title":{"rendered":"Index &#8211; Futball &#8211; Futball"},"content":{"rendered":"<p>A ny\u00e1r utols\u00f3 napjai a legt\u00f6bb ember sz\u00e1m\u00e1ra a nagy k\u00e1nikula v\u00e9g\u00e9t jelenti, \u00e1m a futballrajong\u00f3knak is fontos pont az \u00e9vben, hiszen a k\u00e9t szezon k\u00f6z\u00f6tti t\u00f6bb h\u00f3napos \u00e1tigazol\u00e1si piac is hivatalos bez\u00e1rul. B\u00e1r egyes orsz\u00e1gokban m\u00e9g van n\u00e9h\u00e1ny napja a csapatoknak \u2013 p\u00e9ld\u00e1ul a magyar csapatoknak szeptember 3-\u00e1n \u00e9jf\u00e9lig \u2013 az utols\u00f3 \u00fcgyleteiket ny\u00e9lbe \u00fctni, a toplig\u00e1k orsz\u00e1gaiban minden csapat (jobb esetben) megv\u00e1s\u00e1rolta kiszemeltjeit \u00e9s tov\u00e1bbadta a csapat sz\u00e1m\u00e1ra sz\u00fcks\u00e9gtelen vagy \u00e9ppen jelent\u0151s \u00e1tigazol\u00e1si d\u00edjat hoz\u00f3 j\u00e1t\u00e9kosait szeptember 1-je \u00e9fj\u00e9lig.<\/p>\n<p>Id\u00e9n sem sp\u00f3roltak a p\u00e9nzzel a csapatok, f\u0151leg Angli\u00e1ban, ahol a Premier League-s bev\u00e9teleknek k\u00f6sz\u00f6nhet\u0151en sz\u00e1mos nagyobb olasz \u00e9s spanyol klubot megsz\u00e9gyen\u00edt\u0151 \u00f6sszegeket k\u00f6ltenek el \u00e9vek \u00f3ta a k\u00f6z\u00e9pmez\u0151ny egyes tagjai vagy \u00e9ppen a friss feljut\u00f3k.<\/p>\n<p>Az angol \u00e9lvonal h\u00fasz csapata \u00f6sszesen 4,112 milli\u00e1rd eur\u00f3t k\u00f6lt\u00f6tt el az idei ny\u00e1ron, ami \u00faj rekordnak sz\u00e1m\u00edt lig\u00e1k tekintet\u00e9ben (a 2025-\u00f6s, 3,6 milli\u00e1rd eur\u00f3s k\u00f6lt\u00e9st ugrott\u00e1k meg). A t\u00edz legt\u00f6bb p\u00e9nzt kifizet\u0151 klub k\u00f6z\u00fcl \u00edgy nem meglep\u0151, hogy nyolcat a PL ad, csup\u00e1n a\u00a0a 8. Real Madrid\u00a0(225 milli\u00f3 eur\u00f3) \u00e9s a\u00a010. Barcelona (184 milli\u00f3 eur\u00f3) volt k\u00e9pes \u201etartani\u201d a temp\u00f3t, de \u00e9rdekess\u00e9g, hogy a Manchester United ez\u00fattal \u201ecsak\u201d a 12. helyre f\u00e9rt fel.<\/p>\n<p>Szint\u00e9n \u00c9rdekess\u00e9g, egyben megd\u00f6bbent\u0151, a frissen feljut\u00f3 Ipswich Town (220,6 milli\u00f3 eur\u00f3) a k\u00e9t spanyol gig\u00e1sz\u00a0k\u00f6z\u00e9 befurakodva a 9. legt\u00f6bb p\u00e9nzt k\u00f6lt\u00f6tte el az eg\u00e9sz vil\u00e1gon, de m\u00e9g a hasonl\u00f3 cip\u0151ben j\u00e1r\u00f3 Hull City (175,6 milli\u00f3 eur\u00f3) is a 11. helyig v\u00e1s\u00e1rolta mag\u00e1t.<\/p>\n<p>Egy\u00e9bk\u00e9nt bev\u00e9tel ter\u00e9n is taroltak az angolok, \u00f6sszesen 2,5 milli\u00e1rd eu\u00f3r\u00e9rt \u00e9rt\u00e9kes\u00edtett\u00e9k tov\u00e1bb j\u00e1t\u00e9kosaikat, amivel szint\u00e9n tavalyi rekordjukat (2,4 milli\u00e1rd) m\u00falt\u00e1k fel\u00fcl.<\/p>\n<p>                        \u0150r\u00fclten k\u00f6ltekez\u0151 angolok, a City t\u00f6bb mint f\u00e9lmilli\u00e1rd eur\u00f3\u00e9rt v\u00e1s\u00e1rolt a ny\u00e1ron<\/p>\n<p>A bajnoki c\u00edmv\u00e9d\u0151 Arsenal 227 milli\u00f3\u00e9rt v\u00e1s\u00e1rolt j\u00e1t\u00e9kosokat, \u00e9rkezett a liga egyik legjobb, nem topcsapatban j\u00e1tsz\u00f3 k\u00f6z\u00e9pp\u00e1ly\u00e1sa, a brazil Bruno Guimaraes (87,5 milli\u00f3 eur\u00f3), az Eur\u00f3pa-liga-gy\u0151ztes Aston Villa v\u00e9delm\u00e9nek oszlopa, Ezri Konsa (59,6 milli\u00f3 eur\u00f3), valamint a Club Brugge-t\u0151l a g\u00f6r\u00f6g Krisztosz Colisz 40 milli\u00f3\u00e9rt, aki miut\u00e1n az angol egy\u00fcttes nem igazolt \u00fajabb balsz\u00e9ls\u0151t (de eladta Gabriel Martinellit \u00e9s Leandro Trossard-t is), fontos szerepet j\u00e1tszhat a szezonban.<\/p>\n<p>Mikel Arteta\u00e9k tov\u00e1bb\u00e1 ugyanennyi\u00e9rt v\u00e9gleges\u00edtett\u00e9k az ecuadori Piero Hincapi\u00e9 j\u00e1t\u00e9kjog\u00e1t, \u00edgy tov\u00e1bbra is betonbiztosnak mondhat\u00f3 az \u201e\u00e1gy\u00fasok\u201d v\u00e9delme, b\u00e1r a ny\u00e1r elej\u00e9n belengetett klasszis balsz\u00e9ls\u0151 \u00e9rkez\u00e9s\u00e9nek hi\u00e1nya sok szurkol\u00f3ban hagyhat keser\u0171 sz\u00e1j\u00edzt.<\/p>\n<p>Hasonl\u00f3an \u00e9rezhetik magukat a Liverpool-szimpatiz\u00e1nsok is. A Mersey-partiak n\u00e9h\u00e1ny napja aktiviz\u00e1lt\u00e1k magukat csak igaz\u00e1n az \u00e1tigazol\u00e1si piacon, a ny\u00e1r egyik legnagyobb \u00fczletek\u00e9nt megszerezt\u00e9k a Paris Saint-Germaint\u0151l 125 milli\u00f3 eur\u00f3\u00e9rt a balsz\u00e9ls\u0151 Bradley Barcol\u00e1t, a Genkt\u0151l 18 \u00e9ves kapus v\u00e1s\u00e1roltak Lucca\u00a0Brughmans\u00a0szem\u00e9ly\u00e9ben (35 milli\u00f3 eur\u00f3), akik a vil\u00e1gbajnoks\u00e1g el\u0151tt megv\u00e1s\u00e1rolt szint\u00e9n bal t\u00e1mad\u00f3k\u00e9nt szerepl\u0151 V\u00edctor Munozhoz (Osasuna \u2013 40 milli\u00f3 eur\u00f3) \u00e9s az \u00e9v elej\u00e9n megszerzett bels\u0151 v\u00e9d\u0151h\u00f6z, J\u00e9r\u00e9my Jacquet-hez (Stade Rennais &#8211; 63, 6 milli\u00f3 eur\u00f3) csatlakoztak, mint ny\u00e1ri \u00e9rkez\u0151k.<\/p>\n<p>                        <img decoding=\"async\" id=\"kep_szerkfoto_image_71375583\" src=\"https:\/\/www.europesays.com\/hu\/wp-content\/uploads\/2026\/09\/71375583_5263185_94390e6cf07c93ab0f64c952bec2eb1d_wm.jpg\" loading=\"lazy\" alt=\"Bradley Barcola szerz\u0151d\u00e9se al\u00e1\u00edr\u00e1sakor 2026. augusztus 30-\u00e1n a Liverpool edz\u0151k\u00f6zpontj\u00e1ban\" data-image_width=\"758\" data-image_height=\"428\"\/>Bradley Barcola szerz\u0151d\u00e9se al\u00e1\u00edr\u00e1sakor 2026. augusztus 30-\u00e1n a Liverpool edz\u0151k\u00f6zpontj\u00e1ban<\/p>\n<p>Fot\u00f3: Liverpool FC \/ Getty Images<\/p>\n<p>Viszont a legt\u00f6bb szurkol\u00f3 t\u00f6bb er\u0151s\u00edt\u00e9st v\u00e1rt volna az instabil l\u00e1bakon \u00e1ll\u00f3 v\u00e9delembe. A csapatkapit\u00e1ny Virgil van Dijk m\u00e1r 35 \u00e9ves, a 20 \u00e9ves Jacquet pedig egy komolyabb v\u00e1lls\u00e9r\u00fcl\u00e9sb\u0151l t\u00e9rt vissza, m\u00edg a kispadon a t\u00e9rdszalag-szakad\u00e1sb\u00f3l fel\u00e9p\u00fcl\u0151, 19 \u00e9ves Giovanni Leoni, az eg\u00e9sz p\u00e1lyafut\u00e1sa alatt s\u00e9r\u00fcl\u00e9sekkel k\u00fcszk\u00f6d\u0151 Joe Gomez, illetve a Barcelon\u00e1ban a v\u00e9delmi rangsor h\u00e1tulj\u00e1ra szorul\u00f3, k\u00f6lcs\u00f6nbe \u00e9rkez\u0151 Ronald Ara\u00fajo el\u00e9rhet\u0151 m\u00e9g.<\/p>\n<p>Nagy \u00e1talakul\u00e1son ment kereszt\u00fcl a ny\u00e1ron a Manchester City, Pep Guardiola t\u00edz \u00e9v ut\u00e1n t\u00e1vozott a kispadr\u00f3l, m\u00edg a keretbe t\u00f6bbek k\u00f6z\u00f6tt olyan j\u00e1t\u00e9kosok \u00e9rkeztek, mint a 23 \u00e9ves Elliot Anderson a Notthingam Forestt\u0151l (135 milli\u00f3 eur\u00f3). De a k\u00f6z\u00e9pp\u00e1lya \u00fajraszab\u00e1sa nem \u00e9rt itt v\u00e9get, megszerezt\u00e9k a vb-n a marokk\u00f3i v\u00e1logatottban is alapembernek sz\u00e1m\u00edt\u00f3, 18 \u00e9ves Ajjub Buaddit (Lille &#8211; 95 milli\u00f3 eur\u00f3) \u00e9s a Chelsea vil\u00e1gbajnok argentin j\u00e1t\u00e9kos\u00e1t, Enzo Fernandezt (145 milli\u00f3 eur\u00f3), m\u00edg a t\u00e1mad\u00f3szekci\u00f3ba a brazil Palmeriasb\u00f3l a 22 \u00e9ves Allan (37,5 milli\u00f3 eur\u00f3) \u00e9s az Evertonb\u00f3l Iliman Ndiaye (70 milli\u00f3 eur\u00f3) \u00e9rkezett.<\/p>\n<p>Fernandez \u00e9rkez\u00e9se egyben a brit rekord\u00f6sszeg be\u00e1ll\u00edt\u00e1s\u00e1t is jelentette, tavaly Alexander Isak\u00e9rt fizetett 145 milli\u00f3 eur\u00f3t a Liverpool.<\/p>\n<p>A City emellett \u00f6sszesen 526 milli\u00f3 eur\u00f3t fizetett a ny\u00e1ron j\u00e1t\u00e9kosok\u00e9rt, amivel megd\u00f6nt\u00f6tte a tavaly Liverpool \u00e1ltal fel\u00e1ll\u00edtott 483 milli\u00f3s rekordot, m\u00e1r ami egy klub k\u00f6lt\u00e9s\u00e9t illeti egy \u00e1tigazol\u00e1si ablakban.<\/p>\n<p>Nem sp\u00f3rolt a p\u00e9nzzel az el\u0151z\u0151 id\u00e9nyben az eur\u00f3pai kup\u00e1kr\u00f3l lecs\u00fasz\u00f3\u00a0Chelsea (406 milli\u00f3 eur\u00f3) \u00e9s a Tottenham (366 milli\u00f3 eur\u00f3) sem. El\u0151bbi 138 milli\u00f3 eur\u00f3t rakott le az asztalra az Aston Vill\u00e1nak a t\u00e1mad\u00f3 k\u00f6z\u00e9pp\u00e1ly\u00e1s Morgan Rogers\u00e9rt, aki minden id\u0151k legdr\u00e1g\u00e1bb angol j\u00e1t\u00e9kosa lett \u00e1rc\u00e9dul\u00e1j\u00e1val. A tov\u00e1bbi t\u00edz \u00e9rkez\u0151b\u0151l m\u00e9g h\u00e1rom j\u00e1t\u00e9kos v\u00e9tel\u00e1ra \u00e9ri el legal\u00e1bb az 50 milli\u00f3 eur\u00f3t (Maxence Lacroix \u2013 Crystal Palace 60,7 milli\u00f3, Marco Palestra \u2013 Atalanta 57 milli\u00f3 \u00e9s\u00a0Geovany\u00a0Quenda \u2013 Sporting 50 milli\u00f3), mik\u00f6zben \u00f6sszesen 273 milli\u00f3 eur\u00f3s bev\u00e9tel gener\u00e1ltak elad\u00e1sokb\u00f3l a\u00a0\u201ek\u00e9kek\u201c.<\/p>\n<p>A Tottenham sorozatban k\u00e9tszer v\u00e9gzett a 17. helyen a bajnoks\u00e1gban, ennek ellen\u00e9re (avagy pont ez\u00e9rt) klubrekordnak megfelel\u0151 \u00f6sszeget k\u00f6lt\u00f6tt j\u00e1t\u00e9kosokra. A k\u00f6z\u00e9pp\u00e1ly\u00e1ra a Newcastle-b\u0151l a 26 \u00e9ves Sandro Tonalit (108 milli\u00f3 eur\u00f3), m\u00edg a West Hamb\u0151l a 21 esztend\u0151s Mateus Fernandest (99 milli\u00f3 eur\u00f3) szerezt\u00e9k meg, a v\u00e9delembe a Brightonb\u00f3l Jan Paul van Hecke (60 milli\u00f3 eur\u00f3), a Chelseab\u0151l Tosin Adarabioyo (11,6 milli\u00f3 eur\u00f3) a Liverpoolb\u00f3l t\u00e1voz\u00f3 Andy Robertson \u00e9s bournemouth-i Marcos Senesi (mindketten ingyen) \u00e9rkezett, m\u00edg a t\u00e1mad\u00f3sort a Manchester City k\u00e9t sz\u00e9ls\u0151j\u00e9vel, S\u00e1vi\u00f3val (87,7 milli\u00f3 eur\u00f3) \u00e9s Omar Marmussal (k\u00f6lcs\u00f6n) valamint a chelsea-s Mihajlo Mudrikkal (k\u00f6lcs\u00f6n) er\u0151s\u00edtett\u00e9k meg.<\/p>\n<p>A Manchester United 200 milli\u00f3 eur\u00f3 alatt k\u00f6lt\u00f6tt a ny\u00e1ron, mindh\u00e1rom \u00e9rkez\u0151je a k\u00f6z\u00e9pp\u00e1ly\u00e1t h\u00edvatott meger\u0151s\u00edteni, A 22 \u00e9ves Carlos Baleb\u00e1val (Brighton \u2013 75,9 milli\u00f3 eur\u00f3) \u00e9s Andrey Santosszal (Chelsea \u2013 56,3 milli\u00f3 eur\u00f3) hossz\u00fa t\u00e1von sz\u00e1molhatnak a \u201ev\u00f6r\u00f6s \u00f6rd\u00f6g\u00f6k\u201d, m\u00edg a Vill\u00e1b\u00f3l \u00e9rkez\u0151 29 Youri Tielemans ink\u00e1bb a k\u00f6vetkez\u0151 \u00e9vekre jelenthet seg\u00edts\u00e9get Michael Carrick vezet\u0151edz\u0151nek.<\/p>\n<p>Persze az elad\u00f3klubok k\u00f6z\u00f6tt a cikk sor\u00e1n t\u00f6bbsz\u00f6r eml\u00edtett Newcastle-r\u0151l (313 milli\u00f3 eur\u00f3)\u00a0\u00e9s az Aston Vill\u00e1r\u00f3l\u00a0(300 milli\u00f3) sem szabad megfeledkezni, b\u00e1r egyik g\u00e1rda sem ment 60 milli\u00f3 f\u00f6l\u00e9 az egy j\u00e1t\u00e9kos\u00e9rt fizetett d\u00edj eset\u00e9ben, mindkett\u0151 a m\u00e1r eml\u00edtett \u201et\u00edzes list\u00e1ban\u201d foglal helyet. A \u201eszark\u00e1k\u201d legdr\u00e1g\u00e1bb igazol\u00e1sa a Lille-b\u0151l szerzett belga t\u00e1mad\u00f3, Matias Fernandez-Pardo\u00a0volt, m\u00edg az El-gy\u0151ztes birminghamiek a legt\u00f6bb p\u00e9nzt a Sv\u00e1jccal vb-t is megj\u00e1r\u00f3, 20 \u00e9ves Johan Manzambi\u00e9rt tett\u00e9k le az asztalra.<\/p>\n<p>                        A t\u00f6bbi topliga visszafogottabban v\u00e1s\u00e1rolt a piacon, b\u00e1r a Real Madridnak \u00e9s a Barcelon\u00e1nak is akadt nagy dob\u00e1sa<\/p>\n<p>De t\u00e9rj\u00fcnk is \u00e1t a spanyol bajnoks\u00e1gra, azon bel\u00fcl is a La Liga k\u00e9t gig\u00e1sz\u00e1ra. A Hansi Flick vezette Barcelona m\u00e9g m\u00e1jusban csapott le\u00a0Anthony Gordonra, a Newcastle angol v\u00e1logatott t\u00e1mad\u00f3j\u00e1ra 80 milli\u00f3 eur\u00f3\u00e9rt, m\u00edg a vil\u00e1gbajnoks\u00e1got k\u00f6vet\u0151en a sok\u00e1ig Real Madriddal is \u00f6sszeboron\u00e1lt, 2024-ben Aranylabd\u00e1t nyer\u0151 Rodrit (60 milli\u00f3 eur\u00f3) igazolta le, valamint az els\u0151 csapat szempontj\u00e1b\u00f3l m\u00e9g a Dortmundban kegyvesztett\u00e9 v\u00e1lt Karim Adeyemi (22 millli\u00f3 eur\u00f3) \u00e9rkez\u00e9s\u00e9rt \u00e9rdemes m\u00e9g megeml\u00edteni Lamine Yamal alternat\u00edv\u00e1jak\u00e9nt.<\/p>\n<p>Persze a \u201ekir\u00e1lyi g\u00e1rda\u201d sem t\u00e9tlenkedett. <a href=\"https:\/\/index.hu\/sport\/futball\/2026\/08\/21\/jose-mourinho-real-madrid-visszateres-balhe\/\" id=\"hyperlink_86cf938d5c0f62b23aa2018aaab7a5e0\" target=\"_blank\" title=\"\u00c1rul\u00e1s, tot\u00e1lis h\u00e1bor\u00fa, szemen nyom\u00e1s \u2013 Jos\u00e9 Mourinho els\u0151 madridi korszak\u00e1nak legnagyobb botr\u00e1nyai\" data-recommendation=\"bekezdes_utan\" data-recommendation-preview=\"{&quot;og:title&quot;:&quot;\u00c1rul\u00e1s, tot\u00e1lis h\u00e1bor\u00fa, szemen nyom\u00e1s \u2013 Jos\u00e9 Mourinho els\\u0151 madridi korszak\u00e1nak legnagyobb botr\u00e1nyai&quot;,&quot;og:description&quot;:&quot;Hatalmi j\u00e1tszm\u00e1k cinc\u00e1lt\u00e1k sz\u00e9t a klubot&quot;,&quot;og:image&quot;:&quot;\\\/\\\/kep.cdn.indexvas.hu\\\/1\\\/0\\\/7110\\\/71107\\\/711076\\\/71107621_5244005_48b7294879b524ce0e4f48b8d63ec9ed_wm.jpg&quot;}\" data-recommendation-id=\"6265309\" rel=\"nofollow noopener\">Jos\u00e9 Mourinho \u00e9rkez\u00e9s\u00e9vel r\u00e9gi-\u00faj korszak kezd\u0151d\u00f6tt<\/a> a spanyol f\u0151v\u00e1rosban, ahol kis h\u00edj\u00e1n klubrekordot jelent\u0151 \u00f6sszeg\u00e9rt igazolt\u00e1k le az RB Leipzigt\u0151l a 19 \u00e9ves Yan Diomand\u00e9t 125 milli\u00f3 eur\u00f3\u00e9rt (mind\u00f6ssze Jude Bellingham el\u0151zi meg az elef\u00e1ntcsontpartit k\u00e9tmilli\u00f3val). A v\u00e9delemb\u0151l t\u00e1voz\u00f3 Daniel Carvajal, David Alaba (mindkett\u0151nek lej\u00e1rt a szerz\u0151d\u00e9se) \u00e9s Fran Garc\u00eda (Real Betis \u2013 4 milli\u00f3 eur\u00f3) hely\u00e9t a szint\u00e9n friss vb-gy\u0151ztes Marc Cucurella (Chelsea \u2013 55 milli\u00f3 eur\u00f3), a holland Denzel Dumfries (Inter \u2013 20 milli\u00f3 eur\u00f3) \u00e9s Ibrahima Konat\u00e9 (Liverpool \u2013 ingyen) veszi \u00e1t a csapatban, m\u00edg a k\u00f6z\u00e9pp\u00e1ly\u00e1n Bernardo Silv\u00e1t\u00f3l (Manchester City \u2013 ingyen), a t\u00e1mad\u00f3sorban pedig a 21 \u00e9ves Carlos Esp\u00edt\u0151l (Levante \u2013 25 milli\u00f3 eur\u00f3) v\u00e1rnak j\u00f3 teljes\u00edtm\u00e9nyt.<\/p>\n<p>                        <img decoding=\"async\" id=\"kep_szerkfoto_image_71375623\" src=\"https:\/\/www.europesays.com\/hu\/wp-content\/uploads\/2026\/09\/71375623_5263187_6f2beef3aac57b925c4282e637e07e0c_wm.jpg\" loading=\"lazy\" alt=\"Sokat v\u00e1rnak Madridban a 19 \u00e9ves Yan Diomand\u00e9t\u00f3l\" data-image_width=\"758\" data-image_height=\"428\"\/><\/p>\n<p>Sokat v\u00e1rnak Madridban a 19 \u00e9ves Yan Diomand\u00e9t\u00f3l<\/p>\n<p>Az \u00f6sszesen 755 milli\u00f3 eur\u00f3t elk\u00f6lt\u0151 spanyol \u00e9lvonalban m\u00e9g az Atl\u00e9tico Madridra \u00e9rdemes kit\u00e9rni. A \u201ematracosok\u201d 40 milli\u00f3 eur\u00f3t fizettek a Sporting 27 \u00e9ves k\u00f6z\u00e9pp\u00e1ly\u00e1s\u00e1\u00e9rt, Morten Hjulmand\u00e9rt, valamint leigazolt\u00e1k a d\u00e9l-koreai Li Kangint (PSG \u2013 35 milli\u00f3 eur\u00f3), az argentin\u00a0Cristian Romer\u00f3t (Tottenham \u2013 33 milli\u00f3 eur\u00f3) \u00e9s a spanyol Alejandro Grimald\u00f3t (Bayer Leverkusen &#8211; 15 milli\u00f3 eur\u00f3) is.<\/p>\n<p>Mindezek ellen\u00e9re a madridiakkal kapcsolatos h\u00edrek legink\u00e1bb Juli\u00e1n \u00c1lvarez t\u00e1voz\u00e1s\u00e1r\u00f3l sz\u00f3ltak, a vil\u00e1gbajnok argentin ugyanis a Barcelon\u00e1n\u00e1l akarta folytatni a p\u00e1lyafut\u00e1s\u00e1t, amibe az Atl\u00e9ti vezet\u0151s\u00e9ge nem ment bele. Ugyan az Arsenal k\u00e9szen lett volna t\u00f6bb mint 100 milli\u00f3 eur\u00f3t is letenni az asztalra a 26 \u00e9ves, bal sz\u00e9len is bevethet\u0151 csat\u00e1r\u00e9rt, de a kor\u00e1bban Manchester Cityt is megj\u00e1r\u00f3 j\u00e1t\u00e9kos szemei el\u0151tt csak a gr\u00e1n\u00e1tv\u00f6r\u00f6s-k\u00e9kek lebegtek, \u00edgy v\u00e9g\u00fcl maradt a spanyol f\u0151v\u00e1rosban.<\/p>\n<p>Kanyarodjunk \u00e1t Olaszorsz\u00e1gba, ahol \u00f6sszesen 1,16 milli\u00e1rd eur\u00f3t utaltak el a csapatok \u00e1tigazol\u00e1sokra. A legnagyobb k\u00f6ltekez\u00e9st az AC Milannal l\u00e1thattuk, a \u201erossoneri\u201d t\u00f6bbek k\u00f6z\u00f6tt a portug\u00e1l t\u00e1mad\u00f3val,\u00a0Goncalo Ramossal\u00a0(PSG \u2013 74 milli\u00f3 eur\u00f3), a belga Diego Moreir\u00e1val (Strasbourg \u2013 50 milli\u00f3 eur\u00f3) \u00e9s a spanyol Mario Gil\u00e1val (Lazio \u2013 30 milli\u00f3 eur\u00f3) rohamozna a bajnoki c\u00edm fel\u00e9, m\u00edg a c\u00edmv\u00e9d\u0151 Inter a liverpooli Curtis Jones \u00e9s Tottenhamn\u00e9l futballoz\u00f3 Djed Spence szem\u00e9ly\u00e9ben k\u00e9t angol v\u00e1logatottat zsebelt be fejenk\u00e9nt 30 milli\u00f3 eur\u00f3\u00e9rt, mik\u00f6zben a 20 esztend\u0151s Alekszandar Sztankovics (Club Brugge) 23 milli\u00f3 eur\u00f3 ellen\u00e9ben csatlakozott Mil\u00e1n\u00f3 fekete-k\u00e9k\u00a0fel\u00e9be.<\/p>\n<p>                        <img decoding=\"async\" id=\"kep_szerkfoto_image_71375739\" src=\"https:\/\/www.europesays.com\/hu\/wp-content\/uploads\/2026\/09\/71375739_5263195_664dc20f7366f74abf212e551836c8ad_wm.jpg\" loading=\"lazy\" alt=\"Klubrekordnak megfelel\u0151 \u00f6sszeget fizetett az AC Milan Goncalo Ramos\u00e9rt, akit\u0151l els\u0151sorban g\u00f3lokat v\u00e1rnak a csapatn\u00e1l\" data-image_width=\"758\" data-image_height=\"428\"\/>Klubrekordnak megfelel\u0151 \u00f6sszeget fizetett az AC Milan Goncalo Ramos\u00e9rt, akit\u0151l els\u0151sorban g\u00f3lokat v\u00e1rnak a csapatn\u00e1l<\/p>\n<p>Fot\u00f3: Nicol\u00f2 Campo \/ Getty Images<\/p>\n<p>A Napolin\u00e1l a Manchester Unitedben szenved\u0151 Rasmus H\u00f6jlund (44 milli\u00f3 eur\u00f3) volt a legnagyobb \u00e9rkez\u0151, m\u00edg a Bajnokok Lig\u00e1j\u00e1ba h\u00e9t \u00e9v visszat\u00e9r\u0151 AS Roma olyan j\u00e1t\u00e9kosokkal er\u0151s\u00edtette meg keret\u00e9t, mint p\u00e9ld\u00e1ul a 21 \u00e9ves argentin csat\u00e1r, Santiago Castro (Bologna \u2013 36 milli\u00f3 eur\u00f3), 19 \u00e9ves t\u00e1mad\u00f3 k\u00f6z\u00e9pp\u00e1ly\u00e1s Rodrigo Mora (Porto \u2013 25 milli\u00f3 eur\u00f3), valamint v\u00e9gleges\u00edtett\u00e9k az Aston Vill\u00e1t\u00f3l f\u00e9l \u00e9vre \u00e9rkez\u0151 holland csat\u00e1r,\u00a0Donyell Malen k\u00f6lcs\u00f6n\u00e9t (25 milli\u00f3 eur\u00f3).<\/p>\n<p>A csup\u00e1n Eur\u00f3pa-lig\u00e1ban indul\u00f3 Juventus is kinyitotta a p\u00e9nzt\u00e1rc\u00e1t, megvett\u00e9k a 26 \u00e9ves belga Lois Opend\u00e1t (RB Leipzig \u2013 42.75 milli\u00f3 eur\u00f3), akihez a t\u00e1mad\u00f3sorba a 27 \u00e9ves francia Randal Kolo Muani (PSG \u2013 41,20 milli\u00f3 eur\u00f3) \u00e9s a bosny\u00e1kok 18 \u00e9ves rem\u00e9nys\u00e9ge Kerim Alajbegovic (Bayer Leverkusen \u2013 32 milli\u00f3 eur\u00f3) csatlakozik m\u00e9g. A t\u00f6rt\u00e9nete els\u0151 BL-indul\u00e1s\u00e1t kiharcol\u00f3 Como nem robbantott bankot, egy fontosabb \u00e9rkez\u0151vel (Trevoh Chalobah \u2013 Chelsea, 30 milli\u00f3 eur\u00f3)\u00a0fut neki a megn\u00f6vekedett terhel\u00e9s\u0171 szezonnak Cesc Fabregas vezet\u00e9s\u00e9vel.<\/p>\n<p>A Bundeslig\u00e1ban (781 milli\u00f3 eur\u00f3s k\u00f6ltekez\u00e9s) csup\u00e1n h\u00e9t j\u00e1t\u00e9kos \u00e1ra l\u00e9pte t\u00fal a 25 milli\u00f3s \u00e1tigazol\u00e1si \u00f6sszeget, ebb\u0151l ketten a Bayern M\u00fcnchenhez (Iszmael Szaibari \u2013 PSV, 50 milli\u00f3 eur\u00f3 \u00e9s Nathaniel Brown, Frankfurt, 50 milli\u00f3 eur\u00f3), tov\u00e1bbi k\u00e9t j\u00e1t\u00e9kos a Dortmundhoz (Konsztantinosz Karecasz \u2013 Genk, 30 milli\u00f3 eur\u00f3 \u00e9s Jannisz Konsztanteliasz \u2013 PAOK, 26 milli\u00f3 eur\u00f3), h\u00e1rom pedig a Bayer Leverkusenhez (Afonso Moreira \u2013 Lyon, 29,5 milli\u00f3 eur\u00f3, Moussa Diaby\u00a0\u2013 al-Ittihad, 28 milli\u00f3 eur\u00f3 \u00e9s Miguel Guti\u00e9rrez \u2013 Napoli, 26 milli\u00f3 eur\u00f3) csatlakozott. Az RB Leipzig csup\u00e1n 63 milli\u00f3 eur\u00f3t k\u00f6lt\u00f6tt a piacon, de k\u00f6zben 172,75 milli\u00f3\u00e9rt adta tov\u00e1bb futballist\u00e1it.<\/p>\n<p>Franciaorsz\u00e1gban ahogy az szokott lenni, az elad\u00e1sra f\u00f3kusz\u00e1ltak a csapatok, a Ligue 1-ben \u00f6sszesen 1,3 milli\u00e1rd eur\u00f3\u00e9rt \u00e9rt\u00e9kes\u00edtettek j\u00e1t\u00e9kosokat (csup\u00e1n 605 milli\u00f3\u00e9rt vettek futballist\u00e1kat), amivel a Premier League m\u00f6g\u00f6tt magabiztosan tartott\u00e1k m\u00e1sodik hely\u00fcket a k\u00e9pzeletbeli list\u00e1n. A Strasbourg 200 milli\u00f3 eur\u00f3t,\u00a0Lille 162,5 milli\u00f3t,\u00a0a Monaco 104 milli\u00f3t, m\u00edg a Stade Rennais 96 milli\u00f3t gy\u0171jt\u00f6tt be j\u00e1t\u00e9kosai\u00e9rt.<\/p>\n<p>A legnagyobb bev\u00e9tel (334 milli\u00f3) \u00e9s a legt\u00f6bb k\u00f6ltekez\u00e9s (152 milli\u00f3) is az elm\u00falt k\u00e9t \u00e9vben BL-t nyer\u0151 Paris Saint-Germainhez k\u00f6thet\u0151. A f\u0151v\u00e1rosiak az eml\u00edtett Barcola, Ramos, Kolo Muani \u00e9s Li Kangin mellett a 18 \u00e9ves Ibrahim Mbay\u00e9t is \u00e9rt\u00e9kk\u00e9 tett\u00e9k 55 milli\u00f3 eur\u00f3\u00e9rt az Aston Vill\u00e1nak, m\u00edg az \u00e9rkez\u0151k oldal\u00e1n a jobbsz\u00e9ls\u0151 Maghnes Akliouche (Monaco \u2013 50 milli\u00f3 eur\u00f3), az idei vb-d\u00f6nt\u0151ben gy\u0151ztes g\u00f3lt szerz\u0151 Ferran Torres (Barcelona \u2013 48,5 milli\u00f3 eur\u00f3), a balsz\u00e9ls\u0151 Mika Godts (Ajax \u2013 45 milli\u00f3 eur\u00f3) \u00e9s a 33 \u00e9ves francia Lucas Digne (Aston Villa \u2013 7 milli\u00f3 eur\u00f3) a balbekk poz\u00edci\u00f3ba.<\/p>\n<p>                        <img decoding=\"async\" id=\"kep_szerkfoto_image_71375791\" src=\"https:\/\/www.europesays.com\/hu\/wp-content\/uploads\/2026\/09\/71375791_5263199_c3727484f5dacd628245c709e7254366_wm.jpg\" loading=\"lazy\" alt=\"Nem lett gyeng\u00e9bb a Ferr\u00e1n Torresszel (a k\u00e9pen) kib\u0151v\u00fcl\u0151, t\u00f6bbek k\u00f6z\u00f6tt Ousmane Demb\u00e9l\u00e9t, D\u00e9sire Dou\u00e9t, Hvicsa Kvaracheli\u00e1t is felvonultat\u00f3 PSG-t\u00e1mad\u00f3sor\" data-image_width=\"759\" data-image_height=\"428\"\/>Nem lett gyeng\u00e9bb a Ferr\u00e1n Torresszel (a k\u00e9pen) kib\u0151v\u00fcl\u0151, t\u00f6bbek k\u00f6z\u00f6tt Ousmane Demb\u00e9l\u00e9t, D\u00e9sire Dou\u00e9t, Hvicsa Kvaracheli\u00e1t is felvonultat\u00f3 PSG-t\u00e1mad\u00f3sor<\/p>\n<p>Fot\u00f3: Franco Arland \/ Getty Images<\/p>\n<p>\u00c9rdekess\u00e9g, a Premier League \u00f6sszes\u00edt\u00e9sben t\u00f6bb p\u00e9nzt k\u00f6lt\u00f6tt el (4,12 milli\u00e1rd eur\u00f3) a piacon, mint a marad\u00e9k n\u00e9gy topliga (3,3 milli\u00e1rd) egy\u00fcttv\u00e9ve.<\/p>\n<p>A sza\u00fadi csapatok id\u00e9n nem rohamozt\u00e1k meg annyira a elitklubokat. Az al-Hilalhoz Crysencio Summerville (West Ham United \u2013 64,5 milli\u00f3 eur\u00f3), Ollie Watkins (Aston Villa \u2013 58,4 milli\u00f3 eur\u00f3) \u00e9rkezett, valamint a napokban bejelenthetik\u00a0Gabriel Martinelli\u00a0(Arsenal \u2013 nagyj\u00e1b\u00f3l 70 milli\u00f3 eur\u00f3) megszerz\u00e9s\u00e9t is. Az al-Kvadszija Tijjani Reijnderst (Manchester City \u2013 61 milli\u00f3 eur\u00f3), az al-Ahli pedig Francisco Trinca\u00f3t (40 milli\u00f3 eur\u00f3)\u00a0igazolta le.<\/p>\n<p>Magyar szempontb\u00f3l pedig meg kell eml\u00edteni Gul\u00e1csi P\u00e9ter\u00a0(1,5 milli\u00f3) igazol\u00e1s\u00e1t a Bajnokok Lig\u00e1ja-szerepl\u0151 Villarrealba, ahol egyel\u0151re cserek\u00e9nt sz\u00e1molnak a 36 \u00e9ves h\u00e1l\u00f3\u0151rrel, m\u00edg Balogh Botond az olasz Parm\u00e1b\u00f3l a belga Westerl\u00f3hoz igazolt 500 ezer eur\u00f3\u00e9rt.\u00a0\u00a0Az \u00e9szak-amerikai MLS-ben szerepl\u0151 Gazdag D\u00e1niel a Columbus Crewb\u00f3l a New England Revolutionh\u00f6z szerz\u0151d\u00f6tt, m\u00edg a Barcelona kapusa, Yaakobishvil \u00c1ron a spanyol m\u00e1sodik vonalban szerepl\u0151 Almer\u00ed\u00e1hoz ker\u00fclt k\u00f6lcs\u00f6nbe.<\/p>\n<p>Az angol m\u00e1sodoszt\u00e1ly\u00fa Blackburnben szerepl\u0151 T\u00f3th Bal\u00e1zs \u00e1tigazol\u00e1si dr\u00e1m\u00e1ja v\u00e9g\u00fcl nem old\u00f3dott meg. A 28 \u00e9ves j\u00e1t\u00e9kos eset\u00e9ben a Celticr\u0151l cikkeztek a lapok, \u00e1m a sk\u00f3t csapat nem volt hajland\u00f3 kifizetni a 4 milli\u00f3s \u00e1tigazol\u00e1si d\u00edjat T\u00f3th\u00e9rt, aki \u00edgy maradt jelenlegi csapat\u00e1ban.<\/p>\n<p>A t\u00f6bbi magyar transzferrel r\u00e9szletesen majd az NB I-re f\u00f3kusz\u00e1l\u00f3 cikk\u00fcnkben foglalkozunk.<\/p>\n<p>\n                          Az \u00e1tigazol\u00e1si d\u00edjakat a <a href=\"https:\/\/www.transfermarkt.com\/\" id=\"hyperlink_1894021553e9df2dca32bff54edfefd5\" rel=\"nofollow noopener\" target=\"_blank\">transfermarkt.com<\/a> nev\u0171 oldal alapj\u00e1n sz\u00e1moltuk.\n                        <\/p>\n<p>(Bor\u00edt\u00f3k\u00e9p:\u00a0 \u00a0Enzo Fern\u00e1ndez Londonban 2026. augusztus 15-\u00e9n. Fot\u00f3: Ryan Pierse \/ Getty Images)<\/p>\n<p><a href=\"https:\/\/dex.hu\/x.php?id=googlepref_desktop&amp;url=https:\/\/google.com\/preferences\/source?q=https:\/\/index.hu\" class=\"google-pref-banner \" id=\"googlePrefBanner\" rel=\"nofollow noopener\" target=\"_blank\"><\/p>\n<p>    Itt \u00e1ll\u00edtsa be, hogy az Index az els\u0151k k\u00f6z\u00f6tt legyen a Google-tal\u00e1latokban!<\/p>\n<p><\/a><\/p>\n<p>                <a href=\"https:\/\/konyvek.index.hu\/\" target=\"_blank\" rel=\"nofollow noopener\"><br \/>\n                <img decoding=\"async\" src=\"https:\/\/index.hu\/assets\/images\/konyvajanlo\/book_indapress\/book_indapress_logo.svg\" loading=\"lazy\" alt=\"Inda Press Kiad\u00f3\"\/><br \/>\n                <\/a><\/p>\n<p>                <img decoding=\"async\" src=\"https:\/\/www.europesays.com\/hu\/wp-content\/uploads\/2026\/09\/1788376936_997_rossi.png\" loading=\"lazy\" alt=\"Rossi\"\/><\/p>\n<p>Ismerd meg a magyar labdar\u00fag\u00e1s h\u0151s\u00e9nek eml\u00e9kezetes pillanatait!<br \/>Folytassa, Mister!<\/p>\n<p>                <a class=\"book_index_btn\" href=\"https:\/\/indexadhu.hit.gemius.pl\/hitredir\/id=nSCbubuYpDWJZLZs0TssLrbt33Lk5kbipuiZrkg89G3.g7\/stparam=uciklwjurk\/fastid=efdamtuhsxcjschvtzobuxredglq\/nc=0\/url=https:\/\/www.indapresskiado.hu\/products\/marco-rossi?_pos=1&amp;_psq=rossi&amp;_ss=e&amp;_v=1.0\" target=\"_blank\" rel=\"nofollow noopener\">MEGVESZEM<\/a><\/p>\n<p>    <img loading=\"lazy\" decoding=\"async\" src=\"https:\/\/www.europesays.com\/hu\/wp-content\/uploads\/2026\/09\/1788376938_874_nc=0.gif\" border=\"0\" height=\"0\" width=\"0\"\/><\/p>\n<p>    <img decoding=\"async\" src=\"https:\/\/index.hu\/assets\/images\/social-follow\/logo-big.svg\" alt=\"Index.hu logo\"\/><\/p>\n<p>K\u00f6vesse az Indexet Facebookon is!<\/p>\n<p>    <a href=\"https:\/\/facebook.com\/Indexhu\" target=\"_blank\" rel=\"nofollow noopener\"><\/p>\n<p>        K\u00f6vetem!<br \/>\n    <\/a><\/p>\n","protected":false},"excerpt":{"rendered":"A ny\u00e1r utols\u00f3 napjai a legt\u00f6bb ember sz\u00e1m\u00e1ra a nagy k\u00e1nikula v\u00e9g\u00e9t jelenti, \u00e1m a futballrajong\u00f3knak is fontos&hellip;\n","protected":false},"author":2,"featured_media":230397,"comment_status":"","ping_status":"","sticky":false,"template":"","format":"standard","meta":{"footnotes":"","_share_on_mastodon":"0"},"categories":[33],"tags":[8803,3172,7915,7103,60955,4522,1770,5078,4402,7353,38,553,35,37,44,42,40,4397,4400,502,1028,43,41,2311,1815,2719,34,1813,10000,2310,45,36,3174,39],"class_list":["post-230396","post","type-post","status-publish","format-standard","has-post-thumbnail","category-hirek","tag-ac-milan","tag-arsenal","tag-as-roma","tag-aston-villa","tag-atigazolasi-idoszak","tag-atletico-madrid","tag-barcelona","tag-bayern-munchen","tag-borussia-dortmund","tag-chelsea","tag-focimek","tag-futball","tag-headlines","tag-hirek","tag-hu","tag-hungarian","tag-hungary","tag-inter","tag-juventus","tag-labdarugas","tag-liverpool","tag-magyar","tag-magyarorszag","tag-manchester-city","tag-manchester-united","tag-newcastle-united","tag-news","tag-paris-saint-germain","tag-psg","tag-real-madrid","tag-sport","tag-top-stories","tag-tottenham","tag-vezeto-hirek"],"share_on_mastodon":{"url":"https:\/\/pubeurope.com\/@hu\/117203078799329433","error":""},"_links":{"self":[{"href":"https:\/\/www.europesays.com\/hu\/wp-json\/wp\/v2\/posts\/230396","targetHints":{"allow":["GET"]}}],"collection":[{"href":"https:\/\/www.europesays.com\/hu\/wp-json\/wp\/v2\/posts"}],"about":[{"href":"https:\/\/www.europesays.com\/hu\/wp-json\/wp\/v2\/types\/post"}],"author":[{"embeddable":true,"href":"https:\/\/www.europesays.com\/hu\/wp-json\/wp\/v2\/users\/2"}],"replies":[{"embeddable":true,"href":"https:\/\/www.europesays.com\/hu\/wp-json\/wp\/v2\/comments?post=230396"}],"version-history":[{"count":0,"href":"https:\/\/www.europesays.com\/hu\/wp-json\/wp\/v2\/posts\/230396\/revisions"}],"wp:featuredmedia":[{"embeddable":true,"href":"https:\/\/www.europesays.com\/hu\/wp-json\/wp\/v2\/media\/230397"}],"wp:attachment":[{"href":"https:\/\/www.europesays.com\/hu\/wp-json\/wp\/v2\/media?parent=230396"}],"wp:term":[{"taxonomy":"category","embeddable":true,"href":"https:\/\/www.europesays.com\/hu\/wp-json\/wp\/v2\/categories?post=230396"},{"taxonomy":"post_tag","embeddable":true,"href":"https:\/\/www.europesays.com\/hu\/wp-json\/wp\/v2\/tags?post=230396"}],"curies":[{"name":"wp","href":"https:\/\/api.w.org\/{rel}","templated":true}]}}