{"id":230428,"date":"2026-09-02T19:49:08","date_gmt":"2026-09-02T19:49:08","guid":{"rendered":"https:\/\/www.europesays.com\/hu\/230428\/"},"modified":"2026-09-02T19:49:08","modified_gmt":"2026-09-02T19:49:08","slug":"gazdasag-a-valasztasok-elott-uj-magassagokba-jutott-a-korrupciogyanus-szerzodesek-aranya","status":"publish","type":"post","link":"https:\/\/www.europesays.com\/hu\/230428\/","title":{"rendered":"Gazdas\u00e1g: A v\u00e1laszt\u00e1sok el\u0151tt \u00faj magass\u00e1gokba jutott a korrupci\u00f3gyan\u00fas szerz\u0151d\u00e9sek ar\u00e1nya"},"content":{"rendered":"<p>A v\u00e1laszt\u00e1sok el\u0151tt, 2026 els\u0151 fel\u00e9ben jelent\u0151sen n\u0151tt azoknak a k\u00f6zbeszerz\u00e9seknek a sz\u00e1ma, ahol az Orb\u00e1n-rendszer legnagyobb oligarch\u00e1inak c\u00e9gei verseny n\u00e9lk\u00fcl nyertek \u2013 der\u00fcl ki a Korrupci\u00f3kutat\u00f3 Int\u00e9zet Budapest (CRBC) \u00e1ltal <a href=\"https:\/\/www.crcb.eu\/wp-content\/uploads\/2026\/09\/2026_crcb_statistical_flash_report_hu_03_310826_03.pdf\" target=\"_blank\" rel=\"nofollow noopener\">k\u00f6zz\u00e9tett 50 oldalas gyorsjelent\u00e9sb\u0151l<\/a>, amib\u0151l a <a href=\"https:\/\/nepszava.hu\/3332107_kimaxoltak-a-korrupciot-a-valasztasok-elott-a-ner-cegek\" target=\"_blank\" rel=\"nofollow noopener\">N\u00e9pszava<\/a> szemezgetett.<\/p>\n<p>A CRBC 14 kulcsszerepl\u0151t azonos\u00edtott, akik az Orb\u00e1n-korm\u00e1nyok idej\u00e9n sorra nyert\u00e9k a k\u00f6zbeszerz\u00e9seket. Ide eleinte olyan v\u00e1llalkoz\u00e1sok tartoznak, amelyek M\u00e9sz\u00e1ros L\u0151rinc, Garancsi Istv\u00e1n, Tiborcz Istv\u00e1n, illetve Simicska Lajos \u00e9rdekelts\u00e9g\u00e9be tartoztak. Rajtuk k\u00edv\u00fcl ker\u00fclt a list\u00e1ra az elm\u00falt \u00e9vekben t\u00f6bbek k\u00f6z\u00f6tt Sz\u00edjj L\u00e1szl\u00f3 c\u00e9ge, a Duna Aszfalt, M\u00e9sz\u00e1ros L\u0151rinc exvej\u00e9nek, Homlok Zsoltnak a v\u00e1llalkoz\u00e1sa (Homlok Kft.), a Bal\u00e1sy Gyula-f\u00e9le Lounge-csoport, Pa\u00e1r Attila Magyar \u00c9p\u00edt\u0151 Zrt.-je \u00e9s a J\u00e1szai Gell\u00e9rthez tartoz\u00f3 4iG Nyrt. is.<\/p>\n<p class=\"highlighted\">Ezen kulcsszerepl\u0151k c\u00e9gei az idei \u00e9v els\u0151 fel\u00e9ben kimagasl\u00f3an magas volumenben k\u00f6t\u00f6ttek szerz\u0151d\u00e9seket, \u00f6sszesen 641 milli\u00e1rd forint \u00e9rt\u00e9kben.<\/p>\n<p>1999 \u00f3ta 2026 els\u0151 fel\u00e9ben volt a legmagasabb a 14 szerepl\u0151h\u00f6z kapcsol\u00f3d\u00f3 korrupci\u00f3s kock\u00e1zat, a 0-t\u00f3l (ami az alacsony kock\u00e1zatot jelenti) 1-ig tart\u00f3 sk\u00e1l\u00e1n 0,759-es \u00e9rt\u00e9ket \u00e9rtek el. Ez azt jelenti, hogy a 14 oligarch\u00e1hoz k\u00f6thet\u0151 v\u00e1llalkoz\u00e1s a szerz\u0151d\u00e9seinek a 75,9 sz\u00e1zal\u00e9k\u00e1t verseny n\u00e9lk\u00fcl nyerte meg. A N\u00e9pszava megjegyzi, hogy az Eur\u00f3pai Uni\u00f3 Bizotts\u00e1ga a 10 sz\u00e1zal\u00e9kos szintet tartja m\u00e9g elfogadhat\u00f3nak. A gyenge politikai kapcsolatokkal rendelkez\u0151, vagy ennek teljes hi\u00e1ny\u00e1ban m\u0171k\u00f6d\u0151 v\u00e1llalkoz\u00e1sokn\u00e1l ugyanez az ar\u00e1ny 28,7 sz\u00e1zal\u00e9kos volt.<\/p>\n<p>Az el\u0151z\u0151 korm\u00e1nyhoz k\u00f6zeli piaci szerepl\u0151k kifejezetten j\u00f3l teljes\u00edtettek a miniszt\u00e9riumi tendereken, 2025 els\u0151 f\u00e9l\u00e9v\u00e9ben az \u00f6sszes szerz\u0151d\u00e9s 10, 2026 els\u0151 f\u00e9l\u00e9v\u00e9ben pedig az \u00f6sszes szerz\u0151d\u00e9s 14 sz\u00e1zal\u00e9ka landolt n\u00e1luk, ha a szerz\u0151d\u00e9sek darabsz\u00e1m\u00e1t n\u00e9zz\u00fck.<\/p>\n<p>Ugyanakkor 2026 els\u0151 fel\u00e9ben az \u00e1llami szervezetek \u00e1ltal oda\u00edt\u00e9lt szerz\u0151d\u00e9sek \u00f6ssz\u00e9rt\u00e9k\u00e9nek 40 sz\u00e1zal\u00e9ka ezen szerepl\u0151kh\u00f6z ker\u00fclt. Ugyanez az ar\u00e1ny 2025 els\u0151 f\u00e9l\u00e9v\u00e9ben csak 13,7 sz\u00e1zal\u00e9k volt, ami j\u00f3l mutatja, hogy id\u00e9n a zs\u00edrosabb szerz\u0151d\u00e9sek ker\u00fcltek a t\u0171zh\u00f6z k\u00f6zel l\u00e9v\u0151 szerepl\u0151kh\u00f6z.<\/p>\n<p class=\"highlighted\">Ha csak az \u00e1llami szervezetek szerz\u0151d\u00e9seit n\u00e9zz\u00fck, akkor a korrupci\u00f3s kock\u00e1zat m\u00e9g magasabb volt az idei \u00e9v els\u0151 fel\u00e9ben: az Orb\u00e1n-rendszer 14 kulcsszerepl\u0151j\u00e9hez tartoz\u00f3 c\u00e9gek a szerz\u0151d\u00e9seik 85,5 sz\u00e1zal\u00e9k\u00e1t verseny n\u00e9lk\u00fcl nyert\u00e9k el.<\/p>\n<p>Nyit\u00f3k\u00e9p\u00fcnk illusztr\u00e1ci\u00f3, fot\u00f3: HVG \/ Moln\u00e1r Zs\u00f3fia<\/p>\n","protected":false},"excerpt":{"rendered":"A v\u00e1laszt\u00e1sok el\u0151tt, 2026 els\u0151 fel\u00e9ben jelent\u0151sen n\u0151tt azoknak a k\u00f6zbeszerz\u00e9seknek a sz\u00e1ma, ahol az Orb\u00e1n-rendszer legnagyobb oligarch\u00e1inak&hellip;\n","protected":false},"author":2,"featured_media":230429,"comment_status":"","ping_status":"","sticky":false,"template":"","format":"standard","meta":{"footnotes":"","_share_on_mastodon":"0"},"categories":[6],"tags":[28050,60970,44,42,40,2274,50723,43,41,36555,2949,16913,111],"class_list":["post-230428","post","type-post","status-publish","format-standard","has-post-thumbnail","category-magyarorszag","tag-duna-aszfalt","tag-gyorsjelentes","tag-hu","tag-hungarian","tag-hungary","tag-korrupcio","tag-korrupciokutato-kozpont-budapest-crcb","tag-magyar","tag-magyarorszag","tag-meszaros-es-meszaros-kft","tag-meszaros-lorinc","tag-szijj-laszlo","tag-vallalkozas"],"share_on_mastodon":{"url":"https:\/\/pubeurope.com\/@hu\/117203184026096104","error":""},"_links":{"self":[{"href":"https:\/\/www.europesays.com\/hu\/wp-json\/wp\/v2\/posts\/230428","targetHints":{"allow":["GET"]}}],"collection":[{"href":"https:\/\/www.europesays.com\/hu\/wp-json\/wp\/v2\/posts"}],"about":[{"href":"https:\/\/www.europesays.com\/hu\/wp-json\/wp\/v2\/types\/post"}],"author":[{"embeddable":true,"href":"https:\/\/www.europesays.com\/hu\/wp-json\/wp\/v2\/users\/2"}],"replies":[{"embeddable":true,"href":"https:\/\/www.europesays.com\/hu\/wp-json\/wp\/v2\/comments?post=230428"}],"version-history":[{"count":0,"href":"https:\/\/www.europesays.com\/hu\/wp-json\/wp\/v2\/posts\/230428\/revisions"}],"wp:featuredmedia":[{"embeddable":true,"href":"https:\/\/www.europesays.com\/hu\/wp-json\/wp\/v2\/media\/230429"}],"wp:attachment":[{"href":"https:\/\/www.europesays.com\/hu\/wp-json\/wp\/v2\/media?parent=230428"}],"wp:term":[{"taxonomy":"category","embeddable":true,"href":"https:\/\/www.europesays.com\/hu\/wp-json\/wp\/v2\/categories?post=230428"},{"taxonomy":"post_tag","embeddable":true,"href":"https:\/\/www.europesays.com\/hu\/wp-json\/wp\/v2\/tags?post=230428"}],"curies":[{"name":"wp","href":"https:\/\/api.w.org\/{rel}","templated":true}]}}