{"id":230464,"date":"2026-09-02T20:20:19","date_gmt":"2026-09-02T20:20:19","guid":{"rendered":"https:\/\/www.europesays.com\/hu\/230464\/"},"modified":"2026-09-02T20:20:19","modified_gmt":"2026-09-02T20:20:19","slug":"kigyulladt-egy-tarsashaz-budapesten-tiz-embert-koztuk-het-gyereket-korhazba-vittek","status":"publish","type":"post","link":"https:\/\/www.europesays.com\/hu\/230464\/","title":{"rendered":"Kigyulladt egy t\u00e1rsash\u00e1z Budapesten, t\u00edz embert, k\u00f6zt\u00fck h\u00e9t gyereket k\u00f3rh\u00e1zba vittek"},"content":{"rendered":"<p>T\u0171z \u00fct\u00f6tt ki egy n\u00e9gyszintes t\u00e1rsash\u00e1zban a f\u0151v\u00e1ros XVIII. ker\u00fclet\u00e9ben szerd\u00e1n kora este. Az MTI \u00fagy \u00e9rtes\u00fclt, hogy a helysz\u00ednr\u0151l 10 embert, k\u00f6zt\u00fck 7 gyereket sz\u00e1ll\u00edtottak k\u00f3rh\u00e1zba a ment\u0151k.<\/p>\n<p>Kisdi M\u00e1t\u00e9, a F\u0151v\u00e1rosi Katasztr\u00f3fav\u00e9delmi Igazgat\u00f3s\u00e1g sz\u00f3viv\u0151je k\u00f6z\u00f6lte: a l\u00e1ngok egy R\u00e1day Gedeon utcai h\u00e1zban csaptak fel, az egyik f\u00f6ldszinti lak\u00e1s teljes terjedelm\u00e9ben \u00e9gett.<\/p>\n<p>Az \u00e9p\u00fcletben tal\u00e1lhat\u00f3 32 lak\u00e1sb\u00f3l 43 embernek kellett elhagynia az otthon\u00e1t. Az \u00e9p\u00fclet megtelt f\u00fcsttel, ez\u00e9rt a h\u00e1z kiszell\u0151ztet\u00e9s\u00e9ig a lak\u00f3k nem t\u00e9rhetnek vissza a lak\u00e1sukba \u2013 tette hozz\u00e1.<\/p>\n<p>A sz\u00f3viv\u0151 azt mondta, hogy a f\u0151v\u00e1rosi hivat\u00e1sos t\u0171zolt\u00f3k \u00e9s a FOKA Folyami Katasztr\u00f3fav\u00e9delem \u00e9s Speci\u00e1lis Ment\u0151 K\u00f6zhaszn\u00fa Egyes\u00fclet \u00f6nk\u00e9ntes t\u0171zolt\u00f3i f\u00e9kezt\u00e9k meg a felcsap\u00f3 l\u00e1ngokat, majd kezdt\u00e9k meg az ut\u00f3munk\u00e1latokat.<\/p>\n","protected":false},"excerpt":{"rendered":"T\u0171z \u00fct\u00f6tt ki egy n\u00e9gyszintes t\u00e1rsash\u00e1zban a f\u0151v\u00e1ros XVIII. ker\u00fclet\u00e9ben szerd\u00e1n kora este. Az MTI \u00fagy \u00e9rtes\u00fclt, hogy&hellip;\n","protected":false},"author":2,"featured_media":230465,"comment_status":"","ping_status":"","sticky":false,"template":"","format":"standard","meta":{"footnotes":"","_share_on_mastodon":"0"},"categories":[22],"tags":[73,44,42,40,13668,43,41,29953,3321,21246],"class_list":["post-230464","post","type-post","status-publish","format-standard","has-post-thumbnail","category-budapest","tag-budapest","tag-hu","tag-hungarian","tag-hungary","tag-lakastuz","tag-magyar","tag-magyarorszag","tag-tarsashaz","tag-tuz","tag-xviii-kerulet"],"share_on_mastodon":{"url":"https:\/\/pubeurope.com\/@hu\/117203305909914197","error":""},"_links":{"self":[{"href":"https:\/\/www.europesays.com\/hu\/wp-json\/wp\/v2\/posts\/230464","targetHints":{"allow":["GET"]}}],"collection":[{"href":"https:\/\/www.europesays.com\/hu\/wp-json\/wp\/v2\/posts"}],"about":[{"href":"https:\/\/www.europesays.com\/hu\/wp-json\/wp\/v2\/types\/post"}],"author":[{"embeddable":true,"href":"https:\/\/www.europesays.com\/hu\/wp-json\/wp\/v2\/users\/2"}],"replies":[{"embeddable":true,"href":"https:\/\/www.europesays.com\/hu\/wp-json\/wp\/v2\/comments?post=230464"}],"version-history":[{"count":0,"href":"https:\/\/www.europesays.com\/hu\/wp-json\/wp\/v2\/posts\/230464\/revisions"}],"wp:featuredmedia":[{"embeddable":true,"href":"https:\/\/www.europesays.com\/hu\/wp-json\/wp\/v2\/media\/230465"}],"wp:attachment":[{"href":"https:\/\/www.europesays.com\/hu\/wp-json\/wp\/v2\/media?parent=230464"}],"wp:term":[{"taxonomy":"category","embeddable":true,"href":"https:\/\/www.europesays.com\/hu\/wp-json\/wp\/v2\/categories?post=230464"},{"taxonomy":"post_tag","embeddable":true,"href":"https:\/\/www.europesays.com\/hu\/wp-json\/wp\/v2\/tags?post=230464"}],"curies":[{"name":"wp","href":"https:\/\/api.w.org\/{rel}","templated":true}]}}