{"id":230472,"date":"2026-09-02T20:29:12","date_gmt":"2026-09-02T20:29:12","guid":{"rendered":"https:\/\/www.europesays.com\/hu\/230472\/"},"modified":"2026-09-02T20:29:12","modified_gmt":"2026-09-02T20:29:12","slug":"rekordot-futott-a-legnagyobb-skoda","status":"publish","type":"post","link":"https:\/\/www.europesays.com\/hu\/230472\/","title":{"rendered":"Rekordot futott a legnagyobb \u0160koda"},"content":{"rendered":"<p>Marek Je\u017e \u00e9s Jakub Krs, a \u0160koda automobilov\u00e1 akciov\u00e1 spole\u010dnost k\u00e9t munkat\u00e1rsa egyszer csak a fej\u00e9be vette, hogy megn\u00e9zi, t\u00e9nylegesen milyen messzire jut el a c\u00e9g \u00faj z\u00e1szl\u00f3shaj\u00f3ja, a <a href=\"https:\/\/www.vezess.hu\/ujauto-teszt\/2026\/06\/26\/skodat-a-peaq-2026\/\" rel=\"nofollow noopener\" target=\"_blank\">tiszt\u00e1n elektromos Peaq szabadid\u0151j\u00e1rm\u0171<\/a> a brutt\u00f3 \u00a091, nett\u00f3 86 kWh kapacit\u00e1s\u00fa akkumul\u00e1tor egyszeri felt\u00f6lt\u00e9s\u00e9vel.<\/p>\n<p><a id=\"galeria-1\" class=\"m-nextGallery _ce_measure_widget _ce_measure_link\" href=\"https:\/\/www.vezess.hu\/hirek\/2026\/09\/02\/skoda-peaq-hatotavolsag-rekord\/?gallery=1\/1\/peaq_record_run-00018_b37f31f7.jpg\" data-ce-measure-widget=\"gallery-open\" rel=\"nofollow noopener\" target=\"_blank\"><\/p>\n<p>\t\t<img width=\"2560\" height=\"1713\" src=\"https:\/\/www.europesays.com\/hu\/wp-content\/uploads\/2026\/09\/peaq_record_run-00018_b37f31f7.jpg\" class=\"m-nextGallery__featureImage wp-image-2302213\" alt=\"\" decoding=\"async\"  loading=\"lazy\"  title=\"peaq_record_run-00018_b37f31f7 | Vezess\"\/>\t<\/p>\n<p><\/a><\/p>\n<p>Az eredm\u00e9ny nem csak elm\u00e9leti szinten \u00e9rdekelte \u0151ket: Jakub felelt a Peaq akkumul\u00e1tor\u00e1nak fejleszt\u00e9s\u00e9\u00e9rt, m\u00edg Marek a Peaq program projektvezet\u0151je volt.<\/p>\n<p>Mivel a modell WLTP hat\u00f3t\u00e1vols\u00e1ga 647 kilom\u00e9ter, optimist\u00e1n Hollandi\u00e1t jel\u00f6lt\u00e9k ki \u00fati c\u00e9lk\u00e9nt, rem\u00e9lve, hogy t\u00fal tudj\u00e1k sz\u00e1rnyalni a gy\u00e1ri \u00e9rt\u00e9ket. Ennek \u00e9rdek\u00e9ben mesters\u00e9ges intelligencia seg\u00edts\u00e9g\u00e9vel olyan \u00fatvonalat terveztek, amely a lehet\u0151 legcsek\u00e9lyebb forgalm\u00fa orsz\u00e1gutakon vitte \u0151ket v\u00e9gig.<\/p>\n<p>A k\u00eds\u00e9rlet fel\u00fcgyelet\u00e9re a n\u00e9metorsz\u00e1gi <a href=\"https:\/\/www.vezess.hu\/cimke\/tuv\/\" rel=\"nofollow noopener\" target=\"_blank\">T\u00dcV S\u00fcd<\/a>-\u00f6t k\u00e9rt\u00e9k fel. A t\u00f6lt\u0151ny\u00edl\u00e1s fedel\u00e9t leplomb\u00e1lt\u00e1k, \u00e9s augusztus 25-\u00e9n, kedden d\u00e9lt\u00e1jban elindultak. \u00dat k\u00f6zben t\u00f6bbsz\u00f6r is helyet cser\u00e9ltek a vol\u00e1n m\u00f6g\u00f6tt, eleinte k\u00e9t\u00f3r\u00e1nk\u00e9nt, k\u00e9s\u0151bb \u2013 f\u0151leg \u00e9jszaka \u2013 s\u0171r\u0171bben, hogy elker\u00fclj\u00e9k a kimer\u00fclts\u00e9gb\u0151l ad\u00f3d\u00f3 kileng\u00e9seket. A l\u00e9nyeg ugyanis az egyenletes sebess\u00e9g\u0171 halad\u00e1s volt, hiszen \u00edgy fogyasztja a legkevesebb minden j\u00e1rm\u0171.<\/p>\n<p>A feladat nem az volt, hogy gyorsan meg\u00e9rkezzenek, hanem hogy min\u00e9l messzebb jussanak, ez\u00e9rt azt\u00e1n nem voltak csal\u00f3dottak, hogy csak m\u00e1snap reggelre \u00e9rt\u00e9k el Hollandi\u00e1t. Amszterdam magass\u00e1g\u00e1ban m\u00e1r \u00fcnnepeltek: itt 850 kilom\u00e9tern\u00e9l tartottak, az akkumul\u00e1tor azonban m\u00e9g b\u00edrta. Az utaz\u00e1snak v\u00e9g\u00fcl a tengerparton, Zandvoortn\u00e1l \u00e9rt v\u00e9get.<\/p>\n<p>a vide\u00f3 a hirdet\u00e9s ut\u00e1n indul<\/p>\n<p>A du\u00f3 936 kilom\u00e9tert tett meg, 44,7 sz\u00e1zal\u00e9kkal sz\u00e1rnyalva t\u00fal a hivatalos hat\u00f3t\u00e1vols\u00e1gi \u00e9rt\u00e9ket. A k\u00eds\u00e9rlet sor\u00e1n 9,3 kWh\/100 km \u00e1tlagos energia-felhaszn\u00e1l\u00e1ssal haladt az egy darab \u00a0210 kilowatt (286 LE) cs\u00facsteljes\u00edtm\u00e9ny\u0171 villanymotorral szerelt, nagy \u0160koda.<\/p>\n<p>Az \u201eegy tankol\u00e1ssal (t\u00f6lt\u00e9ssel) min\u00e9l messzebbre\u2026\u201d n\u00e9pszer\u0171 rekord-t\u00e9ma, legut\u00f3bb a Nissan hat\u00f3t\u00e1vols\u00e1g-n\u00f6vel\u0151s villanyaut\u00f3ja \u00e9rt el k\u00fcl\u00f6nleges eredm\u00e9nyt:<\/p>\n","protected":false},"excerpt":{"rendered":"Marek Je\u017e \u00e9s Jakub Krs, a \u0160koda automobilov\u00e1 akciov\u00e1 spole\u010dnost k\u00e9t munkat\u00e1rsa egyszer csak a fej\u00e9be vette, hogy&hellip;\n","protected":false},"author":2,"featured_media":230473,"comment_status":"","ping_status":"","sticky":false,"template":"","format":"standard","meta":{"footnotes":"","_share_on_mastodon":"0"},"categories":[10],"tags":[110,10391,60974,15167,37,44,42,40,43,41,23068,3889,4516,20614,54155,729,11200,111],"class_list":["post-230472","post","type-post","status-publish","format-standard","has-post-thumbnail","category-vallalkozas","tag-business","tag-elektromos","tag-fogyasztasi-rekord","tag-hatotavolsag","tag-hirek","tag-hu","tag-hungarian","tag-hungary","tag-magyar","tag-magyarorszag","tag-peaq","tag-rekord","tag-skoda","tag-skoda-peaq","tag-szabadido-auto-terepjaro","tag-szabadido-auto","tag-tuv","tag-vallalkozas"],"share_on_mastodon":{"url":"https:\/\/pubeurope.com\/@hu\/117203341717392543","error":""},"_links":{"self":[{"href":"https:\/\/www.europesays.com\/hu\/wp-json\/wp\/v2\/posts\/230472","targetHints":{"allow":["GET"]}}],"collection":[{"href":"https:\/\/www.europesays.com\/hu\/wp-json\/wp\/v2\/posts"}],"about":[{"href":"https:\/\/www.europesays.com\/hu\/wp-json\/wp\/v2\/types\/post"}],"author":[{"embeddable":true,"href":"https:\/\/www.europesays.com\/hu\/wp-json\/wp\/v2\/users\/2"}],"replies":[{"embeddable":true,"href":"https:\/\/www.europesays.com\/hu\/wp-json\/wp\/v2\/comments?post=230472"}],"version-history":[{"count":0,"href":"https:\/\/www.europesays.com\/hu\/wp-json\/wp\/v2\/posts\/230472\/revisions"}],"wp:featuredmedia":[{"embeddable":true,"href":"https:\/\/www.europesays.com\/hu\/wp-json\/wp\/v2\/media\/230473"}],"wp:attachment":[{"href":"https:\/\/www.europesays.com\/hu\/wp-json\/wp\/v2\/media?parent=230472"}],"wp:term":[{"taxonomy":"category","embeddable":true,"href":"https:\/\/www.europesays.com\/hu\/wp-json\/wp\/v2\/categories?post=230472"},{"taxonomy":"post_tag","embeddable":true,"href":"https:\/\/www.europesays.com\/hu\/wp-json\/wp\/v2\/tags?post=230472"}],"curies":[{"name":"wp","href":"https:\/\/api.w.org\/{rel}","templated":true}]}}