{"id":230476,"date":"2026-09-02T20:33:17","date_gmt":"2026-09-02T20:33:17","guid":{"rendered":"https:\/\/www.europesays.com\/hu\/230476\/"},"modified":"2026-09-02T20:33:17","modified_gmt":"2026-09-02T20:33:17","slug":"index-belfold-teljes-terjedelmeben-egett-egy-lakas-budapesten-43-embernek-kellett-menekulve-elhagynia-az-otthonat","status":"publish","type":"post","link":"https:\/\/www.europesays.com\/hu\/230476\/","title":{"rendered":"Index &#8211; Belf\u00f6ld &#8211; Teljes terjedelm\u00e9ben \u00e9gett egy lak\u00e1s Budapesten, 43 embernek kellett menek\u00fclve elhagynia az otthon\u00e1t"},"content":{"rendered":"<p>                <a href=\"https:\/\/index.hu\/szerzo\/toth_sara\" rel=\"nofollow noopener\" target=\"_blank\"><br \/>\n                        <img decoding=\"async\" class=\"szerzo-kep\" src=\"https:\/\/www.europesays.com\/hu\/wp-content\/uploads\/2026\/09\/1788381194_951_63694369_4710095_e9b4c5ea6a338c697097f4c540454165_wm.jpg\" alt=\"T\u00f3th S\u00e1ra\"\/><br \/>\n                <\/a><\/p>\n<p>\n                Egy n\u00e9gyszintes t\u00e1rsash\u00e1zban \u00fct\u00f6tt ki t\u0171z szerda kora este a f\u0151v\u00e1ros XVIII. ker\u00fclet\u00e9ben, a R\u00e1day Gedeon utc\u00e1ban. A helysz\u00ednr\u0151l t\u00edz embert, k\u00f6zt\u00fck h\u00e9t gyereket vittek k\u00f3rh\u00e1zba a ment\u0151k, az \u00e9p\u00fcletb\u0151l pedig 43 lak\u00f3nak kellett elhagynia otthon\u00e1t, miut\u00e1n az egyik f\u00f6ldszinti lak\u00e1s teljes terjedelm\u00e9ben kigyulladt.            <\/p>\n<p>T\u0171z \u00fct\u00f6tt ki egy n\u00e9gyszintes t\u00e1rsash\u00e1zban a f\u0151v\u00e1ros XVIII. ker\u00fclet\u00e9ben (Pestszentl\u0151rinc-Pestszentimre) szerd\u00e1n kora este. Az MTI \u00fagy \u00e9rtes\u00fclt, hogy a helysz\u00ednr\u0151l t\u00edz embert, k\u00f6zt\u00fck h\u00e9t gyereket vittek k\u00f3rh\u00e1zba a ment\u0151k. Kisdi M\u00e1t\u00e9, a F\u0151v\u00e1rosi Katasztr\u00f3fav\u00e9delmi Igazgat\u00f3s\u00e1g sz\u00f3viv\u0151je k\u00f6z\u00f6lte, hogy<\/p>\n<p>a l\u00e1ngok a R\u00e1day Gedeon utcai h\u00e1zban csaptak fel, az egyik f\u00f6ldszinti lak\u00e1s teljes terjedelm\u00e9ben \u00e9gett.<\/p>\n<p>Az \u00e9p\u00fcletben tal\u00e1lhat\u00f3 32 lak\u00e1sb\u00f3l 43 embernek kellett elhagynia az otthon\u00e1t. Hozz\u00e1tette, hogy az \u00e9p\u00fclet megtelt f\u00fcsttel, ez\u00e9rt a h\u00e1z kiszell\u0151ztet\u00e9s\u00e9ig a lak\u00f3k nem t\u00e9rhetnek vissza a lak\u00e1sukba.\u00a0<\/p>\n<p>A sz\u00f3viv\u0151 azt mondta, hogy a f\u0151v\u00e1rosi hivat\u00e1sos t\u0171zolt\u00f3k \u00e9s a FOKA Folyami Katasztr\u00f3fav\u00e9delem \u00e9s Speci\u00e1lis Ment\u0151 K\u00f6zhaszn\u00fa Egyes\u00fclet \u00f6nk\u00e9ntes t\u0171zolt\u00f3i f\u00e9kezt\u00e9k meg a felcsap\u00f3 l\u00e1ngokat, majd kezdt\u00e9k meg az ut\u00f3munk\u00e1latokat.<\/p>\n<p><a href=\"https:\/\/dex.hu\/x.php?id=googlepref_desktop&amp;url=https:\/\/google.com\/preferences\/source?q=https:\/\/index.hu\" class=\"google-pref-banner \" id=\"googlePrefBanner\" rel=\"nofollow noopener\" target=\"_blank\"><\/p>\n<p>    Itt \u00e1ll\u00edtsa be, hogy az Index az els\u0151k k\u00f6z\u00f6tt legyen a Google-tal\u00e1latokban!<\/p>\n<p><\/a><\/p>\n<p>                <a href=\"https:\/\/konyvek.index.hu\/\" target=\"_blank\" rel=\"nofollow noopener\"><br \/>\n                <img decoding=\"async\" src=\"https:\/\/index.hu\/assets\/images\/konyvajanlo\/book_indapress\/book_indapress_logo.svg\" loading=\"lazy\" alt=\"Inda Press Kiad\u00f3\"\/><br \/>\n                <\/a><\/p>\n<p>                <img decoding=\"async\" src=\"https:\/\/www.europesays.com\/hu\/wp-content\/uploads\/2026\/09\/1788381195_381_budapest.png\" loading=\"lazy\" alt=\"23 \u2013 Nagy budapesti ker\u00fclethat\u00e1roz\u00f3\"\/><\/p>\n<p>Izgalmas t\u00f6rt\u00e9netek, rejtett kincsek, \u00e9rdekes \u00e9p\u00fcletek &#8211; nem csak budapestieknek.<\/p>\n<p>                <a class=\"book_index_btn\" href=\"https:\/\/indexadhu.hit.gemius.pl\/hitredir?id=nSCbubuYpDWJZLZs0TssLrbt33Lk5kbipuiZrkg89G3.g7&amp;stparam=yoojcxjrby&amp;fastid=maqqjzmjjiorpyjhphrcutrnpkmz&amp;nc=0&amp;url=https:\/\/www.indapresskiado.hu\/products\/23-nagy-budapesti-ker-hat\" target=\"_blank\" rel=\"nofollow noopener\">MEGVESZEM<\/a><\/p>\n<p>    <img decoding=\"async\" src=\"https:\/\/www.europesays.com\/hu\/wp-content\/uploads\/2026\/09\/1788381197_236_redot.gif\"\/><\/p>\n<p>    <img decoding=\"async\" src=\"https:\/\/index.hu\/assets\/images\/social-follow\/logo-big.svg\" alt=\"Index.hu logo\"\/><\/p>\n<p>K\u00f6vesse az Indexet Facebookon is!<\/p>\n<p>    <a href=\"https:\/\/facebook.com\/Indexhu\" target=\"_blank\" rel=\"nofollow noopener\"><\/p>\n<p>        K\u00f6vetem!<br \/>\n    <\/a><\/p>\n","protected":false},"excerpt":{"rendered":"Egy n\u00e9gyszintes t\u00e1rsash\u00e1zban \u00fct\u00f6tt ki t\u0171z szerda kora este a f\u0151v\u00e1ros XVIII. ker\u00fclet\u00e9ben, a R\u00e1day Gedeon utc\u00e1ban. A&hellip;\n","protected":false},"author":2,"featured_media":230477,"comment_status":"","ping_status":"","sticky":false,"template":"","format":"standard","meta":{"footnotes":"","_share_on_mastodon":"0"},"categories":[6],"tags":[80,73,447,44,42,40,470,2180,43,41,1560,29953,3321],"class_list":["post-230476","post","type-post","status-publish","format-standard","has-post-thumbnail","category-magyarorszag","tag-belfold","tag-budapest","tag-gyerekek","tag-hu","tag-hungarian","tag-hungary","tag-katasztrofavedelem","tag-korhaz","tag-magyar","tag-magyarorszag","tag-mentok","tag-tarsashaz","tag-tuz"],"share_on_mastodon":{"url":"https:\/\/pubeurope.com\/@hu\/117203357874197407","error":""},"_links":{"self":[{"href":"https:\/\/www.europesays.com\/hu\/wp-json\/wp\/v2\/posts\/230476","targetHints":{"allow":["GET"]}}],"collection":[{"href":"https:\/\/www.europesays.com\/hu\/wp-json\/wp\/v2\/posts"}],"about":[{"href":"https:\/\/www.europesays.com\/hu\/wp-json\/wp\/v2\/types\/post"}],"author":[{"embeddable":true,"href":"https:\/\/www.europesays.com\/hu\/wp-json\/wp\/v2\/users\/2"}],"replies":[{"embeddable":true,"href":"https:\/\/www.europesays.com\/hu\/wp-json\/wp\/v2\/comments?post=230476"}],"version-history":[{"count":0,"href":"https:\/\/www.europesays.com\/hu\/wp-json\/wp\/v2\/posts\/230476\/revisions"}],"wp:featuredmedia":[{"embeddable":true,"href":"https:\/\/www.europesays.com\/hu\/wp-json\/wp\/v2\/media\/230477"}],"wp:attachment":[{"href":"https:\/\/www.europesays.com\/hu\/wp-json\/wp\/v2\/media?parent=230476"}],"wp:term":[{"taxonomy":"category","embeddable":true,"href":"https:\/\/www.europesays.com\/hu\/wp-json\/wp\/v2\/categories?post=230476"},{"taxonomy":"post_tag","embeddable":true,"href":"https:\/\/www.europesays.com\/hu\/wp-json\/wp\/v2\/tags?post=230476"}],"curies":[{"name":"wp","href":"https:\/\/api.w.org\/{rel}","templated":true}]}}