{"id":230499,"date":"2026-09-02T20:55:12","date_gmt":"2026-09-02T20:55:12","guid":{"rendered":"https:\/\/www.europesays.com\/hu\/230499\/"},"modified":"2026-09-02T20:55:12","modified_gmt":"2026-09-02T20:55:12","slug":"vilaghirt-hozott-nekik-megis-megbantak-10-szinesz-aki-mar-nem-szereti-ikonikus-szerepet","status":"publish","type":"post","link":"https:\/\/www.europesays.com\/hu\/230499\/","title":{"rendered":"Vil\u00e1gh\u00edrt hozott nekik, m\u00e9gis megb\u00e1nt\u00e1k: 10 sz\u00edn\u00e9sz, aki m\u00e1r nem szereti ikonikus szerep\u00e9t"},"content":{"rendered":"<p>\n                        Van, aki a forgat\u00e1st gy\u0171l\u00f6lte, m\u00e1s a karakter\u00e9t, \u00e9s olyan is akad, aki \u00e9vtizedekkel k\u00e9s\u0151bb m\u00e1r a film \u00fczenet\u00e9vel sem tudott azonosulni.                    <\/p>\n<p class=\"isSelectedEnd\">M\u00e1r egyetlen szerep is k\u00e9pes lehet teljesen megv\u00e1ltoztatni egy sz\u00edn\u00e9sz \u00e9let\u00e9t: elhozhatja a vil\u00e1gh\u00edrt, megnyithatja az utat Hollywood legnagyobb produkci\u00f3i fel\u00e9, \u00e9s n\u00e9ha olyan szorosan \u00f6sszeforrhat az adott szt\u00e1rral, hogy \u00e9vtizedekkel k\u00e9s\u0151bb is mindenki ugyanazzal a karakterrel azonos\u00edtja. \u00c1m hi\u00e1ba egy-egy ikonikus szerep, megesik, hogy az adott karaktert megform\u00e1l\u00f3 sz\u00edn\u00e9szek m\u00e1r nem annyira kedvelik a sz\u00e1mukra sikert hoz\u00f3 figur\u00e1t.\u00a0 Akadt, akit a forgat\u00e1s k\u00f6r\u00fclm\u00e9nyei viseltek meg, m\u00e1s a hirtelen j\u00f6tt vil\u00e1gh\u00edrrel nem tudott mit kezdeni, megint m\u00e1s \u00e9vekkel k\u00e9s\u0151bb j\u00f6tt r\u00e1, hogy egy\u00e1ltal\u00e1n nem \u00e9rt egyet azzal az \u00fczenettel, amit a film k\u00f6zvet\u00edtett. \u00cdme t\u00edz h\u00edres sz\u00edn\u00e9sz, aki ut\u00f3lag m\u00e1r sokkal negat\u00edvabban tekint p\u00e1ly\u00e1ja egyik meghat\u00e1roz\u00f3 szerep\u00e9re.\u00a0<\/p>\n<p>&#13;<br \/>\nKate Winslet \u2013 Titanic&#13;<br \/>\n&#13;<\/p>\n<p class=\"isSelectedEnd\">A <a href=\"https:\/\/port.hu\/adatlap\/film\/tv\/titanic-titanic\/movie-2466\" target=\"_blank\" rel=\"noopener nofollow\">Titanic<\/a> k\u00e9ts\u00e9gtelen\u00fcl minden id\u0151k egyik legismertebb filmje, <a href=\"https:\/\/port.hu\/adatlap\/szemely\/kate-winslet\/person-4638\" target=\"_blank\" rel=\"noopener nofollow\">Kate Winslet<\/a> sz\u00e1m\u00e1ra azonban a forgat\u00e1s egy\u00e1ltal\u00e1n nem tartozott \u00e9lete legszebb id\u0151szakai k\u00f6z\u00e9. A sz\u00edn\u00e9szn\u0151 m\u00e1r t\u00f6bb alkalommal is besz\u00e9lt arr\u00f3l, hogy mennyire kellemetlen\u00fcl \u00e9lte meg az alkot\u00e1s meztelen jelenet\u00e9t, k\u00e9s\u0151bb pedig a saj\u00e1t alak\u00edt\u00e1s\u00e1val kapcsolatban is kritik\u00e1t fogalmazott meg, a produkci\u00f3 2012-es 3D-s \u00fajrabemutat\u00f3j\u00e1n p\u00e9ld\u00e1ul kifejezetten rossznak nevezte amerikai akcentus\u00e1t. \u00c1m enn\u00e9l is komolyabb probl\u00e9m\u00e1t jelentettek a forgat\u00e1si k\u00f6r\u00fclm\u00e9nyek, Winslet egyszer majdnem megfulladt,\u00a0James Cameront pedig b\u00e1r kedves embernek nevezte, azt is hozz\u00e1tette, elk\u00e9peszt\u0151 temperamentuma volt. Egy korabeli interj\u00faban azt mondta, voltak olyan napok, amikor \u00fagy \u00e9bredt, b\u00e1rcsak ne kellene ism\u00e9t kimennie a forgat\u00e1sra.<\/p>\n<p>&#13;<br \/>\nCarrie Fisher \u2013 Star Wars&#13;<\/p>\n<p class=\"isSelectedEnd\"><a href=\"https:\/\/port.hu\/adatlap\/szemely\/carrie-fisher\/person-10103\" target=\"_blank\" rel=\"noopener nofollow\">Carrie Fisher<\/a> mind\u00f6ssze 19 \u00e9ves volt, amikor megkapta Leia hercegn\u0151 szerep\u00e9t, \u00e9s term\u00e9szetesen fogalma sem lehetett arr\u00f3l, hogy a Star Wars milyen elk\u00e9peszt\u0151 kultur\u00e1lis jelens\u00e9gg\u00e9 v\u00e1lik. K\u00e9s\u0151bb egy interj\u00faban arr\u00f3l besz\u00e9lt, ha el\u0151re tudta volna, mekkora vil\u00e1gh\u00edrt hoz neki a film, akkor val\u00f3sz\u00edn\u0171leg nem v\u00e1llalja el.\u00a0Fisher szerint amikor igaz\u00e1n h\u00edres lett, legink\u00e1bb csak arra v\u00e1rt, hogy egyszer v\u00e9get \u00e9rjen k\u00f6r\u00fcl\u00f6tte az \u0151r\u00fclet. A sz\u00edn\u00e9szn\u0151 am\u00fagy k\u00fcl\u00f6n\u00f6sen ut\u00e1lta A Jedi visszat\u00e9r h\u00edres aranysz\u00edn\u0171 bikinij\u00e9t. Amikor George Lucas el\u0151sz\u00f6r megmutatta neki a jelmezt, Fisher azt hitte, viccel vele. Egyetlen \u00f6r\u00f6me az volt, hogy Leia k\u00e9s\u0151bb \u00e9ppen a bikinihez tartoz\u00f3 l\u00e1nccal \u00f6lhette meg Jabb\u00e1t, ezt a sz\u00edn\u00e9szn\u0151 saj\u00e1t bevall\u00e1sa szerint k\u00fcl\u00f6n\u00f6sen \u00e9lvezte.<\/p>\n<p>&#13;<\/p>\n<p class=\"isSelectedEnd\">\n<p>&#13;<\/p>\n<p><a href=\"https:\/\/port.hu\/cikk\/mozi\/a-filmtortenelem-7-ikonikus-bikinije\/article-85467\" rel=\"nofollow noopener\" target=\"_blank\"><img decoding=\"async\" src=\"https:\/\/www.europesays.com\/hu\/wp-content\/uploads\/2026\/09\/719.webp\" width=\"300\"\/><\/a><a href=\"https:\/\/port.hu\/cikk\/mozi\/a-filmtortenelem-7-ikonikus-bikinije\/article-85467\" rel=\"nofollow noopener\" target=\"_blank\">A filmt\u00f6rt\u00e9nelem 7 ikonikus bikinije<\/a><\/p>\n<p>A bikini j\u00falius 5-i vil\u00e1gnapja alkalm\u00e1b\u00f3l \u00edme egy \u00f6ssze\u00e1ll\u00edt\u00e1s a nagyv\u00e1szon legapr\u00f3bb ruhadarabjair\u00f3l, Raquel Welch \u0151sasszonyszettj\u00e9t\u0151l kezdve Leia hercegn\u0151 arany bikinij\u00e9n \u00e1t az \u00fajabb legend\u00e1s f\u00fcrd\u0151ruh\u00e1kig!<\/p>\n<p><a class=\"article-btn\" href=\"https:\/\/port.hu\/cikk\/mozi\/a-filmtortenelem-7-ikonikus-bikinije\/article-85467\" rel=\"nofollow noopener\" target=\"_blank\">Tov\u00e1bb<\/a><\/p>\n<p>\n&#13;<br \/>\nHarrison Ford \u2013 Star Wars&#13;<\/p>\n<p class=\"isSelectedEnd\">Carrie Fisher nem volt egyed\u00fcl azzal, hogy ambivalens \u00e9rz\u00e9seket t\u00e1pl\u00e1lt a Star Wars ir\u00e1nt. <a href=\"https:\/\/port.hu\/adatlap\/film\/tv\/star-wars-egy-uj-remeny-star-wars\/movie-408\" rel=\"nofollow noopener\" target=\"_blank\">Harrison Ford<\/a> \u00e9s Han Solo kapcsolata az \u00e9vek sor\u00e1n szint\u00e9n meglehet\u0151sen bonyolultt\u00e1 v\u00e1lt. Ford eredetileg nem is sz\u00e1m\u00edtott es\u00e9lyesnek a szerepre, mivel Lucas nem akart olyan sz\u00edn\u00e9szt alkalmazni, aki szerepelt egy kor\u00e1bbi alkot\u00e1s\u00e1ban, az Amerikai graffitiben. V\u00e9g\u00fcl m\u00e9gis kiv\u00e9telt tett, Ford sz\u00e1m\u00e1ra pedig Han Solo meghozta a vil\u00e1gh\u00edrnevet.\u00a0A sz\u00edn\u00e9sz ugyanakkor id\u0151vel egyre kev\u00e9sb\u00e9 tal\u00e1lta \u00e9rdekesnek Sol\u00f3t, \u00e9s m\u00e1r az eredeti tril\u00f3gia v\u00e9g\u00e9n azt szerette volna, hogy a karakter meghaljon. Erre v\u00e9g\u00fcl csak \u00e9vtizedekkel k\u00e9s\u0151bb, Az \u00e9bred\u0151 Er\u0151ben ker\u00fclt sor. Amikor Fordot arr\u00f3l k\u00e9rdezt\u00e9k, milyen \u00e9rz\u00e9s volt tov\u00e1bbadni a staf\u00e9t\u00e1t az \u00faj szerepl\u0151knek, l\u00e9nyeg\u00e9ben csak annyit mondott: \u0151 az\u00e9rt ment oda, hogy meghaljon.<\/p>\n<p>&#13;<br \/>\nRobert Pattinson \u2013 Alkonyat&#13;<br \/>\n&#13;<\/p>\n<p class=\"isSelectedEnd\"><a href=\"https:\/\/port.hu\/adatlap\/szemely\/robert-pattinson\/person-220706\" target=\"_blank\" rel=\"noopener nofollow\">Robert Pattinson<\/a> az Alkonyattal egyik napr\u00f3l a m\u00e1sikra tinib\u00e1lv\u00e1nny\u00e1 v\u00e1lt, ett\u0151l azonban nem lett nagyobb rajong\u00f3ja saj\u00e1t filmjeinek. A sz\u00edn\u00e9sz az \u00e9vek sor\u00e1n t\u00f6bbsz\u00f6r is ny\u00edltan viccel\u0151d\u00f6tt a t\u00f6rt\u00e9net logik\u00e1j\u00e1n, egy interj\u00faban pedig arr\u00f3l besz\u00e9lt, hogy az Alkonyat igaz\u00e1b\u00f3l egy nagyon furcsa t\u00f6rt\u00e9net, \u00e9s ezt sokan csak az\u00e9rt nem veszik \u00e9szre, mert t\u00fal sikeres lett.\u00a0 Amikor pedig arr\u00f3l k\u00e9rdezt\u00e9k, vajon szeretn\u00e9-e a filmeket, ha nem szerepelne benn\u00fck, Pattinson azt mondta, cinikus \u00e9s \u00edt\u00e9lkez\u0151 emberk\u00e9nt val\u00f3sz\u00edn\u0171leg gy\u0171l\u00f6ln\u00e9 az eg\u00e9szet.<\/p>\n<p>&#13;<br \/>\nMichelle Pfeiffer \u2013 Grease 2.&#13;<br \/>\n&#13;<\/p>\n<p class=\"isSelectedEnd\">A Grease 2. nem csup\u00e1n a k\u00f6z\u00f6ns\u00e9g \u00e9s a kritikusok k\u00f6r\u00e9ben szerzett k\u00e9tes h\u00edrnevet, <a href=\"https:\/\/port.hu\/adatlap\/szemely\/michelle-pfeiffer\/person-8874\" target=\"_blank\" rel=\"noopener nofollow\">Michelle Pfeiffer<\/a> sem \u0151rzi k\u00fcl\u00f6n\u00f6sebben szeretettel az eml\u00e9k\u00e9t. A sz\u00edn\u00e9szn\u0151 egyszer azt mondta, szenved\u00e9lyesen gy\u0171l\u00f6lte az alkot\u00e1st, \u00e9s egyszer\u0171en nem tudja elhinni, mennyire rosszul siker\u00fclt. Mint mondta, nagyon fiatal volt m\u00e9g, amikor elv\u00e1llalta Stephanie szerep\u00e9t, \u00e9s akkoriban nem tudta, mire v\u00e1llalkozik. A dolog ir\u00f3ni\u00e1ja, hogy a Grease 2. ennek ellen\u00e9re jelent\u0151s l\u00f6k\u00e9st adott Pfeiffer karrierj\u00e9nek.\u00a0<\/p>\n<p>&#13;<br \/>\nSean Connery \u2013 James Bond&#13;<br \/>\n&#13;<\/p>\n<p class=\"isSelectedEnd\"><a href=\"https:\/\/port.hu\/adatlap\/szemely\/sir-sean-connery\/person-6320\" target=\"_blank\" rel=\"noopener nofollow\">Sean Connery<\/a> \u00e9s James Bond kapcsolata tal\u00e1n az egyik legismertebb p\u00e9ld\u00e1ja annak, amikor egy sz\u00edn\u00e9sz egyszerre lehet h\u00e1l\u00e1s egy szerep\u00e9rt \u00e9s k\u00f6zben teljesen bele is f\u00e1radhat. Connery eleinte \u00e9lvezte a 007-es \u00fcgyn\u00f6k megform\u00e1l\u00e1s\u00e1t, k\u00e9s\u0151bb azonban egyre jobban zavarta, hogy szinte kiz\u00e1r\u00f3lag Bonddal azonos\u00edtj\u00e1k. M\u00e1r 1964-ben \u00fagy fogalmazott, soha nem tagadn\u00e1, hogy a karakter csin\u00e1lt bel\u0151le szt\u00e1rt, ez\u00e9rt mindig h\u00e1l\u00e1s lesz neki, de ett\u0151l m\u00e9g nem akar a rabj\u00e1v\u00e1 v\u00e1lni. K\u00e9s\u0151bb viszont m\u00e1r j\u00f3val kem\u00e9nyebben fogalmazott. A Gy\u00e9m\u00e1ntok az \u00f6r\u00f6kk\u00e9val\u00f3s\u00e1gnak forgat\u00e1sa ut\u00e1n kijelentette, hogy mindig is <a href=\"https:\/\/port.hu\/cikk\/mozi\/ime-a-foszerep-amit-sean-connery-meglepo-modon-nagyon-utalt\/article-126968\" target=\"_blank\" rel=\"noopener nofollow\">gy\u0171l\u00f6lte azt az \u00e1tkozott James Bondot<\/a>, \u00e9s legsz\u00edvesebben meg\u00f6ln\u00e9.<\/p>\n<p>&#13;<br \/>\nViola Davis \u2013 A seg\u00edts\u00e9g&#13;<br \/>\n&#13;<\/p>\n<p class=\"isSelectedEnd\"><a href=\"https:\/\/port.hu\/adatlap\/szemely\/viola-davis\/person-179472\" target=\"_blank\" rel=\"noopener nofollow\">Viola Davis<\/a> A seg\u00edts\u00e9gben ny\u00fajtott alak\u00edt\u00e1s\u00e1\u00e9rt Oscar-jel\u00f6l\u00e9st kapott, a film pedig komoly szerepet j\u00e1tszott abban, hogy Hollywood egyik legkeresettebb sz\u00edn\u00e9szn\u0151j\u00e9v\u00e9 v\u00e1ljon. \u00c9vekkel k\u00e9s\u0151bb azonban m\u00e1r komoly fenntart\u00e1sai voltak a produkci\u00f3val kapcsolatban.\u00a0 Davis probl\u00e9m\u00e1ja nem a saj\u00e1t alak\u00edt\u00e1s\u00e1hoz kapcsol\u00f3dott, ink\u00e1bb azt s\u00e9relmezte, hogy a t\u00f6rt\u00e9net nem engedte igaz\u00e1n megsz\u00f3lalni a fekete csel\u00e9deket. Mint mondta, Aibileen \u00e9s Minny vil\u00e1g\u00e1t szem\u00e9lyesen is j\u00f3l ismeri, hiszen ezek a n\u0151k az \u00e9desanyj\u00e1ra \u00e9s a nagymam\u00e1j\u00e1ra eml\u00e9keztett\u00e9k, \u00e9ppen ez\u00e9rt hi\u00e1nyolta, hogy a film val\u00f3ban megmutassa, hogyan \u00e9lt\u00e9k meg \u0151k a helyzet\u00fcket, \u00e9s mit gondoltak arr\u00f3l, hogy feh\u00e9r csal\u00e1dokn\u00e1l dolgoztak \u00e9s azok gyerekeit nevelt\u00e9k.<\/p>\n<p>&#13;<br \/>\nMegan Fox \u2013 Transformers&#13;<br \/>\n&#13;<\/p>\n<p class=\"isSelectedEnd\"><a href=\"https:\/\/port.hu\/adatlap\/szemely\/megan-fox\/person-217547\" target=\"_blank\" rel=\"noopener nofollow\">Megan Fox<\/a> sz\u00e1m\u00e1ra a Transformers hozta meg a vil\u00e1gh\u00edrt, a filmek k\u00f6r\u00fcli konfliktusok ugyanakkor p\u00e1lyafut\u00e1sa egyik legnehezebb id\u0151szak\u00e1hoz vezettek. Fox annak idej\u00e9n rendk\u00edv\u00fcl kem\u00e9nyen kritiz\u00e1lta Michael Bay rendez\u0151t, t\u00f6bbek k\u00f6z\u00f6tt a szem\u00e9lyis\u00e9g\u00e9t \u00e9s a munkam\u00f3dszereit is, nyilatkozatai ut\u00e1n pedig a harmadik Transformers-filmben m\u00e1r nem is t\u00e9rt vissza. K\u00e9s\u0151bb maga is \u00fagy tekintett vissza erre az id\u0151szakra, mint karrierje m\u00e9lypontj\u00e1ra. Azt mondta, mind\u00f6ssze bocs\u00e1natot kellett volna k\u00e9rnie, \u0151 azonban 23 \u00e9vesen t\u00fals\u00e1gosan \u00f6n\u00e9rzetes volt ahhoz, hogy ezt megtegye. \u00c9vekkel k\u00e9s\u0151bb m\u00e1r \u00fagy l\u00e1tta, a t\u00f6rt\u00e9ntekb\u0151l rengeteget tanult.<\/p>\n<p>&#13;<br \/>\nAngus T. Jones \u2013 K\u00e9t pasi \u2013 meg egy kicsi<br \/>\n&#13;<br \/>\n&#13;<\/p>\n<p data-start=\"92\" data-end=\"380\"><a href=\"https:\/\/port.hu\/adatlap\/szemely\/angus-t-jones\/person-655970\" target=\"_blank\" rel=\"noopener nofollow\">Angus T. Jones<\/a> gyereksz\u00edn\u00e9szk\u00e9nt lett ismert a K\u00e9t pasi \u2013 meg egy kicsi Jake Harperjek\u00e9nt, \u00e9s \u00e9veken \u00e1t a sorozat egyik k\u00f6zponti szerepl\u0151je volt. A karakter azonban id\u0151vel \u00e9rtelemszer\u0171en egyre feln\u0151ttesebb t\u00f6rt\u00e9netsz\u00e1lakat kapott, amit Jones nem igaz\u00e1n tudott \u00f6sszeegyeztetni saj\u00e1t \u00e9rt\u00e9krendj\u00e9vel. Miut\u00e1n 2012-ben er\u0151sebben a vall\u00e1s fel\u00e9 fordult, m\u00e1r ny\u00edltan kritiz\u00e1lta a sorozatot \u00e9s annak tartalm\u00e1t. Egy vide\u00f3ban od\u00e1ig ment, hogy arra k\u00e9rte a n\u00e9z\u0151ket: ne n\u00e9zz\u00e9k tov\u00e1bb a K\u00e9t pasi \u2013 meg egy kicsit. Mint mondta, \u0151 maga is benne van, m\u00e9gsem akar r\u00e9sze lenni, \u00e9s nem szeretn\u00e9, ha az emberek ilyen tartalmakat fogyasztan\u00e1nak.\u00a0<\/p>\n<p>&#13;<br \/>\nCrispin Glover \u2013 Vissza a j\u00f6v\u0151be&#13;<br \/>\n&#13;<\/p>\n<p data-start=\"796\" data-end=\"941\"><a href=\"https:\/\/port.hu\/adatlap\/szemely\/crispin-glover\/person-14337\" target=\"_blank\" rel=\"noopener nofollow\">Crispin Glover<\/a> George McFly szerep\u00e9vel v\u00e1lt igaz\u00e1n ismertt\u00e9, k\u00e9s\u0151bb azonban komoly fenntart\u00e1sai lettek az els\u0151 Vissza a j\u00f6v\u0151be \u00fczenet\u00e9vel kapcsolatban. A sz\u00edn\u00e9sz f\u0151 probl\u00e9m\u00e1ja a film befejez\u00e9s\u00e9vel volt, ugyanis \u00fagy \u00e9rezte, a t\u00f6rt\u00e9net azt sugallja, hogy Marty csal\u00e1dj\u00e1nak \u00e9lete az\u00e9rt lesz jobb, mert a megv\u00e1ltozott id\u0151vonalon gazdagabbak, szebb h\u00e1zban \u00e9lnek \u00e9s jobb dolgaik vannak. Glover szerint sokkal er\u0151sebb lett volna az \u00fczenet, ha ugyanabban az anyagi helyzetben maradnak, csak boldogabbak \u00e9s kiegyens\u00falyozottabbak lesznek.\u00a0 \u00c1ll\u00edt\u00f3lag ezt Robert Zemeckis rendez\u0151nek is sz\u00f3v\u00e1 tette, aki nem fogadta t\u00fal j\u00f3l a kritik\u00e1t. Glover v\u00e9g\u00fcl nem t\u00e9rt vissza George McFly szerep\u00e9ben a folytat\u00e1sokra, \u00e9s az\u00f3ta is nagyr\u00e9szt t\u00e1vol tartja mag\u00e1t a Vissza a j\u00f6v\u0151be k\u00f6r\u00e9 szervezett tal\u00e1lkoz\u00f3kt\u00f3l \u00e9s nosztalgiaesem\u00e9nyekt\u0151l.<\/p>\n<p>&#13;<\/p>\n<p>A sz\u00edn\u00e9sz vissza nem t\u00e9r\u00e9s\u00e9nek am\u00fagy volt egy komolyabb ut\u00f3\u00e9lete is. A k\u00e9sz\u00edt\u0151k Jeffrey Weissmant szerz\u0151dtett\u00e9k a hely\u00e9re, akire olyan prot\u00e9zismaszkot adtak, amelyet Glover arc\u00e1r\u00f3l kor\u00e1bban k\u00e9sz\u00edtett mint\u00e1k alapj\u00e1n alak\u00edtottak ki. A jeleneteket r\u00e1ad\u00e1sul \u00fagy vett\u00e9k fel, hogy Weissman gyakran t\u00e1volr\u00f3l, r\u00e9szben takar\u00e1sban vagy \u00e9ppen fejjel lefel\u00e9 l\u00e1tszott, mik\u00f6zben az els\u0151 filmb\u0151l sz\u00e1rmaz\u00f3 felv\u00e9teleket is felhaszn\u00e1ltak. Glover ezt k\u00e9s\u0151bb kifog\u00e1solta, \u00e9s jogi vita lett abb\u00f3l, hogy a st\u00fadi\u00f3 l\u00e9nyeg\u00e9ben az \u0151 k\u00e9pm\u00e1s\u00e1t haszn\u00e1lta fel \u00fagy, hogy \u0151 maga m\u00e1r nem vett r\u00e9szt a filmben.<\/p>\n<p>&#13;<\/p>\n<p>                <a href=\"https:\/\/google.com\/preferences\/source?q=https:\/\/port.hu\" target=\"_blank\" class=\"google-pref-banner\" id=\"googlePrefBanner\" rel=\"nofollow noopener\"><br \/>\n                    <img loading=\"lazy\" decoding=\"async\" src=\"https:\/\/port.hu\/img\/svg\/google-logo.svg\" width=\"52\" height=\"52\"\/><br \/>\n                    Itt \u00e1ll\u00edtsa be, hogy a Port az els\u0151k k\u00f6z\u00f6tt legyen a Google-tal\u00e1latokban!<\/p>\n<p>                <\/a><\/p>\n","protected":false},"excerpt":{"rendered":"Van, aki a forgat\u00e1st gy\u0171l\u00f6lte, m\u00e1s a karakter\u00e9t, \u00e9s olyan is akad, aki \u00e9vtizedekkel k\u00e9s\u0151bb m\u00e1r a film&hellip;\n","protected":false},"author":2,"featured_media":230500,"comment_status":"","ping_status":"","sticky":false,"template":"","format":"standard","meta":{"footnotes":"","_share_on_mastodon":"0"},"categories":[16],"tags":[53726,60979,9321,137,167,7533,44,42,40,10032,43,41,7663,14425,1162,166,7100,33452,3219,138,54862,13603],"class_list":["post-230499","post","type-post","status-publish","format-standard","has-post-thumbnail","category-szorakozas","tag-angus-t-jones","tag-carrie-fisher","tag-crispin-glover","tag-entertainment","tag-film","tag-harrison-ford","tag-hu","tag-hungarian","tag-hungary","tag-kate-winslet","tag-magyar","tag-magyarorszag","tag-megan-fox","tag-megbanta","tag-michelle-pfeiffer","tag-mozi","tag-robert-pattinson","tag-sean-connery","tag-szineszek","tag-szorakozas","tag-tv2tv","tag-viola-davis"],"share_on_mastodon":{"url":"https:\/\/pubeurope.com\/@hu\/117203444337056604","error":""},"_links":{"self":[{"href":"https:\/\/www.europesays.com\/hu\/wp-json\/wp\/v2\/posts\/230499","targetHints":{"allow":["GET"]}}],"collection":[{"href":"https:\/\/www.europesays.com\/hu\/wp-json\/wp\/v2\/posts"}],"about":[{"href":"https:\/\/www.europesays.com\/hu\/wp-json\/wp\/v2\/types\/post"}],"author":[{"embeddable":true,"href":"https:\/\/www.europesays.com\/hu\/wp-json\/wp\/v2\/users\/2"}],"replies":[{"embeddable":true,"href":"https:\/\/www.europesays.com\/hu\/wp-json\/wp\/v2\/comments?post=230499"}],"version-history":[{"count":0,"href":"https:\/\/www.europesays.com\/hu\/wp-json\/wp\/v2\/posts\/230499\/revisions"}],"wp:featuredmedia":[{"embeddable":true,"href":"https:\/\/www.europesays.com\/hu\/wp-json\/wp\/v2\/media\/230500"}],"wp:attachment":[{"href":"https:\/\/www.europesays.com\/hu\/wp-json\/wp\/v2\/media?parent=230499"}],"wp:term":[{"taxonomy":"category","embeddable":true,"href":"https:\/\/www.europesays.com\/hu\/wp-json\/wp\/v2\/categories?post=230499"},{"taxonomy":"post_tag","embeddable":true,"href":"https:\/\/www.europesays.com\/hu\/wp-json\/wp\/v2\/tags?post=230499"}],"curies":[{"name":"wp","href":"https:\/\/api.w.org\/{rel}","templated":true}]}}