{"id":230509,"date":"2026-09-02T21:03:23","date_gmt":"2026-09-02T21:03:23","guid":{"rendered":"https:\/\/www.europesays.com\/hu\/230509\/"},"modified":"2026-09-02T21:03:23","modified_gmt":"2026-09-02T21:03:23","slug":"ezen-a-napon-szuletett-froncz-antal-aki-jatekoskent-es-edzokent-is-bajnok-volt-az-mtk-val","status":"publish","type":"post","link":"https:\/\/www.europesays.com\/hu\/230509\/","title":{"rendered":"Ezen a napon sz\u00fcletett Froncz Antal, aki j\u00e1t\u00e9kosk\u00e9nt \u00e9s edz\u0151k\u00e9nt is bajnok volt az MTK-val\u00a0"},"content":{"rendered":"<p>1889-ben ezen a napon sz\u00fcletett Froncz Antal, aki j\u00e1t\u00e9kosk\u00e9nt \u00e9s edz\u0151k\u00e9nt is bajnok volt az MTK-val\u00a0<\/p>\n<p>FRONCZ (Frontz) ANTAL \u00a0(1889. szeptember 3. &#8211; Budapest, 1928. november 18.) magyar bajnok labdar\u00fag\u00f3, csat\u00e1r, edz\u0151. Neve sokf\u00e9lek\u00e9pp szerepel: Frontz (D\u00f6me), Froncz Antal, Frank D\u00f6me, Froncz Antal Adolf. Az Antal helyett sokszor becenev\u00e9t, a D\u00f6m\u00e9t haszn\u00e1lta, m\u00e9g hivatalos iratokon is.\u00a0<\/p>\n<p>Az URAK-ban kezdte a labdar\u00fag\u00e1st. J\u00e1t\u00e9kosk\u00e9nt tagja volt az MTK 1907-1908-as id\u00e9nyben bajnoks\u00e1got nyert csapat\u00e1nak, 2 m\u00e9rk\u0151z\u00e9sen szerepelt. Ezt k\u00f6vet\u0151en a Testv\u00e9ris\u00e9gben \u00e9s a T\u00f6rekv\u00e9sben j\u00e1tszott. Egy s\u00e9r\u00fcl\u00e9s kor\u00e1n v\u00e9get vetett futball p\u00e1lyafut\u00e1s\u00e1nak.\u00a0<\/p>\n<p>Edz\u0151k\u00e9nt a BSE-ben kezdte, majd a V\u00edv\u00f3 AC, a Vasas, a Pozsonyi MTK, a Hagibor Kolozsv\u00e1r, \u00e9s \u00fajra a Vasas egy\u00fcttese k\u00f6vetkezett.<\/p>\n<p>Az MTK-nak az 1922-1923-as bajnoks\u00e1gban &#8211; melyet megnyert \u00e9s kupagy\u0151ztes is lett &#8211; az els\u0151 h\u00e1rom m\u00e9rk\u0151z\u00e9sen Herbert Burgess volt az edz\u0151je, majd az \u0151sz h\u00e1tral\u00e9v\u0151 r\u00e9sz\u00e9ben Frontz Antal ir\u00e1ny\u00edtotta a csapatot, aki az id\u00e9ny v\u00e9g\u00e9n t\u00e1vozott. Az MTK-nak a tavasszal nem volt szerz\u0151dtetett edz\u0151je.<\/p>\n<p>\u00c9rdekes, hogy a legt\u00f6bb futball t\u00f6rt\u00e9neti oldal neki &#8222;ad&#8221; h\u00e1rom MTK bajnoki c\u00edmet (1922\u20131923, 1923\u20131924, 1924\u20131925), \u00e9s k\u00e9t Magyar Kupa gy\u0151zelmet (1923, 1925).<\/p>\n<p>Az 1922-1923-as bajnoki c\u00edmhez &#8222;volt k\u00f6ze&#8221;. \u00a0Az 1923-1924-es bajnoks\u00e1gban \u0151sszel \u00e9s 1924 m\u00e1rcius\u00e1ig B\u00edr\u00f3 Gyula volt az edz\u0151, de a pontvad\u00e1szatot szerz\u0151dtetett tr\u00e9ner n\u00e9lk\u00fcl fejezte be az MTK, \u00e1m \u00edgy is \u00a0bajnokok lettek. 1924-1925-ben nem volt szerz\u0151dtetett edz\u0151je az MTK-nak, b\u00e1r t\u00f6bb \u00fajs\u00e1gban a csapatfot\u00f3kon &#8211; t\u00e9vesen &#8211; Tak\u00e1cs B\u00e9la szerepel edz\u0151k\u00e9nt.<\/p>\n<p>A k\u00e9t Magyar Kupa gy\u0151zelem idej\u00e9n (1923, 1925) nem volt szerz\u0151dtetett edz\u0151je az MTK-nak.<\/p>\n<p>Frontz Antal 1926-1927-ben a Temesv\u00e1ri Kinizsin\u00e9l tev\u00e9kenykedett, s rom\u00e1n bajnoki c\u00edmet szerzett. Az 1927\u20131928-as id\u00e9nyben a Bocskai FC \u00e9s vele p\u00e1rduzamosan a Debreceni VSC vezet\u0151edz\u0151je volt. 1928. \u00e1prilis 2-\u00e1n mondott fel a debreceni csapatn\u00e1l. A Budapest SE-ben folytatta, majd 1928. j\u00falius \u00e9s 1928. okt\u00f3ber k\u00f6z\u00f6tt a Kispest FC tr\u00e9nere volt.<\/p>\n<p>Okt\u00f3ber 12-\u00e9n agyv\u00e9rz\u00e9st kapott, \u00e9s november 18-\u00e1n, 39 \u00e9ves kor\u00e1ban elhunyt a ferencv\u00e1rosi Szent Istv\u00e1n k\u00f3rh\u00e1zban.\u00a0<\/p>\n<p>A R\u00e1koskereszt\u00fari \u00daj K\u00f6ztemet\u0151ben nyugszik.<\/p>\n","protected":false},"excerpt":{"rendered":"1889-ben ezen a napon sz\u00fcletett Froncz Antal, aki j\u00e1t\u00e9kosk\u00e9nt \u00e9s edz\u0151k\u00e9nt is bajnok volt az MTK-val\u00a0 FRONCZ (Frontz)&hellip;\n","protected":false},"author":2,"featured_media":230510,"comment_status":"","ping_status":"","sticky":false,"template":"","format":"standard","meta":{"footnotes":"","_share_on_mastodon":"0"},"categories":[22],"tags":[2501,73,378,553,44,42,40,2497,502,2500,43,41,1071,2504,2503,2499,2502,2498],"class_list":["post-230509","post","type-post","status-publish","format-standard","has-post-thumbnail","category-budapest","tag-brull-alfred-akademia","tag-budapest","tag-foci","tag-futball","tag-hu","tag-hungarian","tag-hungary","tag-kekek","tag-labdarugas","tag-labdarugo-akademia","tag-magyar","tag-magyarorszag","tag-mtk-budapest","tag-mtk-focicsapat","tag-mtk-stadion","tag-sandor-karoly","tag-sportegyesulet","tag-uj-hidegkuti-nandor-stadion"],"share_on_mastodon":{"url":"https:\/\/pubeurope.com\/@hu\/117203475327422696","error":""},"_links":{"self":[{"href":"https:\/\/www.europesays.com\/hu\/wp-json\/wp\/v2\/posts\/230509","targetHints":{"allow":["GET"]}}],"collection":[{"href":"https:\/\/www.europesays.com\/hu\/wp-json\/wp\/v2\/posts"}],"about":[{"href":"https:\/\/www.europesays.com\/hu\/wp-json\/wp\/v2\/types\/post"}],"author":[{"embeddable":true,"href":"https:\/\/www.europesays.com\/hu\/wp-json\/wp\/v2\/users\/2"}],"replies":[{"embeddable":true,"href":"https:\/\/www.europesays.com\/hu\/wp-json\/wp\/v2\/comments?post=230509"}],"version-history":[{"count":0,"href":"https:\/\/www.europesays.com\/hu\/wp-json\/wp\/v2\/posts\/230509\/revisions"}],"wp:featuredmedia":[{"embeddable":true,"href":"https:\/\/www.europesays.com\/hu\/wp-json\/wp\/v2\/media\/230510"}],"wp:attachment":[{"href":"https:\/\/www.europesays.com\/hu\/wp-json\/wp\/v2\/media?parent=230509"}],"wp:term":[{"taxonomy":"category","embeddable":true,"href":"https:\/\/www.europesays.com\/hu\/wp-json\/wp\/v2\/categories?post=230509"},{"taxonomy":"post_tag","embeddable":true,"href":"https:\/\/www.europesays.com\/hu\/wp-json\/wp\/v2\/tags?post=230509"}],"curies":[{"name":"wp","href":"https:\/\/api.w.org\/{rel}","templated":true}]}}