{"id":230511,"date":"2026-09-02T21:09:22","date_gmt":"2026-09-02T21:09:22","guid":{"rendered":"https:\/\/www.europesays.com\/hu\/230511\/"},"modified":"2026-09-02T21:09:22","modified_gmt":"2026-09-02T21:09:22","slug":"kult-szabo-kimmel-tamas-otthagyja-a-central-szinhazat","status":"publish","type":"post","link":"https:\/\/www.europesays.com\/hu\/230511\/","title":{"rendered":"Kult: Szab\u00f3 Kimmel Tam\u00e1s otthagyja a Centr\u00e1l Sz\u00ednh\u00e1zat"},"content":{"rendered":"<p>Hosszas gondolkod\u00e1s-m\u00e9rlegel\u00e9s ut\u00e1n, azt a d\u00f6nt\u00e9st hoztam, hogy ett\u0151l az \u00e9vadt\u00f3l megv\u00e1lok a Centr\u00e1l Sz\u00ednh\u00e1zas szerepeimt\u0151l, illetve tags\u00e1gomt\u00f3l<\/p>\n<p> \u2013 jelentette be <a href=\"https:\/\/www.facebook.com\/szabokimmel\/posts\/pfbid0mmY2UQS3BngwNEcxroa9YNZzvhwJsb9gc3GXDVLJCNKusXpt3NnJzyw7oFkEwKJvl\" target=\"_blank\" rel=\"nofollow noopener\">k\u00f6z\u00f6ss\u00e9gi oldal\u00e1n<\/a> szerda d\u00e9lut\u00e1n Szab\u00f3 Kimmel Tam\u00e1s, sikeres \u00e9vadot \u00e9s tov\u00e1bbi j\u00f3 munk\u00e1t k\u00edv\u00e1nva a t\u00e1rsulatnak.<\/p>\n<p> <a href=\"https:\/\/www.facebook.com\/szabokimmel\/posts\/pfbid0mmY2UQS3BngwNEcxroa9YNZzvhwJsb9gc3GXDVLJCNKusXpt3NnJzyw7oFkEwKJvl\" target=\"_blank\" rel=\"nofollow noopener\"> <\/p>\n<p>https:\/\/www.facebook.com\/szabokimmel\/posts\/pfbid0mmY2UQS3BngwNEcxroa9YNZzvhwJsb9gc3GXDVLJCNKusXpt3NnJzyw7oFkEwKJvl<\/p>\n<p>A sz\u00edn\u00e9sz jelezte: tov\u00e1bbra is l\u00e1that\u00f3 lesz a Fl\u00f3dni, valamint a Szeretetkert improviz\u00e1ci\u00f3s el\u0151ad\u00e1sain, ahogy novembert\u0151l a 6sz\u00edn Te\u00e1trumban is, ahol Szalagkorl\u00e1t c\u00edm\u0171 standupj\u00e1val fog szerepelni. S\u0151t, egy \u00faj monodr\u00e1m\u00e1val is k\u00e9sz\u00fcl az \u00e9vad m\u00e1sodik fel\u00e9re, illetve egy \u00fajonnan alakul\u00f3 impr\u00f3 csapathoz is csatlakozik.<\/p>\n<p>El\u0151sz\u00f6r azonban r\u00f6vid id\u0151re elvonul leforgatni egy \u00faj, koprodukci\u00f3s dokumentumfilmet, amire m\u00e1r ny\u00e1r eleje \u00f3ta k\u00e9sz\u00fcl.<\/p>\n<p>\u201eUnatkozni nem fogok\u201d \u2013 \u00edrta.<\/p>\n<p>A sz\u00edn\u00e9sszel \u00e9v elej\u00e9n k\u00e9sz\u00edtett\u00fcnk portr\u00e9 interj\u00fat, ami al\u00e1bb olvashat\u00f3.<\/p>\n<p> <a href=\"https:\/\/hvg.hu\/360\/20260214_202607-szabo-kimmel-tamas-szinesz-central-szinhaz-film-interju\" target=\"_self\" rel=\"nofollow noopener\"> <\/p>\n<p>https:\/\/hvg.hu\/360\/20260214_202607-szabo-kimmel-tamas-szinesz-central-szinhaz-film-interju<\/p>\n<p>Nyit\u00f3k\u00e9p: HVG \/ Moln\u00e1r Zs\u00f3fia<\/p>\n","protected":false},"excerpt":{"rendered":"Hosszas gondolkod\u00e1s-m\u00e9rlegel\u00e9s ut\u00e1n, azt a d\u00f6nt\u00e9st hoztam, hogy ett\u0151l az \u00e9vadt\u00f3l megv\u00e1lok a Centr\u00e1l Sz\u00ednh\u00e1zas szerepeimt\u0151l, illetve tags\u00e1gomt\u00f3l&hellip;\n","protected":false},"author":2,"featured_media":230512,"comment_status":"","ping_status":"","sticky":false,"template":"","format":"standard","meta":{"footnotes":"","_share_on_mastodon":"0"},"categories":[16],"tags":[1854,137,44,42,40,27691,43,41,10240,1857,1650,138,17280],"class_list":["post-230511","post","type-post","status-publish","format-standard","has-post-thumbnail","category-szorakozas","tag-central-szinhaz","tag-entertainment","tag-hu","tag-hungarian","tag-hungary","tag-improvizacio","tag-magyar","tag-magyarorszag","tag-standup","tag-szabo-kimmel-tamas","tag-szinhaz","tag-szorakozas","tag-tavozas"],"share_on_mastodon":{"url":"https:\/\/pubeurope.com\/@hu\/117203498725712239","error":""},"_links":{"self":[{"href":"https:\/\/www.europesays.com\/hu\/wp-json\/wp\/v2\/posts\/230511","targetHints":{"allow":["GET"]}}],"collection":[{"href":"https:\/\/www.europesays.com\/hu\/wp-json\/wp\/v2\/posts"}],"about":[{"href":"https:\/\/www.europesays.com\/hu\/wp-json\/wp\/v2\/types\/post"}],"author":[{"embeddable":true,"href":"https:\/\/www.europesays.com\/hu\/wp-json\/wp\/v2\/users\/2"}],"replies":[{"embeddable":true,"href":"https:\/\/www.europesays.com\/hu\/wp-json\/wp\/v2\/comments?post=230511"}],"version-history":[{"count":0,"href":"https:\/\/www.europesays.com\/hu\/wp-json\/wp\/v2\/posts\/230511\/revisions"}],"wp:featuredmedia":[{"embeddable":true,"href":"https:\/\/www.europesays.com\/hu\/wp-json\/wp\/v2\/media\/230512"}],"wp:attachment":[{"href":"https:\/\/www.europesays.com\/hu\/wp-json\/wp\/v2\/media?parent=230511"}],"wp:term":[{"taxonomy":"category","embeddable":true,"href":"https:\/\/www.europesays.com\/hu\/wp-json\/wp\/v2\/categories?post=230511"},{"taxonomy":"post_tag","embeddable":true,"href":"https:\/\/www.europesays.com\/hu\/wp-json\/wp\/v2\/tags?post=230511"}],"curies":[{"name":"wp","href":"https:\/\/api.w.org\/{rel}","templated":true}]}}