{"id":230538,"date":"2026-09-02T21:31:28","date_gmt":"2026-09-02T21:31:28","guid":{"rendered":"https:\/\/www.europesays.com\/hu\/230538\/"},"modified":"2026-09-02T21:31:28","modified_gmt":"2026-09-02T21:31:28","slug":"szuletesnapi-pagonyfeszt-a-durer-kertben-programok","status":"publish","type":"post","link":"https:\/\/www.europesays.com\/hu\/230538\/","title":{"rendered":"Sz\u00fclet\u00e9snapi PagonyFeszt a D\u00fcrer Kertben &#8211; Programok"},"content":{"rendered":"<p>Szeptember 20-\u00e1n sz\u00fclet\u00e9snapi fesztiv\u00e1llal jelentkezik a <a href=\"https:\/\/welovebudapest.com\/cikk\/2026\/09\/01\/pagony-konyvesbolt-kiado-25-eves-interju\/\" target=\"_blank\" rel=\"nofollow noopener\">Pagony<\/a> 25. \u00e9vfordul\u00f3ja alkalm\u00e1b\u00f3l. A <a href=\"https:\/\/welovebudapest.com\/hely\/durer-kert\/\" target=\"_blank\" rel=\"nofollow noopener\">D\u00fcrer Kertben<\/a> zajl\u00f3 esem\u00e9nyen t\u00f6bbek k\u00f6z\u00f6tt Gryllus Vilmos, a Rutkai Bori Banda \u00e9s a Boribon koncertje v\u00e1rja a l\u00e1togat\u00f3kat, de b\u00e1bsz\u00ednh\u00e1zi \u00e9s sz\u00ednh\u00e1zi el\u0151ad\u00e1sok is m\u0171sorra ker\u00fclnek. A rendezv\u00e9nyen gyerekirodalmi besz\u00e9lget\u00e9sek is helyet kapnak olyan t\u00e9m\u00e1kr\u00f3l, mint a versek, a humor, valamint a mer\u00e9szs\u00e9g \u00e9s a biztons\u00e1g. Eg\u00e9sz nap mesefotel, k\u00f6z\u00f6s illusztr\u00e1ci\u00f3k\u00e9sz\u00edt\u00e9s, rajzfilmvet\u00edt\u00e9s, k\u00e9zm\u0171vesked\u00e9s, t\u00e1rsasoz\u00e1s, csill\u00e1mtetk\u00f3, tombola \u00e9s j\u00e1t\u00e9kos programok v\u00e1rj\u00e1k a csal\u00e1dokat.<\/p>\n<p>&#13;<br \/>\n&#13;<\/p>\n<p>(Bor\u00edt\u00f3k\u00e9p: Juh\u00e1sz Norbert &#8211; We Love Budapest)<\/p>\n<p><a href=\"https:\/\/dex.hu\/x.php?id=googlepref_desktop_welovebudapest&amp;url=https:\/\/google.com\/preferences\/source?q=https:\/\/welovebudapest.com\/\" class=\"google-pref-banner \" id=\"googlePrefBanner\" rel=\"nofollow noopener\" target=\"_blank\"><\/p>\n<p>        \u00c1ll\u00edtsd be a Google keres\u0151j\u00e9t, hogy a tal\u00e1latok k\u00f6z\u00f6tt biztos ott legyen a We Love Budapest!    <\/p>\n<p><\/a><\/p>\n<p>        <img decoding=\"async\" class=\"wlbkonyv-ajanlo_img\" src=\"https:\/\/www.europesays.com\/hu\/wp-content\/uploads\/2026\/09\/1788384688_321_71107885_0d706056e4c2d5770ec30c3bc3ac7603_wm.jpg\" alt=\"\" style=\"\"\/><\/p>\n<p class=\"wlbkonyv-ajanlo_promocio\">hirdet\u00e9s<\/p>\n<p>Folytatn\u00e1d az olvas\u00e1st? Szeretsz mindig k\u00e9pben lenni, \u00e9rdekelnek a leg\u00fajabb budapesti h\u00edrek, t\u00f6rt\u00e9netek? <a target=\"_blank\" href=\"https:\/\/welovebudapest.com\/hirlevel\/feliratkozas\" rel=\"nofollow noopener\">Iratkozz fel heti h\u00edrlevel\u00fcnkre<\/a>, az Insiderre, \u00e9s legy\u00e9l te a t\u00e1rsas\u00e1g ir\u00e1nyt\u0171je, ha \u00e9ttermet, kir\u00e1ndul\u00f3helyet vagy programot kerestek!<\/p>\n<p>                C\u00edmk\u00e9k            <\/p>\n","protected":false},"excerpt":{"rendered":"Szeptember 20-\u00e1n sz\u00fclet\u00e9snapi fesztiv\u00e1llal jelentkezik a Pagony 25. \u00e9vfordul\u00f3ja alkalm\u00e1b\u00f3l. A D\u00fcrer Kertben zajl\u00f3 esem\u00e9nyen t\u00f6bbek k\u00f6z\u00f6tt Gryllus&hellip;\n","protected":false},"author":2,"featured_media":230539,"comment_status":"","ping_status":"","sticky":false,"template":"","format":"standard","meta":{"footnotes":"","_share_on_mastodon":"0"},"categories":[22],"tags":[56029,371,73,1654,3729,44,42,40,1166,213,43,41,58571,2980,939,1650],"class_list":["post-230538","post","type-post","status-publish","format-standard","has-post-thumbnail","category-budapest","tag-babszinhaz","tag-beszelgetes","tag-budapest","tag-csaladi-program","tag-durer-kert","tag-hu","tag-hungarian","tag-hungary","tag-irodalom","tag-koncert","tag-magyar","tag-magyarorszag","tag-pagony","tag-programok","tag-szabadido","tag-szinhaz"],"share_on_mastodon":{"url":"https:\/\/pubeurope.com\/@hu\/117203585355111229","error":""},"_links":{"self":[{"href":"https:\/\/www.europesays.com\/hu\/wp-json\/wp\/v2\/posts\/230538","targetHints":{"allow":["GET"]}}],"collection":[{"href":"https:\/\/www.europesays.com\/hu\/wp-json\/wp\/v2\/posts"}],"about":[{"href":"https:\/\/www.europesays.com\/hu\/wp-json\/wp\/v2\/types\/post"}],"author":[{"embeddable":true,"href":"https:\/\/www.europesays.com\/hu\/wp-json\/wp\/v2\/users\/2"}],"replies":[{"embeddable":true,"href":"https:\/\/www.europesays.com\/hu\/wp-json\/wp\/v2\/comments?post=230538"}],"version-history":[{"count":0,"href":"https:\/\/www.europesays.com\/hu\/wp-json\/wp\/v2\/posts\/230538\/revisions"}],"wp:featuredmedia":[{"embeddable":true,"href":"https:\/\/www.europesays.com\/hu\/wp-json\/wp\/v2\/media\/230539"}],"wp:attachment":[{"href":"https:\/\/www.europesays.com\/hu\/wp-json\/wp\/v2\/media?parent=230538"}],"wp:term":[{"taxonomy":"category","embeddable":true,"href":"https:\/\/www.europesays.com\/hu\/wp-json\/wp\/v2\/categories?post=230538"},{"taxonomy":"post_tag","embeddable":true,"href":"https:\/\/www.europesays.com\/hu\/wp-json\/wp\/v2\/tags?post=230538"}],"curies":[{"name":"wp","href":"https:\/\/api.w.org\/{rel}","templated":true}]}}