{"id":230570,"date":"2026-09-02T22:06:16","date_gmt":"2026-09-02T22:06:16","guid":{"rendered":"https:\/\/www.europesays.com\/hu\/230570\/"},"modified":"2026-09-02T22:06:16","modified_gmt":"2026-09-02T22:06:16","slug":"index-sport-lassan-gyogyul-a-red-bull-pilota-serulese-monzaban-sem-tud-autoba-ulni","status":"publish","type":"post","link":"https:\/\/www.europesays.com\/hu\/230570\/","title":{"rendered":"Index &#8211; Sport &#8211; Lassan gy\u00f3gyul a Red Bull-pil\u00f3ta s\u00e9r\u00fcl\u00e9se, Monz\u00e1ban sem tud aut\u00f3ba \u00fclni"},"content":{"rendered":"<p>        <img decoding=\"async\" src=\"https:\/\/www.europesays.com\/hu\/wp-content\/uploads\/2026\/09\/71377919_9ffcae5a46a4b5c240e46d00e22a7437_wm.jpg\" alt=\"DSC4968\"\/><\/p>\n<p>                <a href=\"https:\/\/index.hu\/szerzo\/meszaros_barnabas\" rel=\"nofollow noopener\" target=\"_blank\"><br \/>\n                        <img decoding=\"async\" class=\"szerzo-kep\" src=\"https:\/\/www.europesays.com\/hu\/wp-content\/uploads\/2026\/09\/1788386776_243_60571995_4479771_c2ccf4232c9ec23dd45a0b9507e7e11b_wm.jpg\" alt=\"M\u00e9sz\u00e1ros Barnab\u00e1s\"\/><br \/>\n                <\/a><\/p>\n<p>\n                Isack Hadjar tov\u00e1bbra sem eg\u00e9szs\u00e9ges, \u00edgy a zandvoorti futamhoz hasonl\u00f3an a Forma-1-es vil\u00e1gbajnoks\u00e1g h\u00e9tv\u00e9gi Olasz Nagyd\u00edj\u00e1n is Liam Lawson helyettes\u00edti majd. A franci\u00e1nak k\u00e9t h\u00e9ttel ezel\u0151tt bokszol\u00e1s k\u00f6zben s\u00e9r\u00fclt meg a csukl\u00f3ja.            <\/p>\n<p>A Red Bull csapat szerd\u00e1n bejelentett h\u00edr\u00e9ben kiemelte: a francia pil\u00f3ta s\u00e9r\u00fclt testr\u00e9sze a rehabilit\u00e1ci\u00f3s munk\u00e1nak k\u00f6sz\u00f6nhet\u0151en biztat\u00f3 eredm\u00e9nyeket mutat ugyan, de a visszat\u00e9r\u00e9s\u00e9vel nem sz\u00e1nd\u00e9koznak felesleges kock\u00e1zatot v\u00e1llalni.<\/p>\n<p>\n                          Lawsont a Racing Bullsn\u00e1l\u00a0\u2013 ahogyan a <a href=\"https:\/\/index.hu\/sport\/motorsport\/2026\/08\/19\/formula-1-f1-holland-nagydij-isack-hadjar-red-bull-liam-lawson-yuki-tsunoda-racing-bulls\/\" id=\"hyperlink_1dba07a099cbb759abb4c34721fce2c5\" target=\"_blank\" title=\"A Red Bull versenyz\u0151je s\u00e9r\u00fcl\u00e9s miatt kihagyja a Holland Nagyd\u00edjat\" data-recommendation=\"bekezdes_utan\" data-recommendation-preview=\"{&quot;og:title&quot;:&quot;A Red Bull versenyz\\u0151je s\u00e9r\u00fcl\u00e9s miatt kihagyja a Holland Nagyd\u00edjat&quot;,&quot;og:description&quot;:&quot;M\u00e1r azt is tudni, hogy ki ugrik be a hely\u00e9re.&quot;,&quot;og:image&quot;:&quot;\\\/\\\/kep.cdn.indexvas.hu\\\/1\\\/0\\\/7110\\\/71102\\\/711021\\\/71102167_5243573_436db901087f60a0b0815141e8df6fef_wm.jpg&quot;}\" data-recommendation-id=\"6265225\" rel=\"nofollow noopener\">Holland Nagyd\u00edjon<\/a>\u00a0\u2013 ism\u00e9t a jap\u00e1n Cunoda Juki p\u00f3tolja majd.\n                        <\/p>\n<p>Hadjar k\u00e9t h\u00e9ttel ezel\u0151tt bokszol\u00e1s k\u00f6zben szenvedett csukl\u00f3s\u00e9r\u00fcl\u00e9st a <a href=\"https:\/\/www.bbc.com\/sport\/formula1\/articles\/c62ekd32rk7o\" id=\"hyperlink_e651ee3239515c4ed95d2c85f202e41f\" rel=\"nofollow noopener\" target=\"_blank\">BBC<\/a> szerint, \u00e9s b\u00e1r rem\u00e9nykedett a gyors gy\u00f3gyul\u00e1sban, v\u00e9g\u00fcl m\u00e1r a m\u00e1sodik futamot k\u00e9nytelen kihagyni.<\/p>\n<p>\n                          A helyettes\u00e9nek sz\u00e1m\u00edt\u00f3 Lawson Hollandi\u00e1ban a hetedik helyen z\u00e1rt, ezzel pedig m\u00e1r kilenc k\u00fcl\u00f6nb\u00f6z\u0151 megm\u00e9rettet\u00e9sen szerzett pontokat a szezonban.\u00a0A pontversenyben 12 futamot k\u00f6vet\u0151en 49 ponttal a kilencedik helyen \u00e1ll az \u00faj-z\u00e9landi pil\u00f3ta.\n                        <\/p>\n<p>A monzai futam ut\u00e1n az F1-es vb k\u00f6vetkez\u0151 verseny\u00e9t j\u00f6v\u0151 h\u00e9tv\u00e9g\u00e9n Madridban rendezik.<\/p>\n<p>\n                          (Index\/MTI)\n                        <\/p>\n<p>(Bor\u00edt\u00f3k\u00e9p:\u00a0 Isack Hadjar a Hungaroringen 2026. j\u00falius 25-\u00e9n. Fot\u00f3: Kasz\u00e1s Tam\u00e1s \/ Index)<\/p>\n<p><a href=\"https:\/\/dex.hu\/x.php?id=googlepref_desktop&amp;url=https:\/\/google.com\/preferences\/source?q=https:\/\/index.hu\" class=\"google-pref-banner \" id=\"googlePrefBanner\" rel=\"nofollow noopener\" target=\"_blank\"><\/p>\n<p>    Itt \u00e1ll\u00edtsa be, hogy az Index az els\u0151k k\u00f6z\u00f6tt legyen a Google-tal\u00e1latokban!<\/p>\n<p><\/a><\/p>\n<p>    <img decoding=\"async\" src=\"https:\/\/index.hu\/assets\/images\/social-follow\/logo-big.svg\" alt=\"Index.hu logo\"\/><\/p>\n<p>K\u00f6vesse az Indexet Facebookon is!<\/p>\n<p>    <a href=\"https:\/\/facebook.com\/Indexhu\" target=\"_blank\" rel=\"nofollow noopener\"><\/p>\n<p>        K\u00f6vetem!<br \/>\n    <\/a><\/p>\n","protected":false},"excerpt":{"rendered":"Isack Hadjar tov\u00e1bbra sem eg\u00e9szs\u00e9ges, \u00edgy a zandvoorti futamhoz hasonl\u00f3an a Forma-1-es vil\u00e1gbajnoks\u00e1g h\u00e9tv\u00e9gi Olasz Nagyd\u00edj\u00e1n is Liam&hellip;\n","protected":false},"author":2,"featured_media":230571,"comment_status":"","ping_status":"","sticky":false,"template":"","format":"standard","meta":{"footnotes":"","_share_on_mastodon":"0"},"categories":[14],"tags":[637,1326,704,44,42,40,9554,11115,43,41,3056,45,131],"class_list":["post-230570","post","type-post","status-publish","format-standard","has-post-thumbnail","category-sport","tag-f1","tag-forma-1","tag-formula-1","tag-hu","tag-hungarian","tag-hungary","tag-isack-hadjar","tag-liam-lawson","tag-magyar","tag-magyarorszag","tag-red-bull","tag-sport","tag-sports"],"share_on_mastodon":{"url":"https:\/\/pubeurope.com\/@hu\/117203723666769575","error":""},"_links":{"self":[{"href":"https:\/\/www.europesays.com\/hu\/wp-json\/wp\/v2\/posts\/230570","targetHints":{"allow":["GET"]}}],"collection":[{"href":"https:\/\/www.europesays.com\/hu\/wp-json\/wp\/v2\/posts"}],"about":[{"href":"https:\/\/www.europesays.com\/hu\/wp-json\/wp\/v2\/types\/post"}],"author":[{"embeddable":true,"href":"https:\/\/www.europesays.com\/hu\/wp-json\/wp\/v2\/users\/2"}],"replies":[{"embeddable":true,"href":"https:\/\/www.europesays.com\/hu\/wp-json\/wp\/v2\/comments?post=230570"}],"version-history":[{"count":0,"href":"https:\/\/www.europesays.com\/hu\/wp-json\/wp\/v2\/posts\/230570\/revisions"}],"wp:featuredmedia":[{"embeddable":true,"href":"https:\/\/www.europesays.com\/hu\/wp-json\/wp\/v2\/media\/230571"}],"wp:attachment":[{"href":"https:\/\/www.europesays.com\/hu\/wp-json\/wp\/v2\/media?parent=230570"}],"wp:term":[{"taxonomy":"category","embeddable":true,"href":"https:\/\/www.europesays.com\/hu\/wp-json\/wp\/v2\/categories?post=230570"},{"taxonomy":"post_tag","embeddable":true,"href":"https:\/\/www.europesays.com\/hu\/wp-json\/wp\/v2\/tags?post=230570"}],"curies":[{"name":"wp","href":"https:\/\/api.w.org\/{rel}","templated":true}]}}