{"id":230580,"date":"2026-09-02T22:12:07","date_gmt":"2026-09-02T22:12:07","guid":{"rendered":"https:\/\/www.europesays.com\/hu\/230580\/"},"modified":"2026-09-02T22:12:07","modified_gmt":"2026-09-02T22:12:07","slug":"telex-a-haziorvosok-kedvence-lehet-a-huawei-uj-okosoraja","status":"publish","type":"post","link":"https:\/\/www.europesays.com\/hu\/230580\/","title":{"rendered":"Telex: A h\u00e1ziorvosok kedvence lehet a Huawei \u00faj okos\u00f3r\u00e1ja"},"content":{"rendered":"<p>\u00c1ltal\u00e1noss\u00e1gban ma m\u00e1r elmondhat\u00f3, hogy az okos\u00f3r\u00e1k h\u00e1rom ter\u00fcleten versenyeznek igaz\u00e1n egym\u00e1ssal:<\/p>\n<p>\u00fczemid\u0151ben;a m\u00e9r\u00e9sek pontoss\u00e1g\u00e1ban; illetveaz \u00f6sszegy\u0171jt\u00f6tt adatok elemz\u00e9s\u00e9ben.<\/p>\n<p>Az els\u0151 kett\u0151 adja mag\u00e1t, ha egy gy\u00e1rt\u00f3 nem pakol bele j\u00f3 akkumul\u00e1tort \u00e9s megfelel\u0151en \u00e9rz\u00e9keny szenzorokat az eszk\u00f6z\u00e9be, labd\u00e1ba sem r\u00faghat az egyre kompetit\u00edvebb piacon. Igaz\u00e1n \u00faj funkci\u00f3kat m\u00e1r ritk\u00e1n l\u00e1tni, b\u00e1r a v\u00e9rnyom\u00e1sm\u00e9r\u00e9st m\u00e9g eg\u00e9sz kev\u00e9s \u00f3ra tudja, \u00e9s azok is \u00e1ltal\u00e1ban optikai szenzorral dolgoznak, nem \u00fagy, mint a Huawei apr\u00f3 l\u00e9gzs\u00e1kos megold\u00e1sa. M\u00e9gis, igaz\u00e1n \u00fajat villantani a harmadik kateg\u00f3ri\u00e1ban lehet, \u00e9s itt a hat\u00e1r a csillagos \u00e9g, hossz\u00fa t\u00e1von pedig val\u00f3sz\u00edn\u0171leg ez lesz az, ami miatt az ember ink\u00e1bb egyik vagy m\u00e1sik eszk\u00f6z mellett fog d\u00f6nteni.<\/p>\n<p>A k\u00ednai gy\u00e1rt\u00f3 h\u00e1rom \u00faj okos\u00f3ramodellel \u00e9s k\u00f6z\u00fcl\u00fck kett\u0151 pro v\u00e1ltozat\u00e1val, egy tablettel \u00e9s egy f\u00fclhallgat\u00f3val \u00e9rkezett M\u00fcnchenbe az eur\u00f3pai term\u00e9kbemutat\u00f3j\u00e1ra. Az \u00f3r\u00e1k k\u00f6z\u00f6tt van kicsit er\u0151sebb, sport- \u00e9s eg\u00e9szs\u00e9gk\u00f6vet\u00e9sre sz\u00e1nt modell, de olyan is, ami m\u00e1r orvostechnikai eszk\u00f6zk\u00e9nt, v\u00e9rnyom\u00e1sm\u00e9r\u00e9sre is haszn\u00e1lhat\u00f3. Ut\u00f3bbi az\u00e9rt is \u00e9rdekes, mert az okos\u00f3r\u00e1k eg\u00e9szs\u00e9g\u00fcgyi funkci\u00f3i az elm\u00falt \u00e9vekben egyre messzebb ker\u00fcltek a l\u00e9p\u00e9ssz\u00e1ml\u00e1l\u00e1st\u00f3l: a Huawei egyes m\u00e9r\u00e9seit klinikai vizsg\u00e1latokban is tesztelt\u00e9k, b\u00e1r az eredm\u00e9nyek nem minden funkci\u00f3n\u00e1l egyform\u00e1n meggy\u0151z\u0151ek.<\/p>\n<p>A Huawei \u00f3r\u00e1i k\u00f6z\u00fcl \u00e9n utolj\u00e1ra m\u00e9g az eredeti Watch GT-t pr\u00f3b\u00e1ltam, az\u00f3ta viszont m\u00e1r sok v\u00edz lefolyt a Dun\u00e1n. Akkor m\u00e9g zen\u00e9t sem lehetett hallgatni az \u00f3r\u00e1n, extr\u00e1nak legfeljebb a viszonylag pontatlan folyamatos pulzusm\u00e9r\u00e9s \u00e9s a szint\u00e9n gyenge GPS-nyomk\u00f6vet\u00e9s sz\u00e1m\u00edtott. A k\u00ednai gy\u00e1rt\u00f3 most a Watch GT 7-es sz\u00e9ri\u00e1n\u00e1l tart, ami m\u00e1r olyanokat tud, hogy s\u00edel\u00e9s k\u00f6zben mutatja az el\u0151re let\u00f6lt\u00f6tt p\u00e1lyat\u00e9rk\u00e9pen, merre j\u00e1r az ember, bicikliz\u00e9s k\u00f6zben sz\u00f3l az \u00e9les kanyar el\u0151tt, persze az olyan, m\u00e1ra m\u00e1r alapvet\u0151 funkci\u00f3k mellett, mint a folyamatos pulzusm\u00e9r\u00e9s, a v\u00e9roxig\u00e9nszint, a sz\u00edvritmusv\u00e1ltoz\u00e1s, az \u00e9rzelmi \u00e9s stressz\u00e1llapot, a l\u00e9gz\u00e9s, az edz\u00e9sterhel\u00e9s \u00e9s a fizikai k\u00e9szenl\u00e9t k\u00f6vet\u00e9se, de Bluetooth-h\u00edv\u00e1sra, zenet\u00e1rol\u00e1sra \u00e9s t\u00f6bb mint\u202f110-f\u00e9le edz\u00e9s r\u00f6gz\u00edt\u00e9s\u00e9re is k\u00e9pes. Ezek nagy r\u00e9sze viszont egy\u00e9bk\u00e9nt ma m\u00e1r egy k\u00f6z\u00e9pkateg\u00f3ri\u00e1s okos\u00f3r\u00e1ban sem sz\u00e1m\u00edt k\u00fcl\u00f6nlegess\u00e9gnek.<\/p>\n<p>J\u00f3l mutatja, hogy mennyire neh\u00e9z m\u00e1r nagyot ugrani, hogy a m\u00fcncheni bemutat\u00f3n a Huawei munkat\u00e1rsai t\u00f6bbsz\u00f6r kiemelt\u00e9k p\u00e9ld\u00e1ul azt, hogy \u00faj sz\u00edjjal \u00e9rkeznek az \u00f3r\u00e1ik, amikn\u00e9l a sz\u00edj v\u00e9ge m\u00e1r a csukl\u00f3 fel\u00e9 fordul, \u00edgy nem zavarja az embert p\u00e9ld\u00e1ul fut\u00e1s k\u00f6zben \u2013 mondjuk nem tudom, egy extra lefog\u00f3val rendelkez\u0151 sz\u00edj kit zavart valaha, mindenesetre felv\u00e9ve t\u00e9nyleg k\u00e9nyelmesek ezek a sz\u00edjak, ezt nem veszem el a Huawei \u00e9rdemei k\u00f6z\u00fcl. Ezen fel\u00fcl a GT 7 Pr\u00f3n\u00e1l a s\u00edel\u00e9shez \u00e9s a bicikliz\u00e9shez adott extr\u00e1kr\u00f3l besz\u00e9ltek, el\u0151bbin\u00e9l p\u00e9ld\u00e1ul a kor\u00e1bban eml\u00edtett s\u00ed\u00fatvonal-figyel\u00e9sr\u0151l (t\u00f6bb mint 3000 s\u00edterep t\u00e9rk\u00e9pe \u00e9rhet\u0151 el az \u00f3r\u00e1n, ebb\u0151l 2229 eur\u00f3pai), a 98 sz\u00e1zal\u00e9kos pontoss\u00e1gr\u00f3l az \u00fatvonalk\u00f6vet\u00e9sben, a k\u00f6zepes \u00e9s hossz\u00fa kanyarok \u00e9rz\u00e9kel\u00e9s\u00e9r\u0151l, a G-er\u0151 \u00e9rt\u00e9k\u00e9nek megad\u00e1s\u00e1r\u00f3l vagy a belt\u00e9ri s\u00edel\u00e9si m\u00f3dr\u00f3l. A bicikliz\u00e9sn\u00e9l er\u0151s funkci\u00f3 lehet m\u00e9g a tengerszint feletti magass\u00e1ghoz val\u00f3 alkalmazkod\u00e1s k\u00f6vet\u00e9se vagy az es\u00e9s\u00e9rz\u00e9kel\u00e9s is.<\/p>\n<p>A GT 7 Pro norm\u00e1l haszn\u00e1lat mellett ak\u00e1r\u202f12 napos \u00fczemid\u0151t \u00edg\u00e9r, terepfut\u00f3 m\u00f3dban pedig 51 \u00f3r\u00e1t. Az\u202f1,47 colos AMOLED kijelz\u0151 466\u00d7466 pixeles felbont\u00e1s\u00fa, maxim\u00e1lis f\u00e9nyereje 3000 nit. Ezek alapj\u00e1n a GT 7 Pro hardveresen nem hoz l\u00e1tv\u00e1nyos ugr\u00e1st a GT 6 Pr\u00f3hoz k\u00e9pest: a kijelz\u0151 m\u00e9rete, felbont\u00e1sa \u00e9s f\u00e9nyereje \u00e9s az alap \u00fczemid\u0151 is l\u00e9nyeg\u00e9ben v\u00e1ltozatlan. Az \u00fajdons\u00e1gok ink\u00e1bb abban vannak, ahogy az \u00f3ra az \u00f6sszegy\u0171jt\u00f6tt eg\u00e9szs\u00e9g\u00fcgyi adatokat \u00e9rtelmezi: megjelent az eg\u00e9szs\u00e9g\u00fcgyi reggeli \u00f6sszefoglal\u00f3, ami az el\u0151z\u0151 napi aktivit\u00e1s \u00e9s az alv\u00e1s alapj\u00e1n \u00e9rt\u00e9keli az eg\u00e9szs\u00e9g\u00fcgyi \u00e1llapotot, valamint a fizikai k\u00e9szenl\u00e9ti pontsz\u00e1m. A Huawei emellett v\u00e9rcukor-eg\u00e9szs\u00e9g\u00fcgyi kock\u00e1zat\u00e9rt\u00e9kel\u00e9st is ad, ami ugyan nem v\u00e9rcukorm\u00e9r\u00e9s, de a cukorbetegs\u00e9g \u00e9s inzulinrezisztencia n\u00e9pbetegs\u00e9gg\u00e9 v\u00e1l\u00e1s\u00e1val kifejezetten hasznos lehet.<\/p>\n<p>A GT 7 Pro h\u00e1rom sz\u00ednben \u00e9rkezik majd: z\u00f6ldben, s\u00e1rg\u00e1ban \u00e9s feket\u00e9ben, a kistestv\u00e9re, a GT 7 pedig n\u00e9gyben, ami a s\u00e1rga, a fekete, a feh\u00e9r \u00e9s a r\u00f3zsasz\u00edn, illetve k\u00e9t m\u00e9retben: 45 \u00e9s 41 millim\u00e9teresben. El\u0151bbin\u00e9l a gy\u00e1rt\u00f3 21 napos \u00fczemid\u0151t \u00edg\u00e9r visszafogott haszn\u00e1lat mellett, ut\u00f3bbin\u00e1l pedig\u202f14 napot.<\/p>\n<p>A Huawei idei flagship modellje a Watch 6, enn\u00e9l a gy\u00e1rt\u00f3 a diz\u00e1jn mellett els\u0151sorban az eg\u00e9szs\u00e9g\u00fcgyi funkci\u00f3kat \u00e9s az intelligens edz\u00e9selemz\u00e9st emelte ki. Nagy el\u0151rel\u00e9p\u00e9s az el\u0151z\u0151 sz\u00e9ri\u00e1hoz k\u00e9pest az eszk\u00f6z s\u00falya: a 42 millim\u00e9teres v\u00e1ltozat 38 grammos, vagyis a Huawei szerint 20 sz\u00e1zal\u00e9kkal k\u00f6nnyebb a Watch 5-n\u00e9l. A nagyobbik, 46 millim\u00e9teres \u00f3ra 316L rozsdamentes ac\u00e9lb\u00f3l k\u00e9sz\u00fcl, k\u00e9k \u00e9s fekete sz\u00ednben, a 42 millim\u00e9teres v\u00e1ltozat pedig alum\u00ednium\u00f6tv\u00f6zetb\u0151l, feh\u00e9r, arany \u00e9s fekete sz\u00ednben. Mindkett\u0151 ArcGlow kialak\u00edt\u00e1s\u00fa \u00f3ra zaf\u00edr\u00fcveget \u00e9s 3000 nites kijelz\u0151t kapott.<\/p>\n<p><img decoding=\"async\" src=\"https:\/\/www.europesays.com\/hu\/wp-content\/uploads\/2026\/09\/1788364576-temp-8dqfah9p2nan2immkin_cikktorzs:xl.jpg\"  loading=\"lazy\" alt=\"A Watch 6 Pro Space Edition \u2013 Fot\u00f3: Nagy Nikoletta \/ Telex\" class=\"placeholder_\"\/><\/p>\n<p>A Watch 6 Pro Space Edition \u2013 Fot\u00f3: Nagy Nikoletta \/ Telex<\/p>\n<p>Az edz\u00e9sfunkci\u00f3k k\u00f6z\u00f6tt t\u00f6bb mint sz\u00e1z sportm\u00f3d tal\u00e1lhat\u00f3, ezek adatait pedig MI-alap\u00fa rendszer elemzi: figyelembe veszi a kor\u00e1bbi edz\u00e9seinket, k\u00f6veti a fejl\u0151d\u00e9s\u00fcnket, \u00e9s ezek alapj\u00e1n tan\u00e1csokat is ad. Az eg\u00e9szs\u00e9g\u00fcgyi funkci\u00f3k egyik k\u00f6zponti eleme a tov\u00e1bbfejlesztett X-TAP szenzorrendszer, ami nyom\u00e1s\u00e9rz\u00e9kel\u00e9st is haszn\u00e1l. A Huawei szerint m\u00e1r t\u00f6bb mint\u202f180 kutat\u00f3int\u00e9zm\u00e9nnyel, t\u00f6bb mint 340 kutat\u00e1si projekttel \u00e9s t\u00f6bb mint 30 orsz\u00e1ggal \u00e1llnak egy\u00fcttm\u0171k\u00f6d\u00e9sben az eg\u00e9szs\u00e9gk\u00f6vet\u00e9si adataikkal. A gy\u00e1rt\u00f3 p\u00e9ld\u00e1ul magas v\u00e9rnyom\u00e1ssal kapcsolatos kock\u00e1zat\u00e9rt\u00e9kel\u00e9si kutat\u00e1st is eml\u00edtett, ami 24 \u00f3r\u00e1s adatgy\u0171jt\u00e9s alapj\u00e1n ad eredm\u00e9nyt, illetve cukorbetegs\u00e9ggel kapcsolatos kock\u00e1zat\u00e9rt\u00e9kel\u00e9st, amihez h\u00e1rom-tizenn\u00e9gy napnyi adatra van sz\u00fcks\u00e9g. Az \u00f3r\u00e1val egyetlen \u00e9rint\u00e9ssel EKG is k\u00e9sz\u00edthet\u0151, az eredm\u00e9ny pedig k\u00f6zvetlen\u00fcl megjelenik az eszk\u00f6z\u00f6n. Ezek mellett \u00e1ltal\u00e1nos eg\u00e9szs\u00e9g\u00fcgyi, endokrinol\u00f3giai \u00e9s m\u00e1s eg\u00e9szs\u00e9g\u00fcgyi adatok elemz\u00e9s\u00e9t \u00e9s szem\u00e9lyre szabott eg\u00e9szs\u00e9g\u00fcgyi \u00e9rt\u00e9kel\u00e9st is k\u00edn\u00e1l.<\/p>\n<p>\u00daj biztons\u00e1gi funkci\u00f3 a Safety Check alkalmaz\u00e1s, amiben a felhaszn\u00e1l\u00f3 kiv\u00e1laszthatja, hogy csal\u00e1dtagjai vagy bar\u00e1tai milyen adatokat l\u00e1thatnak r\u00f3la, \u00e9s azt is ellen\u0151rizhetik, hogy minden rendben van-e vele.<\/p>\n<p>A 46 millim\u00e9teres Watch 6 norm\u00e1l haszn\u00e1lat mellett 4,5 napos, a 42 millim\u00e9teres pedig h\u00e1romnapos \u00fczemid\u0151t \u00edg\u00e9r.<\/p>\n<p>A Watch 6 Pro v\u00e1ltozata enn\u00e9l t\u00f6bb pr\u00e9mium anyagot kapott: nanotechnol\u00f3gi\u00e1s ker\u00e1mia l\u00fcnett\u00e1t, rep\u00fcl\u0151g\u00e9p-ipari min\u0151s\u00e9g\u0171 tit\u00e1n\u00f6tv\u00f6zetet \u00e9s 3500 nites kijelz\u0151t. K\u00e9sz\u00fcl bel\u0151le ker\u00e1mia fant\u00e1zian\u00e9vre hallgat\u00f3 feh\u00e9r modell, aminek az oldal\u00e1t\u202f18 kar\u00e1tos arannyal vont\u00e1k be, illetve egy \u00fagynevezett Space Edition is, ami tulajdonk\u00e9ppen fekete sz\u00edn\u0171, \u00e9s az \u00f3ra sz\u00e1mlapj\u00e1ban jelenik meg a vil\u00e1g\u0171rmot\u00edvum.<\/p>\n<p>A Watch 6 ezek alapj\u00e1n nem egy hardveres gener\u00e1ci\u00f3v\u00e1lt\u00e1s, hanem ink\u00e1bb a Watch 5 eg\u00e9szs\u00e9g\u00fcgyi k\u00e9pess\u00e9geinek tov\u00e1bbgondol\u00e1sa: az X-TAP szenzort tov\u00e1bbfejlesztett\u00e9k, megjelentek \u00faj eg\u00e9szs\u00e9g\u00fcgyi kock\u00e1zat\u00e9rt\u00e9kel\u00e9sek \u2013 p\u00e9ld\u00e1ul a magas v\u00e9rnyom\u00e1ssal \u00e9s a cukorbetegs\u00e9ggel kapcsolatban \u2013, valamint a Health Glance, ami t\u00f6bb eg\u00e9szs\u00e9g\u00fcgyi adatot pr\u00f3b\u00e1l egy\u00fcttesen \u00e9rtelmezni, de nem el\u0151rel\u00e9p\u00e9s a kijelz\u0151, a f\u00e9nyer\u0151 \u00e9s az \u00fczemid\u0151 ter\u00e9n. S\u0151t a Watch 5\u202f1,5 colos kijelz\u0151je valamivel nagyobb, mint a Watch 6\u202f1,47 colos panelje, mik\u00f6zben a felbont\u00e1s \u00e9s a maxim\u00e1lis f\u00e9nyer\u0151 l\u00e9nyeg\u00e9ben ugyanaz. Az \u00fczemid\u0151 is gyakorlatilag v\u00e1ltozatlan.<\/p>\n<p>A harmadik \u00f3ra, amit a Huawei M\u00fcnchenben bemutatott, a D3 volt, ami tov\u00e1bbviszi el\u0151dje, a D2 v\u00e9rnyom\u00e1sm\u00e9r\u00e9si funkci\u00f3j\u00e1t. Mindk\u00e9t \u00f3ra k\u00fcl\u00f6nlegess\u00e9ge, hogy a Huawei szak\u00edtott a t\u00f6bbi gy\u00e1rt\u00f3 optikai szenzoros megold\u00e1s\u00e1val, \u00e9s a hagyom\u00e1nyos v\u00e9rnyom\u00e1sm\u00e9r\u0151kh\u00f6z hasonl\u00f3an az \u00f3ra sz\u00edj\u00e1ba \u00e9p\u00edtett kicsi, felf\u00fajhat\u00f3 l\u00e9gzs\u00e1kkal m\u00e9ri a v\u00e9rnyom\u00e1st. Nekem mondjuk M\u00fcnchenben nem siker\u00fclt \u00fagy felapplik\u00e1lni az \u00f3r\u00e1t, hogy meg is tudja m\u00e9rni a v\u00e9rnyom\u00e1somat, de ez val\u00f3sz\u00edn\u0171leg ink\u00e1bb az \u00e9n hib\u00e1m, mint a sz\u00edj\u00e9.<\/p>\n<p>A legpontosabb eredm\u00e9nyt term\u00e9szetesen mindig a felkaron, hagyom\u00e1nyos v\u00e9rnyom\u00e1sm\u00e9r\u0151kkel kapjuk, de a tapasztalatok alapj\u00e1n a D2 sem t\u00e9r el nagyon az orvosi m\u0171szert\u0151l. Ezt onnan tudjuk, hogy <a href=\"https:\/\/telex.hu\/techtud\/2026\/02\/14\/vernyomasmero-ora-teszt-huawei-omron-ep03\" class=\"\" rel=\"nofollow noopener\" target=\"_blank\">mi is csin\u00e1ltunk m\u00e1r vele tesztet<\/a>, amib\u0151l kider\u00fclt: nyugalmi helyzetben a Huawei eszk\u00f6ze el\u00e9g j\u00f3 trendk\u00f6vet\u00e9st mutatott, azaz a v\u00e9rnyom\u00e1sm\u00e9r\u00e9s-g\u00f6rb\u00e9k j\u00f3l illeszkedtek egym\u00e1sra. Az abszol\u00fat \u00e9rt\u00e9kek tekintet\u00e9ben itt-ott volt ugyan apr\u00f3 elt\u00e9r\u00e9s, de durva kileng\u00e9sek nem voltak.<\/p>\n<p>A D3 k\u00f6veti a D2 szor\u00edt\u00f3m\u00e9r\u0151s megold\u00e1s\u00e1t, csak ez 11,3 millim\u00e9ter vastag \u00e9s 35 grammos, a Huawei szerint ezzel\u202f15 sz\u00e1zal\u00e9kkal v\u00e9konyabb a D2-n\u00e9l, mik\u00f6zben a sz\u00edj t\u00f6meg\u00e9t is\u202f18 sz\u00e1zal\u00e9kkal cs\u00f6kkentett\u00e9k. A kijelz\u0151\u202f1,92 colos, maxim\u00e1lis f\u00e9nyereje 3000 nit, az \u00f3ra pedig arany, mokkaarany \u00e9s fekete sz\u00ednben \u00e9rhet\u0151 el.<\/p>\n<p>A v\u00e9rnyom\u00e1sm\u00e9r\u00e9s az edz\u00e9shez is kapcsol\u00f3dik: az \u00f3ra edz\u00e9s el\u0151tt \u00e9s ut\u00e1n is k\u00e9pes v\u00e9rnyom\u00e1st m\u00e9rni, \u00e9s a Huawei szerint az esetleges rendellenes edz\u00e9s ut\u00e1ni reakci\u00f3kra is felh\u00edvhatja a figyelmet. Az edz\u00e9s megkezd\u00e9se el\u0151tt ellen\u0151rizhet\u0151, hogy a v\u00e9rnyom\u00e1s megfelel\u0151 tartom\u00e1nyban van-e, az edz\u00e9s ut\u00e1n pedig automatikusan elindulhat a m\u00e9r\u00e9s. A k\u00e9sz\u00fcl\u00e9k az olyan v\u00e1ltoz\u00e1sokat is k\u00f6veti, amik befoly\u00e1solhatj\u00e1k a v\u00e9rnyom\u00e1st, p\u00e9ld\u00e1ul t\u00far\u00e1z\u00e1s k\u00f6zben hirtelen h\u0151m\u00e9rs\u00e9klet-cs\u00f6kken\u00e9s vagy -emelked\u00e9s eset\u00e9n is eml\u00e9keztet a v\u00e9rnyom\u00e1sm\u00e9r\u00e9sre. Az eg\u00e9szs\u00e9g\u00fcgyi \u00e9s aktivit\u00e1si adatok enn\u00e9l a modelln\u00e9l is megoszthat\u00f3k a csal\u00e1dtagokkal, \u00e9s ha az \u00f3ra rendellenes eg\u00e9szs\u00e9g\u00fcgyi \u00e9rt\u00e9ket \u00e9rz\u00e9kel, a be\u00e1ll\u00edtott csal\u00e1dtagok automatikus \u00e9rtes\u00edt\u00e9st kaphatnak.<\/p>\n<p><img decoding=\"async\" src=\"https:\/\/www.europesays.com\/hu\/wp-content\/uploads\/2026\/09\/1788364628-temp-0r76g1nmh7el2apfebl_cikktorzs:xl.jpg\"  loading=\"lazy\" alt=\"A D3 v\u00e9rnyom\u00e1sm\u00e9r\u0151 fel\u00fclete \u2013 Fot\u00f3: Nagy Nikoletta \/ Telex\" class=\"placeholder_\"\/><\/p>\n<p>A D3 v\u00e9rnyom\u00e1sm\u00e9r\u0151 fel\u00fclete \u2013 Fot\u00f3: Nagy Nikoletta \/ Telex<\/p>\n<p>A gy\u00e1rt\u00f3 szerint a D3 megszerezte a CE-tan\u00fas\u00edt\u00e1st: a nyugalmi v\u00e9rnyom\u00e1sm\u00e9r\u00e9sre, az ambul\u00e1ns v\u00e9rnyom\u00e1s-monitoroz\u00e1sra (ABPM), valamint a testmozg\u00e1s el\u0151tti \u00e9s ut\u00e1ni v\u00e9rnyom\u00e1s k\u00f6vet\u00e9s\u00e9re. Ez azt jelenti, hogy ezeket a funkci\u00f3kat az EU orvostechnikai eszk\u00f6z\u00f6kre vonatkoz\u00f3 szab\u00e1lyoz\u00e1si keret\u00e9ben \u00e9rt\u00e9kelt\u00e9k.<\/p>\n<p>A Huawei \u00f3r\u00e1k azonban megjelen\u00edt\u00e9s ter\u00fclet\u00e9n m\u00e9g hagynak n\u00e9mi k\u00edv\u00e1nnival\u00f3t maguk ut\u00e1n, nem lehet p\u00e9ld\u00e1ul be\u00e1ll\u00edtani azt, hogy milyen funkci\u00f3kat l\u00e1tn\u00e1nk sz\u00edvesen a kijelz\u0151n, \u00e9s mik nem \u00e9rdekelnek benn\u00fcnket, ami a felhaszn\u00e1l\u00f3i \u00e9lm\u00e9nyt az\u00e9rt jelent\u0151sen cs\u00f6kkenti azokhoz az okos\u00f3r\u00e1khoz k\u00e9pest, amik gyakorlatilag teljesen testre szabhat\u00f3k. Ha m\u00e1r ennyire a szem\u00e9lyre szabhat\u00f3 eg\u00e9szs\u00e9g- \u00e9s sportk\u00f6vet\u00e9s a c\u00e9l, alap kellene legyen az ugyan\u00edgy szem\u00e9lyre szabhat\u00f3 rendszer is. A Huawei \u00f3r\u00e1k alapmen\u00fcj\u00e9n tal\u00e1lhat\u00f3 g\u00f6mb\u00f6csk\u00e9k r\u00e1ad\u00e1sul tov\u00e1bbra is \u00e1tl\u00e1thatatlanok.<\/p>\n<p>K\u00fcl\u00f6n \u00e9rdekess\u00e9g m\u00e9g, hogy a Huawei az Eur\u00f3pai Kardiol\u00f3giai T\u00e1rsas\u00e1g 2026-os kongresszus\u00e1n bemutatott egy eur\u00f3pai eg\u00e9szs\u00e9g\u00fcgyi kutat\u00e1si platformot, a Terve Research\u00f6t, ami tulajdonk\u00e9ppen egy eur\u00f3pai akad\u00e9miai \u00e9s eg\u00e9szs\u00e9g\u00fcgyi int\u00e9zm\u00e9nyeknek kialak\u00edtott online kutat\u00e1si platform \u00e9s alkalmaz\u00e1s. A c\u00e9g szerint az a c\u00e9lja, hogy a tud\u00f3sok tudjanak r\u00e9sztvev\u0151ket toborozni a kutat\u00e1saikhoz, \u00e9s fel tudj\u00e1k haszn\u00e1lni a Huawei viselhet\u0151 eszk\u00f6zeib\u0151l sz\u00e1rmaz\u00f3, val\u00f3s k\u00f6rnyezetben gy\u0171jt\u00f6tt adatokat. A k\u00ednai c\u00e9g szerint a platform z\u00e1rt \u00e9s ny\u00edlt kutat\u00e1sok megval\u00f3s\u00edt\u00e1s\u00e1t is t\u00e1mogatja: z\u00e1rt kutat\u00e1sok eset\u00e9ben a kutat\u00f3k v\u00e1lasztj\u00e1k ki \u00e9s toborozz\u00e1k a r\u00e9sztvev\u0151ket, akiknek eszk\u00f6z\u00f6ket biztos\u00edtanak, ny\u00edlt kutat\u00e1sok sor\u00e1n pedig az Eur\u00f3p\u00e1ban \u00e9l\u0151, jogosult Huawei viselhet\u0151eszk\u00f6z-felhaszn\u00e1l\u00f3k \u00f6nk\u00e9ntesen<br \/>v\u00e1laszthatnak a Terve Research alkalmaz\u00e1son kereszt\u00fcl el\u00e9rhet\u0151 projektek k\u00f6z\u00fcl.<\/p>\n<p>A Terve Research els\u0151 k\u00e9t kutat\u00e1si projektje 2026 szeptember\u00e9ben indul. A Social Jetlag Study azt vizsg\u00e1lja, hogy a cirkadi\u00e1n ritmus felborul\u00e1sa milyen kapcsolatban \u00e1llhat a viselhet\u0151 eszk\u00f6z\u00f6ket haszn\u00e1l\u00f3k eg\u00e9szs\u00e9gi \u00e1llapot\u00e1val Eur\u00f3pa-szerte. A kutat\u00e1st Ramin Khatami, a Z\u00fcrichi Egyetemi K\u00f3rh\u00e1z alv\u00e1sgy\u00f3gy\u00e1szati r\u00e9szleg\u00e9nek vezet\u0151je \u00e9s a European Narcolepsy Network (EU-NN) egyik alap\u00edt\u00f3 tagja vezeti. A kutat\u00e1s olyan mint\u00e1zatokat vizsg\u00e1l, amik \u00f6sszef\u00fcgg\u00e9st mutathatnak a rendszertelen alv\u00e1s-\u00e9brenl\u00e9t ciklusok, valamint a sz\u00edv- \u00e9s \u00e9rrendszeri \u00e9s a metabolikus eg\u00e9szs\u00e9gi \u00e1llapot k\u00f6z\u00f6tt. A Exercise &amp; Cardiovascular Health Study a fizikai aktivit\u00e1s mint\u00e1zatai \u00e9s a sz\u00edv- \u00e9s \u00e9rrendszeri kock\u00e1zati t\u00e9nyez\u0151k k\u00f6z\u00f6tti kapcsolatot vizsg\u00e1lja majd. A kutat\u00e1st Tomasz Guzik, az Eur\u00f3pai Kardiol\u00f3giai T\u00e1rsas\u00e1g (ESC) programbizotts\u00e1g\u00e1nak eln\u00f6ke vezeti.<\/p>\n<p>A m\u00fcncheni bemutat\u00f3n l\u00e1thattuk m\u00e9g a Huawei \u00faj tabletj\u00e9t, a MatePad Pro\u202f12 inchet, ami\u202f12 h\u00fcvelykes OLED PaperMatte kijelz\u0151t kapott, \u00e9s a digit\u00e1lis jegyzetel\u00e9st \u00e9s a tollal t\u00f6rt\u00e9n\u0151 munkav\u00e9gz\u00e9st is t\u00e1mogatja. A t\u00e1blag\u00e9p el\u00e9g v\u00e9kony, mind\u00f6ssze 4,7 millim\u00e9ter vastag, \u00e9s csak 454 gramm t\u00f6meg\u0171. A k\u00ednai gy\u00e1rt\u00f3 az \u00faj gener\u00e1ci\u00f3s vezet\u00e9k n\u00e9lk\u00fcli f\u00fclhallgat\u00f3j\u00e1t is elhozta N\u00e9metorsz\u00e1gba, a FreeBuds Neo Series kialak\u00edt\u00e1sa elt\u00e9r a kor\u00e1bbi modellekt\u0151l, \u00e9s feh\u00e9r, fekete, ez\u00fcst \u00e9s nebular\u00f3zsasz\u00edn sz\u00ednekben \u00e9rkezik.<\/p>\n<p>Munkat\u00e1rsunk a Huawei megh\u00edv\u00e1s\u00e1ra \u00e9s k\u00f6lts\u00e9g\u00e9n vett r\u00e9szt a bemutat\u00f3 esem\u00e9nyen. A c\u00e9gnek a cikk tartalm\u00e1ba semmilyen belesz\u00f3l\u00e1sa nem volt.<\/p>\n","protected":false},"excerpt":{"rendered":"\u00c1ltal\u00e1noss\u00e1gban ma m\u00e1r elmondhat\u00f3, hogy az okos\u00f3r\u00e1k h\u00e1rom ter\u00fcleten versenyeznek igaz\u00e1n egym\u00e1ssal: \u00fczemid\u0151ben;a m\u00e9r\u00e9sek pontoss\u00e1g\u00e1ban; illetveaz \u00f6sszegy\u0171jt\u00f6tt adatok&hellip;\n","protected":false},"author":2,"featured_media":230581,"comment_status":"","ping_status":"","sticky":false,"template":"","format":"standard","meta":{"footnotes":"","_share_on_mastodon":"0"},"categories":[33],"tags":[38,18410,35,37,44,18406,60988,60987,60986,42,40,43,41,60989,34,654,554,36,39],"class_list":["post-230580","post","type-post","status-publish","format-standard","has-post-thumbnail","category-hirek","tag-focimek","tag-freebuds","tag-headlines","tag-hirek","tag-hu","tag-huawei","tag-huawei-d3","tag-huawei-gt-7","tag-huawei-watch-6","tag-hungarian","tag-hungary","tag-magyar","tag-magyarorszag","tag-matepad-pro-12","tag-news","tag-okosora","tag-techtud","tag-top-stories","tag-vezeto-hirek"],"share_on_mastodon":{"url":"https:\/\/pubeurope.com\/@hu\/117203746735366943","error":""},"_links":{"self":[{"href":"https:\/\/www.europesays.com\/hu\/wp-json\/wp\/v2\/posts\/230580","targetHints":{"allow":["GET"]}}],"collection":[{"href":"https:\/\/www.europesays.com\/hu\/wp-json\/wp\/v2\/posts"}],"about":[{"href":"https:\/\/www.europesays.com\/hu\/wp-json\/wp\/v2\/types\/post"}],"author":[{"embeddable":true,"href":"https:\/\/www.europesays.com\/hu\/wp-json\/wp\/v2\/users\/2"}],"replies":[{"embeddable":true,"href":"https:\/\/www.europesays.com\/hu\/wp-json\/wp\/v2\/comments?post=230580"}],"version-history":[{"count":0,"href":"https:\/\/www.europesays.com\/hu\/wp-json\/wp\/v2\/posts\/230580\/revisions"}],"wp:featuredmedia":[{"embeddable":true,"href":"https:\/\/www.europesays.com\/hu\/wp-json\/wp\/v2\/media\/230581"}],"wp:attachment":[{"href":"https:\/\/www.europesays.com\/hu\/wp-json\/wp\/v2\/media?parent=230580"}],"wp:term":[{"taxonomy":"category","embeddable":true,"href":"https:\/\/www.europesays.com\/hu\/wp-json\/wp\/v2\/categories?post=230580"},{"taxonomy":"post_tag","embeddable":true,"href":"https:\/\/www.europesays.com\/hu\/wp-json\/wp\/v2\/tags?post=230580"}],"curies":[{"name":"wp","href":"https:\/\/api.w.org\/{rel}","templated":true}]}}