{"id":230584,"date":"2026-09-02T22:20:14","date_gmt":"2026-09-02T22:20:14","guid":{"rendered":"https:\/\/www.europesays.com\/hu\/230584\/"},"modified":"2026-09-02T22:20:14","modified_gmt":"2026-09-02T22:20:14","slug":"ma-24-eve-hazas-sarah-michelle-gellar-es-freddie-prinze-jr","status":"publish","type":"post","link":"https:\/\/www.europesays.com\/hu\/230584\/","title":{"rendered":"Ma 24 \u00e9ve h\u00e1zas Sarah Michelle Gellar \u00e9s Freddie Prinze Jr."},"content":{"rendered":"<p>Csod\u00e1latos poszttal \u00fcnnepelte meg a k\u00f6z\u00f6ss\u00e9gi oldalon 24. h\u00e1zass\u00e1gi \u00e9vfordul\u00f3j\u00e1t Sarah Michelle Gellar \u00e9s Freddie Prinze Jr. A sz\u00edn\u00e9szn\u0151 egy albumnyi k\u00f6z\u00f6s fot\u00f3val lepte meg a rajong\u00f3kat, \u00e9s a bejegyz\u00e9shez egy kedves sz\u00f6veget is \u00edrt. A h\u00e1zasp\u00e1rnak k\u00e9t gyermeke van \u00e9s l\u00e1that\u00f3an ma is nagyon boldogok egy\u00fctt.<\/p>\n<p>        26 \u00e9ve egy\u00fctt j\u00f3ban-rosszban<\/p>\n<p>Hollywood egyik legirigyeltebb szt\u00e1rp\u00e1rja, Sarah Michelle Gellar \u00e9s <a href=\"https:\/\/www.glamour.hu\/cimke\/freddie-prinze-jr\" id=\"246a44fb-7a34-4643-a5ea-376de347c3fa\" rel=\"nofollow noopener\" target=\"_blank\">Freddie Prinze Jr. <\/a>szeptember elsej\u00e9n \u00fcnnepelte a 24. h\u00e1zass\u00e1gi \u00e9vfordul\u00f3j\u00e1t. Ebb\u0151l az aprop\u00f3b\u00f3l a rajong\u00f3k legnagyobb \u00f6r\u00f6m\u00e9re a 49 esztend\u0151s <a href=\"https:\/\/femina.hu\/vilagsztar\/sarah-michelle-gellar-furdoruhaban\/\" id=\"09cd9c3d-d1d0-40ab-b5c3-00682208dac7\" target=\"_blank\" rel=\"nofollow noopener\">sz\u00edn\u00e9szn\u0151 <\/a>megosztott n\u00e9h\u00e1ny r\u00e9gi k\u00f6z\u00f6s fot\u00f3t a f\u00e9rj\u00e9vel. \u201eFreddie Prinze Jr., el tudod k\u00e9pzelni, hogy elmes\u00e9ld ezeknek a fiataloknak, hol lesznek 24 \u00e9v m\u00falva (nos, technikailag 26\u2026 de 24 \u00e9ve h\u00e1zasok)?\u201d \u2013 \u00edrta az albumhoz f\u0171z\u00f6tt kedves \u00fczenet\u00e9ben a f\u00e9rj\u00e9t megsz\u00f3l\u00edtva.<\/p>\n<p>        V\u00e9letlen\u00fcl j\u00f6tt \u00f6ssze az els\u0151 randi<\/p>\n<p>A k\u00e9t sz\u00edn\u00e9sz \u2013 akik el\u0151sz\u00f6r az 1997-es Tudom, mit tett\u00e9l tavaly ny\u00e1ron c\u00edm\u0171 film forgat\u00e1s\u00e1n tal\u00e1lkoztak \u2013 2002-ben h\u00e1zasodtak \u00f6ssze a mexik\u00f3i El Careyes \u00fcd\u00fcl\u0151helyen. K\u00e9s\u0151bb k\u00e9t <a href=\"https:\/\/femina.hu\/vilagsztar\/sarah-michelle-gellar-furdoruha\/\" id=\"f56a3c2c-acea-4020-b954-ef6727037bd8\" target=\"_blank\" rel=\"nofollow noopener\">gyermek\u00fck <\/a>sz\u00fcletett: Charlotte 16, Rocky pedig 13 \u00e9ves.<\/p>\n<p>\t<a class=\"article_recommendation_link\" href=\"https:\/\/www.glamour.hu\/sztarhirek\/goldie-hawn-kurt-russell-szerelme\/b2x2hr6?ca_ei&amp;length=16&amp;blockIndex=9&amp;pubId=fxxcfwg\" target=\"_blank\" rel=\"nofollow noopener\"><\/p>\n<p class=\"flex-shrink-0\">\n<p>\t\t\t\t\t10 fot\u00f3 Goldie Hawn \u00e9s Kurt Russell szerelm\u00e9r\u0151l, ami bebizony\u00edtja, igenis l\u00e9tezik \u00e9vtizedekig tart\u00f3 szerelem<\/p>\n<p>\t\t\t\t\t\t\t<img decoding=\"async\" class=\"col-lg-12 px-0 img-fluid lazyload\" src=\"https:\/\/www.europesays.com\/hu\/wp-content\/uploads\/2026\/09\/onMktlyaHR0cHM6Ly9pbWFnZS5nbGFtb3VyLmh1LzEvN2Joa3RrcFRVUkJYeTlsWmpFeU16ZGlOV0kwWVdJeFlUZGtPR1ZsWmpBM.jpeg\" alt=\"10 fot\u00f3 Goldie Hawn \u00e9s Kurt Russell szerelm\u00e9r\u0151l, ami bebizony\u00edtja, igenis l\u00e9tezik \u00e9vtizedekig tart\u00f3 szerelem\"\/><\/p>\n<p>\t<\/a><\/p>\n<p>2020 janu\u00e1rj\u00e1ban a sz\u00edn\u00e9szn\u0151 k\u00f6z\u00f6ss\u00e9gi oldal\u00e1n id\u00e9zte fel els\u0151 randijuk 20. \u00e9vfordul\u00f3j\u00e1t. El\u00e1rulta, egy k\u00f6z\u00f6s bar\u00e1tjukkal besz\u00e9ltek meg tal\u00e1lkoz\u00f3t, az illet\u0151 azonban nem \u00e9rt oda, lek\u00e9ste a j\u00e1rat\u00e1t, \u0151k pedig \u00fagy voltak vele, ha m\u00e1r ott vannak, besz\u00e9lgetnek egy kicsit egym\u00e1ssal.<\/p>\n<p>\u201eM\u00e1r 20 \u00e9ve vagyunk egy\u00fctt, ebb\u0151l t\u00f6bb mint 17 \u00e9ve h\u00e1zasok is vagyunk \u00e9s k\u00e9t gyermek\u00fcnk van, \u00e9s m\u00e9g mindig abba az \u00e9tterembe j\u00e1runk vacsor\u00e1zni. Sz\u00f3val k\u00f6sz\u00f6n\u00f6m, Leslie, hogy nem j\u00f6tt\u00e9l el a vacsor\u00e1ra.\u201d &#8211; id\u00e9zi szavait a <a href=\"https:\/\/people.com\/sarah-michelle-gellar-and-freddie-prinze-jr-celebrate-24-years-marriage-photos-12075284\" id=\"ab93b1fa-881a-4bfa-b80d-99b3c23e08c2\" target=\"_blank\" rel=\"nofollow noopener\">People <\/a>magazin.<\/p>\n<p>        Tudatosan dolgoznak a kapcsolatukon<\/p>\n<p>Term\u00e9szetesen az elm\u00falt \u00e9vekben, \u00e9vtizedekben gyakran faggatt\u00e1k \u0151ket arr\u00f3l, mi is a boldog <a href=\"https:\/\/www.glamour.hu\/cimke\/hazassag\" id=\"656e1b0d-31f3-4095-96d7-9ee4e22de0fc\" rel=\"nofollow noopener\" target=\"_blank\">h\u00e1zass\u00e1guk <\/a>titka. Ezek k\u00f6z\u00f6tt eml\u00edtett\u00e9k p\u00e9ld\u00e1ul azt, hogy tudatosan <a href=\"https:\/\/www.glamour.hu\/sztarhirek\/freddie-prinze-jr-sarah-michelle-gellar-visszatert\/emhbrqq\" id=\"82d3ffd4-2b12-4cdb-b1b1-4c78fa182baf\" rel=\"nofollow noopener\" target=\"_blank\">\u00f3vj\u00e1k <\/a>mag\u00e1n\u00e9let\u00fcket \u00e9s nem engedik, hogy b\u00e1rki is belesz\u00f3ljon a kapcsolatukba. Emellett hangs\u00falyozt\u00e1k, ahogyan a bar\u00e1ts\u00e1gokon is, \u00fagy a p\u00e1rkapcsolatokon is dolgozni kell, az folyamatos munk\u00e1val j\u00e1r. \u201eNem vagyok t\u00f6k\u00e9letes. \u0150 sem az. Id\u0151nk\u00e9nt felideges\u00edtj\u00fck egym\u00e1st, de tisztelj\u00fck egym\u00e1st\u201d \u2013 magyar\u00e1zta a sz\u00edn\u00e9sz, majd hozz\u00e1tette: \u201eEl\u0151sz\u00f6r bar\u00e1tok voltunk. Tal\u00e1n ez a titok?\u201d<\/p>\n<p>\u00c9s hogy mi seg\u00edt nekik elker\u00fclni a konfliktusokat? A <a href=\"https:\/\/www.businessinsider.com\/sarah-michelle-gellar-tip-avoid-marital-conflict-relationship-freddie-prinze-2026-3\" id=\"3a32deaa-cd7d-4eb2-b727-0304b0f97182\" target=\"_blank\" rel=\"nofollow noopener\">Business Insider<\/a> felid\u00e9zte a sz\u00edn\u00e9szn\u0151 egy kor\u00e1bbi interj\u00faj\u00e1t, amelyben viccesen kijelentette, a l\u00e9nyeg az, hogy a h\u00e1l\u00f3szoba k\u00f6z\u00f6s legyen, de f\u00fcrd\u0151szob\u00e1b\u00f3l ink\u00e1bb kett\u0151 legyen.<\/p>\n<p>            <a name=\"galeria\" id=\"galleryanchor\" style=\"overflow-anchor: auto\"\/><\/p>\n<p>        Gal\u00e9ria<\/p>\n<p>        <a href=\"https:\/\/www.glamour.hu\/sztarok\/sarah-michelle-gellar-freddie-prinze-jr-hazassagi-evfordulo\/?\" id=\"galleryClose-1\" class=\"close mx-3 my-2\" rel=\"nofollow noopener\" target=\"_blank\"><br \/>\n            <img decoding=\"async\" class=\"img-fluid\" src=\"https:\/\/ocdn.eu\/ucs\/static\/glamour\/70ad67a0b06371a098ffcb4e1cff2f14\/svg\/close-white.svg\" title=\"Bez\u00e1r\u00e1s\" style=\"height: 30px\"\/><br \/>\n        <\/a><\/p>\n<p>                        <img decoding=\"async\" class=\"img-fluid lazyload\" src=\"https:\/\/ocdn.eu\/ucs\/static\/glamour\/70ad67a0b06371a098ffcb4e1cff2f14\/svg\/glamourLogoWhite.svg\" title=\"Glamour\" width=\"98px\" height=\"40px\"\/><\/p>\n<p>Ma 24 \u00e9ve h\u00e1zas Sarah Michelle Gellar \u00e9s Freddie Prinze Jr.<\/p>\n<p>2026.09.02.<\/p>\n<p>                    <a href=\"https:\/\/www.glamour.hu\/sztarok\/sarah-michelle-gellar-freddie-prinze-jr-hazassagi-evfordulo\/?\" id=\"back-to-article-1\" class=\"my-2 d-none d-md-block text-dark bg-light text-center text-decoration-none\" rel=\"nofollow noopener\" target=\"_blank\">Vissza a cikkhez<\/a><\/p>\n","protected":false},"excerpt":{"rendered":"Csod\u00e1latos poszttal \u00fcnnepelte meg a k\u00f6z\u00f6ss\u00e9gi oldalon 24. h\u00e1zass\u00e1gi \u00e9vfordul\u00f3j\u00e1t Sarah Michelle Gellar \u00e9s Freddie Prinze Jr. A&hellip;\n","protected":false},"author":2,"featured_media":230585,"comment_status":"","ping_status":"","sticky":false,"template":"","format":"standard","meta":{"footnotes":"","_share_on_mastodon":"0"},"categories":[16],"tags":[137,3082,10480,869,409,44,42,40,43,41,740,138],"class_list":["post-230584","post","type-post","status-publish","format-standard","has-post-thumbnail","category-szorakozas","tag-entertainment","tag-evfordulo","tag-freddie-prinze-jr","tag-hazassag","tag-hollywood","tag-hu","tag-hungarian","tag-hungary","tag-magyar","tag-magyarorszag","tag-nemzetkozi-sztarok","tag-szorakozas"],"share_on_mastodon":{"url":"https:\/\/pubeurope.com\/@hu\/117203778270107116","error":""},"_links":{"self":[{"href":"https:\/\/www.europesays.com\/hu\/wp-json\/wp\/v2\/posts\/230584","targetHints":{"allow":["GET"]}}],"collection":[{"href":"https:\/\/www.europesays.com\/hu\/wp-json\/wp\/v2\/posts"}],"about":[{"href":"https:\/\/www.europesays.com\/hu\/wp-json\/wp\/v2\/types\/post"}],"author":[{"embeddable":true,"href":"https:\/\/www.europesays.com\/hu\/wp-json\/wp\/v2\/users\/2"}],"replies":[{"embeddable":true,"href":"https:\/\/www.europesays.com\/hu\/wp-json\/wp\/v2\/comments?post=230584"}],"version-history":[{"count":0,"href":"https:\/\/www.europesays.com\/hu\/wp-json\/wp\/v2\/posts\/230584\/revisions"}],"wp:featuredmedia":[{"embeddable":true,"href":"https:\/\/www.europesays.com\/hu\/wp-json\/wp\/v2\/media\/230585"}],"wp:attachment":[{"href":"https:\/\/www.europesays.com\/hu\/wp-json\/wp\/v2\/media?parent=230584"}],"wp:term":[{"taxonomy":"category","embeddable":true,"href":"https:\/\/www.europesays.com\/hu\/wp-json\/wp\/v2\/categories?post=230584"},{"taxonomy":"post_tag","embeddable":true,"href":"https:\/\/www.europesays.com\/hu\/wp-json\/wp\/v2\/tags?post=230584"}],"curies":[{"name":"wp","href":"https:\/\/api.w.org\/{rel}","templated":true}]}}