{"id":230592,"date":"2026-09-02T22:28:07","date_gmt":"2026-09-02T22:28:07","guid":{"rendered":"https:\/\/www.europesays.com\/hu\/230592\/"},"modified":"2026-09-02T22:28:07","modified_gmt":"2026-09-02T22:28:07","slug":"index-belfold-magyar-peter-targyalt-az-europai-tanacs-elnokevel-a-napi-egymillio-euros-buntetes-is-tema-volt","status":"publish","type":"post","link":"https:\/\/www.europesays.com\/hu\/230592\/","title":{"rendered":"Index &#8211; Belf\u00f6ld &#8211; Magyar P\u00e9ter t\u00e1rgyalt az Eur\u00f3pai Tan\u00e1cs eln\u00f6k\u00e9vel, a napi egymilli\u00f3 eur\u00f3s b\u00fcntet\u00e9s is t\u00e9ma volt"},"content":{"rendered":"<p>Magyar P\u00e9ter szerd\u00e1n este az Eur\u00f3pai Tan\u00e1cs eln\u00f6k\u00e9t l\u00e1tta vend\u00e9g\u00fcl \u2013 k\u00f6z\u00f6lte a korm\u00e1nyf\u0151 egy\u00a0<a href=\"https:\/\/www.facebook.com\/peter.magyar.102\/posts\/pfbid0Lq3kfJcCmhm6XCyVpbKYM1u467ikoQJd6Eoe4WMAMEUWZeMQ2xfsB8UhGmpriYdFl\" id=\"hyperlink_838c9b2554b3df1767ab7208cbd41cc1\" rel=\"nofollow noopener\" target=\"_blank\">Facebook-bejegyz\u00e9sben<\/a>,\u00a0amelyet a \u201ediplom\u00e1ciai nagy\u00fczem\u201d fel\u00fct\u00e9ssel kezdett.\u00a0<\/p>\n<p>Magyar P\u00e9ter jelezte Ant\u00f3nio Cost\u00e1nak, hogy csak abban az esetben tudj\u00e1k elfogadni az Eur\u00f3pai Uni\u00f3 \u00faj h\u00e9t\u00e9ves k\u00f6lts\u00e9gvet\u00e9s\u00e9t, ha a kompromisszum megfelel a magyar emberek \u00e9s v\u00e1llalatok \u00e9rdekeinek.<\/p>\n<p>Hozz\u00e1tette, miel\u0151bbi megold\u00e1st v\u00e1rnak el az el\u0151z\u0151 magyar korm\u00e1ny alatt kiszabott napi egymilli\u00f3 eur\u00f3s b\u00fcntet\u00e9s felf\u00fcggeszt\u00e9se \u00fcgy\u00e9ben.<\/p>\n<p>Magyar P\u00e9ter hangs\u00falyozta, Magyarorsz\u00e1g tov\u00e1bbra is fenntartja az illeg\u00e1lis migr\u00e1ci\u00f3 feltartoztat\u00e1s\u00e1hoz sz\u00fcks\u00e9ges jogszab\u00e1lyi k\u00f6rnyezetet \u00e9s a fizikai hat\u00e1rz\u00e1rat. Kiemelte, Magyarorsz\u00e1g <a href=\"https:\/\/index.hu\/kulfold\/2026\/07\/30\/migracio-krizis-spanyolorszag-ceuta-bevandorlas\/\" id=\"hyperlink_192f0426efbb37781632962eb15f17c3\" target=\"_blank\" title=\"Migr\u00e1ci\u00f3s kr\u00edzis alakult ki egy spanyol v\u00e1rosban, azonnali int\u00e9zked\u00e9sekbe kezd a korm\u00e1ny\" rel=\"nofollow noopener\">tov\u00e1bbra is megv\u00e9di az EU hat\u00e1rait<\/a>, \u00e9s elv\u00e1rj\u00e1k, hogy ezen t\u00f6rekv\u00e9seiket eur\u00f3pai szinten is elismerj\u00e9k. A minisztereln\u00f6k azt is jelezte Cost\u00e1nak, hogy Magyarorsz\u00e1g egyik tag\u00e1llam eset\u00e9ben sem t\u00e1mogatja a <a href=\"https:\/\/index.hu\/kulfold\/2026\/09\/02\/ukjrana-europai-unio-csatlakozas-magyarorszag-veto-blokkolas\/\" id=\"hyperlink_5799b5800d2c31201057e6ff59ea3f83\" target=\"_blank\" title=\"\u00dajabb v\u00e9t\u00f3 Br\u00fcsszelben, Magyarorsz\u00e1g harmadszor is meg\u00e1ll\u00edtotta Ukrajna EU-csatlakoz\u00e1s\u00e1t\" rel=\"nofollow noopener\">gyors\u00edtott csatlakoz\u00e1si elj\u00e1r\u00e1st<\/a>.<\/p>\n<p>                        Costa: J\u00f3 itt lenni Magyarorsz\u00e1gon<\/p>\n<p>\u201eAlapvet\u0151 fontoss\u00e1g\u00fa, hogy saj\u00e1t orsz\u00e1gukban tal\u00e1lkozzam az eur\u00f3pai vezet\u0151kkel, meghallgassam az elv\u00e1r\u00e1saikat, \u00e9s el\u0151k\u00e9sz\u00edts\u00fck az el\u0151tt\u00fcnk \u00e1ll\u00f3 munk\u00e1t. Az eur\u00f3pai egys\u00e9get nem vehetj\u00fck mag\u00e1t\u00f3l \u00e9rtet\u0151d\u0151nek \u2013 napr\u00f3l napra, minden egyes nap \u00e9p\u00edtj\u00fck\u201d \u2013 k\u00f6z\u00f6lte a \u201ekiv\u00e1l\u00f3\u201d tal\u00e1lkoz\u00f3t k\u00f6vet\u0151en Ant\u00f3nio Costa az <a href=\"https:\/\/x.com\/eucopresident\/status\/2095228804415336852\" id=\"hyperlink_e80e5824619bf42fdbbad389e8ee85e5\" rel=\"nofollow\" target=\"_blank\">X-en.<\/a><\/p>\n<p>Kiemelte, szerd\u00e1n az EU hossz\u00fa t\u00e1v\u00fa k\u00f6lts\u00e9gvet\u00e9s\u00e9n \u00e9s a b\u0151v\u00edt\u00e9sen volt a hangs\u00faly. Hozz\u00e1tette, mindk\u00e9t k\u00e9rd\u00e9sben vil\u00e1gos Magyarorsz\u00e1g \u00e1ll\u00e1spontja, \u00e9s tudja, hogy sz\u00e1m\u00edthat Magyar P\u00e9ter\u00a0konstrukt\u00edv hozz\u00e1\u00e1ll\u00e1s\u00e1ra, hogy megtal\u00e1lj\u00e1k a megold\u00e1sokat. \u201eJ\u00f3 itt lenni Magyarorsz\u00e1gon!\u201d\u2013 z\u00e1rta gondolatait.<\/p>\n<p>                        \u201eTurn\u00e9zik\u201d az Eur\u00f3pai Tan\u00e1cs eln\u00f6ke<\/p>\n<p>Ahogyan arr\u00f3l kor\u00e1bban besz\u00e1moltunk, <a href=\"https:\/\/index.hu\/kulfold\/2026\/09\/02\/europai-unio-magyar-peter-antonio-costa-talalkozo-koltsegvetes-unios-forrasok-mff-targyalas\/\" id=\"hyperlink_23407a41fe0295b35c8b97daeba2ae21\" target=\"_blank\" title=\"T\u00f6bb milli\u00e1rd eur\u00f3 sors\u00e1r\u00f3l t\u00e1rgyal Magyar P\u00e9terrel az Eur\u00f3pai Tan\u00e1cs eln\u00f6ke Budapesten\" rel=\"nofollow noopener\">Costa a\u00a0Tour des capitales-nek nevezett turn\u00e9ja\u00a0keretein bel\u00fcl \u00e9rkezett Budapestre<\/a>. Az Eur\u00f3pai Tan\u00e1cs eln\u00f6ke m\u00e9g a szeptemberi \u00fcl\u00e9sszak el\u0151tt minden tag\u00e1llamba ell\u00e1togat, hogy felm\u00e9rje, milyen mozg\u00e1stere van a 2028-t\u00f3l esed\u00e9kes uni\u00f3s k\u00f6lts\u00e9gvet\u00e9sr\u0151l sz\u00f3l\u00f3 vit\u00e1kban.\u00a0<\/p>\n<p>Magyar P\u00e9ter pedig h\u00e9tf\u0151n a Bledi Strat\u00e9giai F\u00f3rumon j\u00e1rt, ahol nemcsak <a href=\"https:\/\/index.hu\/kulfold\/2026\/08\/31\/magyar-peter-bledi-strategiai-forum-targyalas-janez-jansa-szloven-miniszterelnok\/\" id=\"hyperlink_25ef1a338bc4c35f299ee10c058e24b0\" target=\"_blank\" title=\"Magyar P\u00e9ter n\u00e9gyszemk\u00f6zt t\u00e1rgyalt Orb\u00e1n Viktor r\u00e9gi sz\u00f6vets\u00e9ges\u00e9vel, az is kider\u00fclt, hogy mir\u0151l\" rel=\"nofollow noopener\">Janez Jansa szlov\u00e9n korm\u00e1nyf\u0151vel t\u00e1rgyalt<\/a>, de egy panelbesz\u00e9lget\u00e9sen is r\u00e9szt vett, amelynek keretein bel\u00fcl t\u00f6bbek k\u00f6z\u00f6tt arr\u00f3l besz\u00e9lt, hogy az EU-nak el kell d\u00f6ntenie, hogy t\u00fal\u00e9lni akar, vagy gy\u0151zni. Az esem\u00e9nyt <a href=\"https:\/\/index.hu\/kulfold\/2026\/08\/31\/szlovenia-bled-strategiai-forum-magyar-peter-janez-jansa-andrej-babis-andrej-plenkovic\/\" id=\"hyperlink_25bf1d1e9c239eb179f9708515181535\" target=\"_blank\" title=\"Magyar P\u00e9ter: El kell d\u00f6nteni, hogy az Eur\u00f3pai Uni\u00f3 csak t\u00fal\u00e9lni akar, vagy gy\u0151zni\" rel=\"nofollow noopener\">al\u00e1bb olvashatj\u00e1k vissza<\/a>.\u00a0<\/p>\n<p>\n                          (Bor\u00edt\u00f3k\u00e9p:\u00a0Magyar P\u00e9ter szerd\u00e1n este Ant\u00f3nio Cost\u00e1val, az Eur\u00f3pai Tan\u00e1cs eln\u00f6k\u00e9vel t\u00e1rgyalt. Fot\u00f3: Magyar P\u00e9ter \/ facebook)\n                        <\/p>\n<p><a href=\"https:\/\/dex.hu\/x.php?id=googlepref_desktop&amp;url=https:\/\/google.com\/preferences\/source?q=https:\/\/index.hu\" class=\"google-pref-banner \" id=\"googlePrefBanner\" rel=\"nofollow noopener\" target=\"_blank\"><\/p>\n<p>    Itt \u00e1ll\u00edtsa be, hogy az Index az els\u0151k k\u00f6z\u00f6tt legyen a Google-tal\u00e1latokban!<\/p>\n<p><\/a><\/p>\n<p>    <img decoding=\"async\" src=\"https:\/\/index.hu\/assets\/images\/social-follow\/logo-big.svg\" alt=\"Index.hu logo\"\/><\/p>\n<p>K\u00f6vesse az Indexet Facebookon is!<\/p>\n<p>    <a href=\"https:\/\/facebook.com\/Indexhu\" target=\"_blank\" rel=\"nofollow noopener\"><\/p>\n<p>        K\u00f6vetem!<br \/>\n    <\/a><\/p>\n","protected":false},"excerpt":{"rendered":"Magyar P\u00e9ter szerd\u00e1n este az Eur\u00f3pai Tan\u00e1cs eln\u00f6k\u00e9t l\u00e1tta vend\u00e9g\u00fcl \u2013 k\u00f6z\u00f6lte a korm\u00e1nyf\u0151 egy\u00a0Facebook-bejegyz\u00e9sben,\u00a0amelyet a \u201ediplom\u00e1ciai nagy\u00fczem\u201d&hellip;\n","protected":false},"author":2,"featured_media":230593,"comment_status":"","ping_status":"","sticky":false,"template":"","format":"standard","meta":{"footnotes":"","_share_on_mastodon":"0"},"categories":[33],"tags":[4466,80,5122,187,152,53685,429,38,35,37,60990,44,42,40,1524,43,944,41,1356,34,7591,36,39],"class_list":["post-230592","post","type-post","status-publish","format-standard","has-post-thumbnail","category-hirek","tag-antonio-costa","tag-belfold","tag-bovites","tag-buntetes","tag-ce-napi","tag-ceuta","tag-europai-unio","tag-focimek","tag-headlines","tag-hirek","tag-hozzaallas","tag-hu","tag-hungarian","tag-hungary","tag-koltsegvetes","tag-magyar","tag-magyar-peter","tag-magyarorszag","tag-migracio","tag-news","tag-talalkozo","tag-top-stories","tag-vezeto-hirek"],"share_on_mastodon":{"url":"https:\/\/pubeurope.com\/@hu\/117203809517838339","error":""},"_links":{"self":[{"href":"https:\/\/www.europesays.com\/hu\/wp-json\/wp\/v2\/posts\/230592","targetHints":{"allow":["GET"]}}],"collection":[{"href":"https:\/\/www.europesays.com\/hu\/wp-json\/wp\/v2\/posts"}],"about":[{"href":"https:\/\/www.europesays.com\/hu\/wp-json\/wp\/v2\/types\/post"}],"author":[{"embeddable":true,"href":"https:\/\/www.europesays.com\/hu\/wp-json\/wp\/v2\/users\/2"}],"replies":[{"embeddable":true,"href":"https:\/\/www.europesays.com\/hu\/wp-json\/wp\/v2\/comments?post=230592"}],"version-history":[{"count":0,"href":"https:\/\/www.europesays.com\/hu\/wp-json\/wp\/v2\/posts\/230592\/revisions"}],"wp:featuredmedia":[{"embeddable":true,"href":"https:\/\/www.europesays.com\/hu\/wp-json\/wp\/v2\/media\/230593"}],"wp:attachment":[{"href":"https:\/\/www.europesays.com\/hu\/wp-json\/wp\/v2\/media?parent=230592"}],"wp:term":[{"taxonomy":"category","embeddable":true,"href":"https:\/\/www.europesays.com\/hu\/wp-json\/wp\/v2\/categories?post=230592"},{"taxonomy":"post_tag","embeddable":true,"href":"https:\/\/www.europesays.com\/hu\/wp-json\/wp\/v2\/tags?post=230592"}],"curies":[{"name":"wp","href":"https:\/\/api.w.org\/{rel}","templated":true}]}}