{"id":230602,"date":"2026-09-02T22:39:09","date_gmt":"2026-09-02T22:39:09","guid":{"rendered":"https:\/\/www.europesays.com\/hu\/230602\/"},"modified":"2026-09-02T22:39:09","modified_gmt":"2026-09-02T22:39:09","slug":"vegjatek-100-uj-autobol-mar-99-elektromos-norvegiaban","status":"publish","type":"post","link":"https:\/\/www.europesays.com\/hu\/230602\/","title":{"rendered":"V\u00e9gj\u00e1t\u00e9k: 100 \u00faj aut\u00f3b\u00f3l m\u00e1r 99 elektromos Norv\u00e9gi\u00e1ban"},"content":{"rendered":"\n<p>Norv\u00e9gi\u00e1ban \u00fajabb rekordot d\u00f6nt\u00f6tt az elektromos aut\u00f3k ar\u00e1nya: augusztusban az \u00faj szem\u00e9lyaut\u00f3k 98,7 sz\u00e1zal\u00e9ka tiszt\u00e1n elektromos volt. Ek\u00f6zben a teljes szem\u00e9lyaut\u00f3-piac enyh\u00e9n visszaesett, a m\u00e1rk\u00e1k k\u00f6z\u00f6tt pedig komoly \u00e1trendez\u0151d\u00e9s l\u00e1that\u00f3.<\/p>\n<p>A norv\u00e9g K\u00f6z\u00fati Forgalmi Inform\u00e1ci\u00f3s Tan\u00e1cs (OFV) <a href=\"https:\/\/ofv.no\/aktuelt\/2026\/personbilsalget-g%C3%A5r-tilbake-seks-av-de-ti-st%C3%B8rste-merkene-vokser\" target=\"_blank\" rel=\"noopener nofollow\">adatai szerint<\/a> augusztusban 13.451 \u00faj szem\u00e9lyaut\u00f3t helyeztek forgalomba az orsz\u00e1gban, ami 3,4 sz\u00e1zal\u00e9kkal kevesebb a tavaly augusztusin\u00e1l. Az elektromos aut\u00f3k r\u00e9szesed\u00e9se viszont soha nem l\u00e1tott szintre emelkedett: a 98,7 sz\u00e1zal\u00e9kos ar\u00e1ny \u00faj havi rekord. Egy \u00e9vvel kor\u00e1bban, 2025 augusztus\u00e1ban m\u00e9g 96,9 sz\u00e1zal\u00e9k volt az elektromos aut\u00f3k ar\u00e1nya.<\/p>\n<p>2026 els\u0151 nyolc h\u00f3napj\u00e1ban az \u00faj szem\u00e9lyaut\u00f3k 97,8 sz\u00e1zal\u00e9ka elektromos volt.<\/p>\n<p>Norv\u00e9gia \u00fajaut\u00f3-piaca \u00edgy m\u00e1r gyakorlatilag teljesen elektromosnak tekinthet\u0151, annak ellen\u00e9re, hogy a bels\u0151 \u00e9g\u00e9s\u0171 motorral szerelt aut\u00f3k regisztr\u00e1ci\u00f3ja tov\u00e1bbra sem tiltott.<\/p>\n<p><a href=\"https:\/\/villanyautosok.hu\/wp-content\/uploads\/2026\/09\/2026-09-01-volkswagen-id4-02.png\" data-lbwps-width=\"1704\" data-lbwps-height=\"958\" data-lbwps-srcsmall=\"https:\/\/villanyautosok.hu\/wp-content\/uploads\/2026\/09\/2026-09-01-volkswagen-id4-02-300x169.png\" rel=\"nofollow noopener\" target=\"_blank\"><img fetchpriority=\"high\" decoding=\"async\" class=\"aligncenter size-large wp-image-227490 webpexpress-processed\" src=\"https:\/\/www.europesays.com\/hu\/wp-content\/uploads\/2026\/09\/2026-09-01-volkswagen-id4-02-1024x576.png\" alt=\"\" width=\"1024\" height=\"576\"  \/><\/a><\/p>\n<p>A m\u00e1rk\u00e1k k\u00f6z\u00f6tt ugyanakkor jelent\u0151s k\u00fcl\u00f6nbs\u00e9gek alakultak ki. A t\u00edz legnagyobb gy\u00e1rt\u00f3 k\u00f6z\u00fcl hat n\u00f6velni tudta augusztusi regisztr\u00e1ci\u00f3it az el\u0151z\u0151 \u00e9v azonos h\u00f3napj\u00e1hoz k\u00e9pest. A leger\u0151sebb n\u00f6veked\u00e9st az Xpeng \u00e9s a Toyota produk\u00e1lta, de n\u0151tt a BYD, a BMW, a Volvo \u00e9s az Audi regisztr\u00e1ci\u00f3inak sz\u00e1ma is. Az augusztusi m\u00e1rkarangsor \u00e9l\u00e9n a Volkswagen v\u00e9gzett.<\/p>\n<p>Modellszinten a Volkswagen ID.4 lett a h\u00f3nap legnagyobb sz\u00e1mban regisztr\u00e1lt szem\u00e9lyaut\u00f3ja, m\u00f6g\u00f6tte a Toyota bZ4X \u00e9s a BMW iX3 k\u00f6vetkezett.<\/p>\n<p>K\u00f6zben a k\u00ednai gy\u00e1rt\u00f3k tov\u00e1bb n\u00f6velt\u00e9k jelenl\u00e9t\u00fcket a norv\u00e9g piacon. Az Xpeng \u00e9s a BYD egy\u00fctt 11,4 sz\u00e1zal\u00e9kos r\u00e9szesed\u00e9st \u00e9rt el augusztusban, szemben az egy \u00e9vvel kor\u00e1bbi 4,9 sz\u00e1zal\u00e9kkal. A k\u00e9t m\u00e1rk\u00e1b\u00f3l \u00f6sszesen t\u00f6bb mint k\u00e9tszer annyi aut\u00f3t regisztr\u00e1ltak, mint 2025 augusztus\u00e1ban.<\/p>\n<p>A h\u00f3nap egyik legfelt\u0171n\u0151bb fejlem\u00e9nye a Tesla gyeng\u00e9bb teljes\u00edtm\u00e9nye volt. A m\u00e1rk\u00e1b\u00f3l 2387-tel kevesebb aut\u00f3t regisztr\u00e1ltak, mint egy \u00e9vvel kor\u00e1bban.<\/p>\n<p>A Tesla ugyanakkor tov\u00e1bbra is az els\u0151 helyen \u00e1ll az idei \u00f6sszes\u00edtett m\u00e1rkarangsorban, \u00e1mb\u00e1r el\u0151nye l\u00e1tv\u00e1nyosan cs\u00f6kkent a Toyot\u00e1val szemben.<\/p>\n<p>A Toyota az \u00e9v eleje \u00f3ta 46,4 sz\u00e1zal\u00e9kkal n\u00f6velte regisztr\u00e1ci\u00f3it, mik\u00f6zben a Tesla 11 sz\u00e1zal\u00e9kos visszaes\u00e9st k\u00f6nyvelt el. A k\u00e9t m\u00e1rka k\u00f6z\u00f6tti k\u00fcl\u00f6nbs\u00e9g \u00edgy a tavalyi azonos id\u0151szakban m\u00e9rt 9173 aut\u00f3r\u00f3l 3740-re cs\u00f6kkent. Az idei \u00f6sszes\u00edtett rangsor harmadik hely\u00e9n a Volkswagen \u00e1ll.<\/p>\n<p><a href=\"https:\/\/villanyautosok.hu\/wp-content\/uploads\/2026\/09\/2026-09-01-toyota-bz4x-01.png\" data-lbwps-width=\"1260\" data-lbwps-height=\"958\" data-lbwps-srcsmall=\"https:\/\/villanyautosok.hu\/wp-content\/uploads\/2026\/09\/2026-09-01-toyota-bz4x-01-300x228.png\" rel=\"nofollow noopener\" target=\"_blank\"><img loading=\"lazy\" decoding=\"async\" class=\"aligncenter size-large wp-image-227493 webpexpress-processed\" src=\"https:\/\/www.europesays.com\/hu\/wp-content\/uploads\/2026\/09\/2026-09-01-toyota-bz4x-01-1024x779.png\" alt=\"\" width=\"1024\" height=\"779\"  \/><\/a><\/p>\n<p>Az elektromos \u00e1t\u00e1ll\u00e1s a k\u00f6nny\u0171 haszonj\u00e1rm\u0171vekn\u00e9l is l\u00e1tv\u00e1nyos, b\u00e1r ebben a szegmensben m\u00e9g j\u00f3val messzebb van a teljes elektrifik\u00e1ci\u00f3.<\/p>\n<p>Augusztusban 3139 \u00faj furgont regisztr\u00e1ltak Norv\u00e9gi\u00e1ban, 10,6 sz\u00e1zal\u00e9kkal t\u00f6bbet, mint egy \u00e9vvel kor\u00e1bban. Az elektromos furgonok sz\u00e1ma 17 sz\u00e1zal\u00e9kkal emelkedett, r\u00e9szesed\u00e9s\u00fck pedig 44,9 sz\u00e1zal\u00e9kra n\u0151tt. Az \u00e9v els\u0151 nyolc h\u00f3napj\u00e1ban m\u00e1r 53,1 sz\u00e1zal\u00e9kos az elektromos ar\u00e1ny.<\/p>\n<p>A h\u00f3nap m\u00e1sodik fel\u00e9ben azonban \u00e1tmenetileg megugrott a d\u00edzel furgonok r\u00e9szesed\u00e9se. M\u00edg augusztus els\u0151 fel\u00e9ben 36,3 sz\u00e1zal\u00e9k volt, a m\u00e1sodik fel\u00e9ben m\u00e1r 56,1 sz\u00e1zal\u00e9kra emelkedett.<\/p>\n<p>Ennek h\u00e1tter\u00e9ben az \u00e1llhatott, hogy szeptember 1-j\u00e9t\u0151l emelkedett a bels\u0151 \u00e9g\u00e9s\u0171 motoros furgonok regisztr\u00e1ci\u00f3s ad\u00f3j\u00e1nak CO\u2082-komponense. Bizonyos modellekn\u00e9l az ad\u00f3emel\u00e9s ak\u00e1r 15.000 norv\u00e9g korona (500 ezer forint) is lehetett, ez\u00e9rt egyes v\u00e1s\u00e1rl\u00e1sokat el\u0151rehozhattak.<\/p>\n<p>PGEgaHJlZj0iaHR0cHM6Ly93d3cudm9sdGllLmV1Lz91dG1fc291cmNlPXZpbGxhbnlhdXRvc29rJnV0bV9tZWRpdW09ZWxla3Ryb21vc2F1dG8mdXRtX2NhbXBhaWduPXJvdmF0IiBvbmNsaWNrPSJqYXZhc2NyaXB0OndpbmRvdy5vcGVuKCdodHRwczovL3d3dy52b2x0aWUuZXUvP3V0bV9zb3VyY2U9dmlsbGFueWF1dG9zb2smdXRtX21lZGl1bT1lbGVrdHJvbW9zYXV0byZ1dG1fY2FtcGFpZ249cm92YXQnLCAnX2JsYW5rJywgJ25vb3BlbmVyJyk7IHJldHVybiBmYWxzZTsiPjxwaWN0dXJlPjxzb3VyY2Ugc3Jjc2V0PSJodHRwczovL3ZpbGxhbnlhdXRvc29rLmh1L3dwLWNvbnRlbnQvdXBsb2Fkcy8yMDI1LzAyL3ZvbHRpZS1zemFiYWRzYWctMTMwMHg2MC1iYW5uZXItMjAyNi0wNS0xNC0xLnBuZyIgbWVkaWE9IihtaW4td2lkdGg6IDcwMHB4KSI+PGltZyBzcmM9Imh0dHBzOi8vdmlsbGFueWF1dG9zb2suaHUvd3AtY29udGVudC91cGxvYWRzLzIwMjUvMDIvdm9sdGllLXN6YWJhZHNhZy0xMzAweDYwLWJhbm5lci0yMDI2LTA1LTE0LTEucG5nIiBhbHQ9IiI+PC9waWN0dXJlPjwvYT4=<\/p>\n<p>          <a id=\"authorcard\" title=\"Simon Zsolt cikkei\" href=\"https:\/\/villanyautosok.hu\/author\/simon_zsolt\/\" rel=\"nofollow noopener\" target=\"_blank\">&#13;<br \/>\n              <img alt=\"\" src=\"https:\/\/www.europesays.com\/hu\/wp-content\/uploads\/2026\/09\/1788388749_866_5643cc5411d8add74db63797683efadff34419c6e15e5bb24ef333d04915d8c0.jpeg\"  class=\"avatar avatar-96 photo\" height=\"96\" width=\"96\" loading=\"lazy\" decoding=\"async\"\/>Simon Zsolt<\/p>\n<p>Nem az aut\u00f3z\u00e1s, hanem a k\u00f6rnyezetv\u00e9delem ir\u00e1nti elk\u00f6telezetts\u00e9g sodorta a Villanyaut\u00f3sok k\u00f6z\u00e9, hogy geogr\u00e1fus \u00e9s k\u00f6zgazd\u00e1sz tanulm\u00e1nyai befejez\u00e9se ut\u00e1n tud\u00e1s\u00e1val seg\u00edthesse egy fenntarthat\u00f3bb vil\u00e1g kialakul\u00e1s\u00e1t.<\/p>\n<p>          <\/a><\/p>\n","protected":false},"excerpt":{"rendered":"Norv\u00e9gi\u00e1ban \u00fajabb rekordot d\u00f6nt\u00f6tt az elektromos aut\u00f3k ar\u00e1nya: augusztusban az \u00faj szem\u00e9lyaut\u00f3k 98,7 sz\u00e1zal\u00e9ka tiszt\u00e1n elektromos volt. Ek\u00f6zben&hellip;\n","protected":false},"author":2,"featured_media":230603,"comment_status":"","ping_status":"","sticky":false,"template":"","format":"standard","meta":{"footnotes":"","_share_on_mastodon":"0"},"categories":[10],"tags":[2589,15503,110,466,44,42,40,43,41,2206,3889,1834,111],"class_list":["post-230602","post","type-post","status-publish","format-standard","has-post-thumbnail","category-vallalkozas","tag-autopiac","tag-belso-egesu-motor","tag-business","tag-elektromos-auto","tag-hu","tag-hungarian","tag-hungary","tag-magyar","tag-magyarorszag","tag-norvegia","tag-rekord","tag-statisztika","tag-vallalkozas"],"share_on_mastodon":{"url":"https:\/\/pubeurope.com\/@hu\/117203852926203562","error":""},"_links":{"self":[{"href":"https:\/\/www.europesays.com\/hu\/wp-json\/wp\/v2\/posts\/230602","targetHints":{"allow":["GET"]}}],"collection":[{"href":"https:\/\/www.europesays.com\/hu\/wp-json\/wp\/v2\/posts"}],"about":[{"href":"https:\/\/www.europesays.com\/hu\/wp-json\/wp\/v2\/types\/post"}],"author":[{"embeddable":true,"href":"https:\/\/www.europesays.com\/hu\/wp-json\/wp\/v2\/users\/2"}],"replies":[{"embeddable":true,"href":"https:\/\/www.europesays.com\/hu\/wp-json\/wp\/v2\/comments?post=230602"}],"version-history":[{"count":0,"href":"https:\/\/www.europesays.com\/hu\/wp-json\/wp\/v2\/posts\/230602\/revisions"}],"wp:featuredmedia":[{"embeddable":true,"href":"https:\/\/www.europesays.com\/hu\/wp-json\/wp\/v2\/media\/230603"}],"wp:attachment":[{"href":"https:\/\/www.europesays.com\/hu\/wp-json\/wp\/v2\/media?parent=230602"}],"wp:term":[{"taxonomy":"category","embeddable":true,"href":"https:\/\/www.europesays.com\/hu\/wp-json\/wp\/v2\/categories?post=230602"},{"taxonomy":"post_tag","embeddable":true,"href":"https:\/\/www.europesays.com\/hu\/wp-json\/wp\/v2\/tags?post=230602"}],"curies":[{"name":"wp","href":"https:\/\/api.w.org\/{rel}","templated":true}]}}