{"id":230619,"date":"2026-09-02T22:58:07","date_gmt":"2026-09-02T22:58:07","guid":{"rendered":"https:\/\/www.europesays.com\/hu\/230619\/"},"modified":"2026-09-02T22:58:07","modified_gmt":"2026-09-02T22:58:07","slug":"megmenekul-a-rettegesben-elo-budapesti-kerulet-megszabadul-a-palackosoktol","status":"publish","type":"post","link":"https:\/\/www.europesays.com\/hu\/230619\/","title":{"rendered":"Megmenek\u00fcl a retteg\u00e9sben \u00e9l\u0151 budapesti ker\u00fclet, megszabadul a palackosokt\u00f3l?"},"content":{"rendered":"<p data-alignment=\"left\" class=\"text-left\" data-block-key=\"mlfoz\">\u201eA t\u00e1rsas\u00e1g jelezte: arra t\u00f6rekszik, hogy a j\u00f6v\u0151ben a visszav\u00e1ltott palackok\u00e9rt kapott utalv\u00e1nyokat ne lehessen k\u00e9szp\u00e9nzre v\u00e1ltani. \u00d6r\u00fcl\u00f6k, hogy meghallott\u00e1k a budapesti ker\u00fcletvezet\u0151k jelz\u00e9seit, \u00e9s elkezdtek megold\u00e1st keresni egy olyan probl\u00e9m\u00e1ra, amelynek k\u00f6vetkezm\u00e9nyeivel nap mint nap tal\u00e1lkozunk&#8221; \u2013 <a href=\"https:\/\/www.facebook.com\/photo\/?fbid=1511245477666907&amp;set=a.271689514955849\" target=\"_blank\" rel=\" noopener noreferrer nofollow\">\u00edrja Facebook-bejegyz\u00e9s\u00e9ben<\/a> Dr. L\u00e1szl\u00f3 Imre \u00fajbudai polg\u00e1rmester.<\/p>\n<p data-alignment=\"left\" class=\"text-left\" data-block-key=\"4oa1e\">\u00dajbud\u00e1n ugyanis azt tapasztalj\u00e1k, hogy a palackgy\u0171jt\u00e9s sokak sz\u00e1m\u00e1ra rendszeres bev\u00e9teli forr\u00e1ss\u00e1 v\u00e1lt. Olyannyira, hogy sokak napi szinten j\u00e1rnak vid\u00e9kr\u0151l Budapestre palackokat gy\u0171jteni. Ennek pedig m\u00e1r nemcsak k\u00f6ztisztas\u00e1gi k\u00f6vetkezm\u00e9nyei vannak, hanem komolyan \u00e9rinti a k\u00f6zbiztons\u00e1got is.<\/p>\n<p>  <a rel=\"noopener nofollow\" href=\"https:\/\/indamediasales.hu\/2019\/06\/25\/quality_placement_minosegbiztositasi_tajekoztato_728\" target=\"_blank\" class=\"flex items-center\"><\/p>\n<p>      <img loading=\"lazy\" decoding=\"async\" src=\"https:\/\/www.economx.hu\/neon\/static\/images\/brand\/quality_placement_logo.svg\" alt=\"Quality Placement\" width=\"150\" height=\"15\"\/><\/p>\n<p>  <\/a><\/p>\n<p>\n  hirdet\u00e9s<\/p>\n<p>    X<\/p>\n<p data-alignment=\"left\" class=\"text-left\" data-block-key=\"dg8mt\">Idegenek mennek be a t\u00e1rsash\u00e1zakba, kuk\u00e1kat kutatnak \u00e1t, \u00e9s konfliktusba ker\u00fclnek az ott \u00e9l\u0151kkel. A polg\u00e1rmesteri hivatal m\u00e1r kapott jelz\u00e9st ajt\u00f3 el\u00e9 kisz\u00e1ll\u00edtott, majd elt\u0171nt \u00e9telr\u0151l, \u00e9s arr\u00f3l is, hogy egyesek a t\u00e1rsash\u00e1zak l\u00e9pcs\u0151h\u00e1zaiban v\u00e9gzik el a dolgukat. A rendv\u00e9delmi szervek jelz\u00e9sei szerint a palackokb\u00f3l szerzett p\u00e9nzt t\u00f6bb esetben <a href=\"https:\/\/www.economx.hu\/ingatlan\/2026\/06\/25\/kelenfoldon-jartunk-ahol-drogosok-elveszett-lelkek-arnyak-terrorizaljak-a-lakotelepet\/\" target=\"_blank\" rel=\" noopener noreferrer nofollow\" data-link-preview=\"true\" data-og-title=\"Kelenf\u00f6ld\u00f6n j\u00e1rtunk, ahol drogosok, elveszett lelkek, \u00e1rnyak terroriz\u00e1lj\u00e1k a lak\u00f3telepet\" data-og-description=\"Egyre t\u00f6bbsz\u00f6r ker\u00fcl a h\u00edrekbe Kelenf\u00f6ld, ahol a lak\u00f3telepek k\u00f6zter\u00fcletein szinte \u00e9letvitelszer\u0171en tart\u00f3zkodnak olyanok, akiket nem fognak tank\u00f6nyvekben mutogatni. Ennek aprop\u00f3j\u00e1n k\u00f6r\u00fcln\u00e9zt\u00fcnk \u00dajbud\u00e1n, ahol alapj\u00e1raton egy mad\u00e1rcsicserg\u0151s, idilli lak\u00f3\u00f6vezetre bukkantunk.\" data-og-image=\"https:\/\/www.economx.hu\/neon\/media\/images\/DSC_0854.format-avif.max-600x400.avif\" data-og-image-small=\"https:\/\/www.economx.hu\/neon\/media\/images\/DSC_0854.format-avif.max-370x278.avif\" data-og-column=\"Ingatlan\" data-og-tags=\"[&quot;Ingatlan&quot;, &quot;realista&quot;, &quot;kelenf\\u00f6ld&quot;, &quot;\\u00fajbuda&quot;, &quot;v\\u00e1rosfejleszt\\u00e9s&quot;, &quot;Budapest&quot;, &quot;hajl\\u00e9ktalan&quot;, &quot;drog&quot;]\">k\u00e1b\u00edt\u00f3szerre ford\u00edtott\u00e1k<\/a>.<\/p>\n<p data-alignment=\"left\" class=\"text-left\" data-block-key=\"act53\">\u201eEz\u00e9rt tartom j\u00f3 ir\u00e1nynak, hogy a MOHU \u00e9ppen a k\u00e9szp\u00e9nzre v\u00e1lthat\u00f3s\u00e1g megsz\u00fcntet\u00e9s\u00e9t vizsg\u00e1lja. Ha a palackgy\u0171jt\u00e9s nem tud t\u00f6bb\u00e9 k\u00e9szp\u00e9nzes bev\u00e9teli forr\u00e1sk\u00e9nt m\u0171k\u00f6dni, az \u00e9rdemben cs\u00f6kkentheti azokat a gondokat, amelyeket ma a ker\u00fcletekben l\u00e1tunk. De fontos azt is kimondani: ett\u0151l m\u00e9g nem old\u00f3dik meg minden.<\/p>\n<p data-alignment=\"left\" class=\"text-left\" data-block-key=\"d9trj\">A m\u00e1r kialakult k\u00f6zter\u00fcleti probl\u00e9m\u00e1k kezel\u00e9s\u00e9hez tov\u00e1bbra is sz\u00fcks\u00e9g van er\u0151sebb rend\u0151ri jelenl\u00e9tre, a rend\u00e9szeti szervek szoros egy\u00fcttm\u0171k\u00f6d\u00e9s\u00e9re, valamint megfelel\u0151en m\u0171k\u00f6d\u0151 szoci\u00e1lis \u00e9s eg\u00e9szs\u00e9g\u00fcgyi ell\u00e1t\u00e1sra. Hamarosan ez\u00e9rt ism\u00e9t t\u00e1rgyal\u00f3asztalhoz \u00fcl\u00fcnk Budapest rend\u0151rf\u0151kapit\u00e1ny\u00e1val&#8221; \u2013 folytatta a polg\u00e1rmester.<\/p>\n<p><a href=\"https:\/\/google.com\/preferences\/source?q=https%3A\/\/www.economx.hu\" rel=\"noopener nofollow\" referrerpolicy=\"no-referrer-when-downgrade\" class=\"!flex !items-center !gap-5 !py-2 !px-3 w-full !rounded-xl !font-bold cursor-pointer !no-underline relative !bg-white !text-[#202124] !border !border-[#858585] dark:!bg-[#323232] dark:!text-white dark:border-none my-4 \" target=\"_blank\"><br \/>\n  <img decoding=\"async\" src=\"https:\/\/www.economx.hu\/neon\/static\/images\/favicons\/google_favicon.svg\" alt=\"Google\" class=\"shrink-0 w-7 h-7\"\/><br \/>\n  \u00c1ll\u00edtsd be, hogy az Economx az els\u0151k k\u00f6z\u00f6tt legyen a Google-tal\u00e1latokban!<\/p>\n<p><\/a><\/p>\n","protected":false},"excerpt":{"rendered":"\u201eA t\u00e1rsas\u00e1g jelezte: arra t\u00f6rekszik, hogy a j\u00f6v\u0151ben a visszav\u00e1ltott palackok\u00e9rt kapott utalv\u00e1nyokat ne lehessen k\u00e9szp\u00e9nzre v\u00e1ltani. \u00d6r\u00fcl\u00f6k,&hellip;\n","protected":false},"author":2,"featured_media":230620,"comment_status":"","ping_status":"","sticky":false,"template":"","format":"standard","meta":{"footnotes":"","_share_on_mastodon":"0"},"categories":[33],"tags":[38,35,37,44,42,40,27563,43,41,1795,34,60992,36,3621,39],"class_list":["post-230619","post","type-post","status-publish","format-standard","has-post-thumbnail","category-hirek","tag-focimek","tag-headlines","tag-hirek","tag-hu","tag-hungarian","tag-hungary","tag-kozbiztonsag","tag-magyar","tag-magyarorszag","tag-mohu","tag-news","tag-palackozas","tag-top-stories","tag-ujbuda","tag-vezeto-hirek"],"share_on_mastodon":{"url":"https:\/\/pubeurope.com\/@hu\/117203927502630869","error":""},"_links":{"self":[{"href":"https:\/\/www.europesays.com\/hu\/wp-json\/wp\/v2\/posts\/230619","targetHints":{"allow":["GET"]}}],"collection":[{"href":"https:\/\/www.europesays.com\/hu\/wp-json\/wp\/v2\/posts"}],"about":[{"href":"https:\/\/www.europesays.com\/hu\/wp-json\/wp\/v2\/types\/post"}],"author":[{"embeddable":true,"href":"https:\/\/www.europesays.com\/hu\/wp-json\/wp\/v2\/users\/2"}],"replies":[{"embeddable":true,"href":"https:\/\/www.europesays.com\/hu\/wp-json\/wp\/v2\/comments?post=230619"}],"version-history":[{"count":0,"href":"https:\/\/www.europesays.com\/hu\/wp-json\/wp\/v2\/posts\/230619\/revisions"}],"wp:featuredmedia":[{"embeddable":true,"href":"https:\/\/www.europesays.com\/hu\/wp-json\/wp\/v2\/media\/230620"}],"wp:attachment":[{"href":"https:\/\/www.europesays.com\/hu\/wp-json\/wp\/v2\/media?parent=230619"}],"wp:term":[{"taxonomy":"category","embeddable":true,"href":"https:\/\/www.europesays.com\/hu\/wp-json\/wp\/v2\/categories?post=230619"},{"taxonomy":"post_tag","embeddable":true,"href":"https:\/\/www.europesays.com\/hu\/wp-json\/wp\/v2\/tags?post=230619"}],"curies":[{"name":"wp","href":"https:\/\/api.w.org\/{rel}","templated":true}]}}