{"id":230627,"date":"2026-09-02T23:10:13","date_gmt":"2026-09-02T23:10:13","guid":{"rendered":"https:\/\/www.europesays.com\/hu\/230627\/"},"modified":"2026-09-02T23:10:13","modified_gmt":"2026-09-02T23:10:13","slug":"telex-nem-zavarta-oket-az-arviz-derekig-ero-vizben-tartott-eskuvot-egy-par-a-fulop-szigeteken","status":"publish","type":"post","link":"https:\/\/www.europesays.com\/hu\/230627\/","title":{"rendered":"Telex: Nem zavarta \u0151ket az \u00e1rv\u00edz, der\u00e9kig \u00e9r\u0151 v\u00edzben tartott esk\u00fcv\u0151t egy p\u00e1r a F\u00fcl\u00f6p-szigeteken"},"content":{"rendered":"<p><img decoding=\"async\" src=\"https:\/\/www.europesays.com\/hu\/wp-content\/uploads\/2026\/09\/1788367352-temp-o5bikftehah58dfcemd_hero-normal:xl.jpg\"  loading=\"eager\" alt=\"Nem zavarta \u0151ket az \u00e1rv\u00edz, der\u00e9kig \u00e9r\u0151 v\u00edzben tartott esk\u00fcv\u0151t egy p\u00e1r a F\u00fcl\u00f6p-szigeteken\" class=\"placeholder_\"\/><\/p>\n<p>Fot\u00f3: AFP<\/p>\n<p><a href=\"https:\/\/telex.hu\/szerzo\/kovacs-pal\" class=\"author__avatar\" rel=\"nofollow noopener\" target=\"_blank\"><img decoding=\"async\" src=\"https:\/\/www.europesays.com\/hu\/wp-content\/uploads\/2026\/09\/1788390613_479_1717599256-temp-aEFmpC_avatar@4x.jpg\" alt=\"Kov\u00e1cs P\u00e1l\" class=\"avatar\" loading=\"lazy\"\/><\/a><\/p>\n<p>\u00c1ll\u00edtsd be a Telexet megb\u00edzhat\u00f3 forr\u00e1snak!<\/p>\n<p>Nem akarta az \u00e1rv\u00edz miatt tov\u00e1bb halogatni az esk\u00fcv\u0151t egy F\u00fcl\u00f6p-szigeteki p\u00e1r, ez\u00e9rt \u00fagy d\u00f6nt\u00f6ttek, der\u00e9kig \u00e9r\u0151 v\u00edzben \u00e1llva k\u00f6tik \u00f6ssze az \u00e9let\u00fcket szeptember 1-j\u00e9n Bulacanban \u2013 der\u00fcl ki a France24 <a href=\"https:\/\/www.youtube.com\/shorts\/3oZ1u4QKtNU\" target=\"_blank\" rel=\"nofollow noopener\">vide\u00f3j\u00e1b\u00f3l<\/a>. \u201eEgy\u00e1ltal\u00e1n nem zavart minket, hogy az esk\u00fcv\u0151i ruha \u00e9s az \u00f6lt\u00f6ny is teljesen el\u00e1zott\u201d \u2013 mondta Gilbert Gibo Chico, a v\u0151leg\u00e9ny.<\/p>\n<p>Az orsz\u00e1g nagy r\u00e9sz\u00e9n heves es\u0151z\u00e9sek voltak nagyj\u00e1b\u00f3l egy h\u00f3napon kereszt\u00fcl. Ez okozott \u00e1rad\u00e1sokat, t\u00f6bbek k\u00f6z\u00f6tt abban a t\u00e9rs\u00e9gben is, ahol a p\u00e1r \u00e1ltal kiszemelt katolikus templom is \u00e1ll. Azt tan\u00e1csolt\u00e1k nekik, hogy halassz\u00e1k el az esk\u00fcv\u0151t, de \u0151k nem akartak v\u00e1rni. Az \u00e9p\u00fclet bels\u0151 ter\u00e9t teljesen el\u00e1rasztotta a v\u00edz, ez\u00e9rt a p\u00e1r \u00e9s a jelenl\u00e9v\u0151k is der\u00e9kig \u00e9r\u0151 v\u00edzben \u00e1lltak a cerem\u00f3nia alatt.<\/p>\n<p>Partnereinkt\u0151l<\/p>\n<p>\u00c1ll\u00edtsd be a Telexet megb\u00edzhat\u00f3 forr\u00e1snak!<\/p>\n<p>K\u00f6vess minket Facebookon is!<\/p>\n","protected":false},"excerpt":{"rendered":"Fot\u00f3: AFP \u00c1ll\u00edtsd be a Telexet megb\u00edzhat\u00f3 forr\u00e1snak! Nem akarta az \u00e1rv\u00edz miatt tov\u00e1bb halogatni az esk\u00fcv\u0151t egy&hellip;\n","protected":false},"author":2,"featured_media":230628,"comment_status":"","ping_status":"","sticky":false,"template":"","format":"standard","meta":{"footnotes":"","_share_on_mastodon":"0"},"categories":[8],"tags":[3060,1297,8298,42,64,43,34,94,93,92],"class_list":["post-230627","post","type-post","status-publish","format-standard","has-post-thumbnail","category-vilag","tag-arviz","tag-eskuvo","tag-fulop-szigetek","tag-hungarian","tag-kulfold","tag-magyar","tag-news","tag-vilag","tag-world","tag-world-news"],"share_on_mastodon":{"url":"https:\/\/pubeurope.com\/@hu\/117203974789094157","error":""},"_links":{"self":[{"href":"https:\/\/www.europesays.com\/hu\/wp-json\/wp\/v2\/posts\/230627","targetHints":{"allow":["GET"]}}],"collection":[{"href":"https:\/\/www.europesays.com\/hu\/wp-json\/wp\/v2\/posts"}],"about":[{"href":"https:\/\/www.europesays.com\/hu\/wp-json\/wp\/v2\/types\/post"}],"author":[{"embeddable":true,"href":"https:\/\/www.europesays.com\/hu\/wp-json\/wp\/v2\/users\/2"}],"replies":[{"embeddable":true,"href":"https:\/\/www.europesays.com\/hu\/wp-json\/wp\/v2\/comments?post=230627"}],"version-history":[{"count":0,"href":"https:\/\/www.europesays.com\/hu\/wp-json\/wp\/v2\/posts\/230627\/revisions"}],"wp:featuredmedia":[{"embeddable":true,"href":"https:\/\/www.europesays.com\/hu\/wp-json\/wp\/v2\/media\/230628"}],"wp:attachment":[{"href":"https:\/\/www.europesays.com\/hu\/wp-json\/wp\/v2\/media?parent=230627"}],"wp:term":[{"taxonomy":"category","embeddable":true,"href":"https:\/\/www.europesays.com\/hu\/wp-json\/wp\/v2\/categories?post=230627"},{"taxonomy":"post_tag","embeddable":true,"href":"https:\/\/www.europesays.com\/hu\/wp-json\/wp\/v2\/tags?post=230627"}],"curies":[{"name":"wp","href":"https:\/\/api.w.org\/{rel}","templated":true}]}}