{"id":230643,"date":"2026-09-02T23:33:12","date_gmt":"2026-09-02T23:33:12","guid":{"rendered":"https:\/\/www.europesays.com\/hu\/230643\/"},"modified":"2026-09-02T23:33:12","modified_gmt":"2026-09-02T23:33:12","slug":"uj-harry-potter-sorozat-befutott-a-masodik-elozetes","status":"publish","type":"post","link":"https:\/\/www.europesays.com\/hu\/230643\/","title":{"rendered":"\u00daj Harry Potter-sorozat: befutott a m\u00e1sodik el\u0151zetes"},"content":{"rendered":"<p>\n                        Kar\u00e1csonykor \u00e9rkezik az idei \u00e9v egyik legjobban v\u00e1rt HBO-sorozata, addig be kell \u00e9rn\u00fcnk ennyivel.                    <\/p>\n<p>A Harry Potter \u00e9s a B\u00f6lcsek k\u00f6ve c\u00edm\u0171 vadonat\u00faj sorozat 8 r\u00e9sszel \u00e9rkezik majd az HBO-ra \u00e9s HBO Maxra id\u00e9n kar\u00e1csonykor.<\/p>\n<p>&#13;<\/p>\n<p>\u00cdme a most megjelent el\u0151zetes:<\/p>\n<p>&#13;<br \/>\n&#13;<\/p>\n<p>Az els\u0151 \u00e9vad t\u00f6rt\u00e9nete: Harry Potterben nincs semmi k\u00fcl\u00f6nleges. Legal\u00e1bbis ezt mondja neki Petunia n\u00e9ni. Amikor azonban egy rejt\u00e9lyes felv\u00e9teli lev\u00e9l \u00e9rkezik a Roxfort Boszork\u00e1ny- \u00e9s Var\u00e1zsl\u00f3k\u00e9pz\u0151 Szakiskol\u00e1b\u00f3l, megny\u00edlik el\u0151tte a m\u00e1gia, a bar\u00e1ts\u00e1g \u00e9s a kalandok rejtett vil\u00e1ga. A Roxfort elvar\u00e1zsolt falai m\u00f6g\u00f6tt azonban s\u00f6t\u00e9t titkok lapulnak. Harrynek b\u00e1tors\u00e1got kell gy\u0171jtenie, hogy szembesz\u00e1lljon minden id\u0151k leghatalmasabb s\u00f6t\u00e9t var\u00e1zsl\u00f3j\u00e1val.<\/p>\n<p>&#13;<\/p>\n<p>Kor\u00e1bban <a href=\"https:\/\/port.hu\/cikk\/stream\/ujabb-latvanyos-szerepcseret-jelentettek-be-a-harry-potter-sorozatban\/article-130200\" rel=\"nofollow noopener\" target=\"_blank\">arr\u00f3l \u00edrtunk<\/a>, hogy a sorozat m\u00e1sodik \u00e9vad\u00e1ban Kit Harington alak\u00edtja majd Gilderoy Lockhartot, miut\u00e1n Nicholas Hoult \u00fctemez\u00e9si neh\u00e9zs\u00e9gek miatt t\u00e1vozott a produkci\u00f3b\u00f3l. A h\u00edrt nem sokkal Hoult eredeti bejelent\u00e9se ut\u00e1n k\u00f6z\u00f6lt\u00e9k, \u00edgy a Tr\u00f3nok harca egykori szt\u00e1rja veszi \u00e1t a S\u00f6t\u00e9t Var\u00e1zslatok Kiv\u00e9d\u00e9se tan\u00e1r szerep\u00e9t, akinek kor\u00e1bban m\u00e1r a hangosk\u00f6nyvekben is \u0151 k\u00f6lcs\u00f6n\u00f6zte a hangj\u00e1t.<\/p>\n<p>&#13;<\/p>\n<p>Nem Lockhart az egyetlen karakter, akit \u00faj sz\u00edn\u00e9sz form\u00e1l majd meg a m\u00e1sodik \u00e9vadban: a Ginny Weasley-t alak\u00edt\u00f3 Gracie Cochrane sem t\u00e9r vissza a folytat\u00e1sban, \u00edgy az \u0151 szerep\u00e9re jelenleg is zajlik a keres\u00e9s. A c\u00edmszerepet alak\u00edt\u00f3 Dominic McLaughlin mellett a f\u0151bb szerepekben olyan nevek mutatkoznak be, mint Arabella Stanton (Hermione Granger), Alastair Stout (Ron Weasley), John Lithgow (Dumbledore), Janet McTeer (McGalagony), Paapa Essiedu (Piton) \u00e9s Nick Frost (Hagrid).\u00a0<\/p>\n<p>&#13;<\/p>\n<p>A Harry Potter \u00e9s a Titkok Kamr\u00e1ja reg\u00e9nyen alapul\u00f3 m\u00e1sodik \u00e9vad forgat\u00e1sa \u0151sszel veszi kezdet\u00e9t.<\/p>\n<p>&#13;<br \/>\n&#13;<\/p>\n<p>\u00a0<\/p>\n<p>                <a href=\"https:\/\/google.com\/preferences\/source?q=https:\/\/port.hu\" target=\"_blank\" class=\"google-pref-banner\" id=\"googlePrefBanner\" rel=\"nofollow noopener\"><br \/>\n                    <img loading=\"lazy\" decoding=\"async\" src=\"https:\/\/port.hu\/img\/svg\/google-logo.svg\" width=\"52\" height=\"52\"\/><br \/>\n                    Itt \u00e1ll\u00edtsa be, hogy a Port az els\u0151k k\u00f6z\u00f6tt legyen a Google-tal\u00e1latokban!<\/p>\n<p>                <\/a><\/p>\n","protected":false},"excerpt":{"rendered":"Kar\u00e1csonykor \u00e9rkezik az idei \u00e9v egyik legjobban v\u00e1rt HBO-sorozata, addig be kell \u00e9rn\u00fcnk ennyivel. A Harry Potter \u00e9s&hellip;\n","protected":false},"author":2,"featured_media":230644,"comment_status":"","ping_status":"","sticky":false,"template":"","format":"standard","meta":{"footnotes":"","_share_on_mastodon":"0"},"categories":[17],"tags":[168,4156,137,160,1004,2105,44,42,40,43,41,159,39512,149,878,138,162],"class_list":["post-230643","post","type-post","status-publish","format-standard","has-post-thumbnail","category-filmek","tag-elozetes","tag-elso-evad","tag-entertainment","tag-filmek","tag-harry-potter","tag-harry-potter-es-a-bolcsek-kove","tag-hu","tag-hungarian","tag-hungary","tag-magyar","tag-magyarorszag","tag-movie","tag-roxfort","tag-sorozat","tag-stream","tag-szorakozas","tag-trailer"],"share_on_mastodon":{"url":"https:\/\/pubeurope.com\/@hu\/117204065541654010","error":""},"_links":{"self":[{"href":"https:\/\/www.europesays.com\/hu\/wp-json\/wp\/v2\/posts\/230643","targetHints":{"allow":["GET"]}}],"collection":[{"href":"https:\/\/www.europesays.com\/hu\/wp-json\/wp\/v2\/posts"}],"about":[{"href":"https:\/\/www.europesays.com\/hu\/wp-json\/wp\/v2\/types\/post"}],"author":[{"embeddable":true,"href":"https:\/\/www.europesays.com\/hu\/wp-json\/wp\/v2\/users\/2"}],"replies":[{"embeddable":true,"href":"https:\/\/www.europesays.com\/hu\/wp-json\/wp\/v2\/comments?post=230643"}],"version-history":[{"count":0,"href":"https:\/\/www.europesays.com\/hu\/wp-json\/wp\/v2\/posts\/230643\/revisions"}],"wp:featuredmedia":[{"embeddable":true,"href":"https:\/\/www.europesays.com\/hu\/wp-json\/wp\/v2\/media\/230644"}],"wp:attachment":[{"href":"https:\/\/www.europesays.com\/hu\/wp-json\/wp\/v2\/media?parent=230643"}],"wp:term":[{"taxonomy":"category","embeddable":true,"href":"https:\/\/www.europesays.com\/hu\/wp-json\/wp\/v2\/categories?post=230643"},{"taxonomy":"post_tag","embeddable":true,"href":"https:\/\/www.europesays.com\/hu\/wp-json\/wp\/v2\/tags?post=230643"}],"curies":[{"name":"wp","href":"https:\/\/api.w.org\/{rel}","templated":true}]}}