{"id":230651,"date":"2026-09-02T23:41:07","date_gmt":"2026-09-02T23:41:07","guid":{"rendered":"https:\/\/www.europesays.com\/hu\/230651\/"},"modified":"2026-09-02T23:41:07","modified_gmt":"2026-09-02T23:41:07","slug":"akar-47-millio-forint-is-lehet-a-beugro-egy-hazai-idosotthonba-nem-csoda-hogy-gombamod-terjednek-az-illegalis-otthonok","status":"publish","type":"post","link":"https:\/\/www.europesays.com\/hu\/230651\/","title":{"rendered":"Ak\u00e1r 47 milli\u00f3 forint is lehet a beugr\u00f3 egy hazai id\u0151sotthonba, nem csoda, hogy gombam\u00f3d terjednek az illeg\u00e1lis otthonok"},"content":{"rendered":"<p>Rendk\u00edv\u00fcl rossz \u00e1llapotban van a tart\u00f3s, bentlak\u00e1sos id\u0151sgondoz\u00e1s Magyarorsz\u00e1gon. Az \u00e1llamilag t\u00e1mogatott int\u00e9zm\u00e9nyekben ak\u00e1r egy \u00e9vn\u00e9l is hosszabb lehet a v\u00e1r\u00f3lista, a mag\u00e1nk\u00e9zben l\u00e9v\u0151 int\u00e9zm\u00e9nyeket pedig csak kevesek tudj\u00e1k megfizetni. A magyar csal\u00e1dok sok\u00e1ig halogatj\u00e1k az id\u0151sotthon lehet\u0151s\u00e9g\u00e9t, ami kapkod\u00e1shoz vezet, ha m\u00e1r nem tudj\u00e1k megoldani szeretteik gondoz\u00e1s\u00e1t. A Forbes Money podcast vend\u00e9ge volt a Nyugd\u00edjash\u00e1zak Orsz\u00e1gos Egyes\u00fclet\u00e9nek eln\u00f6ke, Nagy Viktor, aki az illeg\u00e1lis id\u0151sotthonok terjed\u00e9s\u00e9r\u0151l is besz\u00e9lt.<\/p>\n<p>K\u00f6r\u00fclbel\u00fcl 864 id\u0151sotthon m\u0171k\u00f6dik jelenleg Magyarorsz\u00e1gon, az \u00e1llamilag t\u00e1mogatott int\u00e9zm\u00e9nyekben pedig nagyj\u00e1b\u00f3l 53\u201354 ezer f\u00e9r\u0151hely van. Ez a sz\u00e1m 2019 \u00f3ta nem v\u00e1ltozott, mik\u00f6zben haz\u00e1nk lakoss\u00e1ga egyre gyorsabban \u00f6regszik.<\/p>\n<p>Sok v\u00e1llalkoz\u00f3 felismerte a piaci r\u00e9st, \u00e9s alap\u00edtott mag\u00e1nk\u00e9zben l\u00e9v\u0151 id\u0151sotthont. Ezek szolg\u00e1ltat\u00e1sai viszont rendk\u00edv\u00fcl dr\u00e1g\u00e1k, amit a magyar csal\u00e1dok jelent\u0151s r\u00e9sze nem tud megfizetni. Ez a k\u00f6rnyezet pedig meleg\u00e1gya lett az illeg\u00e1lis id\u0151sotthonok terjed\u00e9s\u00e9nek.<\/p>\n<p>A tart\u00f3s id\u0151sgondoz\u00e1s szab\u00e1lyait tartalmaz\u00f3 t\u00f6rv\u00e9ny 1993-as, a mai t\u00e1rsadalmi \u00e9s demogr\u00e1fiai viszonyokhoz k\u00e9pest elavult jogszab\u00e1lyr\u00f3l van sz\u00f3. Akkor m\u00e9g szoci\u00e1lis alapon m\u0171k\u00f6d\u0151, ink\u00e1bb k\u00e9nyszermegold\u00e1s volt az id\u0151sotthonba k\u00f6lt\u00f6z\u00e9s, m\u00e1ra viszont szolg\u00e1ltat\u00e1s jelleg\u0171 tev\u00e9kenys\u00e9gg\u00e9 v\u00e1lt.<\/p>\n<p>Sok magyar csal\u00e1d sz\u00e1m\u00e1ra financi\u00e1lis k\u00e9nyszer az id\u0151s hozz\u00e1tartoz\u00f3 otthonban t\u00f6rt\u00e9n\u0151 elhelyez\u00e9se. Amikor az otthoni gondoz\u00e1s m\u00e1r \u00e1lland\u00f3 fel\u00fcgyeletet jelent, \u00e9s egy teljes kereset kiesik, a csal\u00e1dok kapkodva kezdenek el otthont keresni. A v\u00e1r\u00f3list\u00e1k rendk\u00edv\u00fcl hossz\u00faak, a mag\u00e1nk\u00e9zben l\u00e9v\u0151 int\u00e9zm\u00e9nyek \u00e1rai pedig kifejezetten magasak tudnak lenni.<\/p>\n<p>\u201eVan a praxisomban olyan id\u0151sotthon Magyarorsz\u00e1gon, ahol 2 milli\u00f3 forint beugr\u00f3 ut\u00e1n 350 ezer forint a havid\u00edj, de van olyan int\u00e9zm\u00e9ny is, ahol 47 milli\u00f3 forint egyszeri hozz\u00e1j\u00e1rul\u00e1s ut\u00e1n 720 ezer forintot kell fizetni havonta\u201d<\/p>\n<p>\u2013 mondta Nagy Viktor.<\/p>\n<p>Ezek mellett az \u00f6sszegek mellett \u00e9rthet\u0151, hogy mi\u00e9rt v\u00e1rakozik t\u00f6bb t\u00edzezer ember az \u00e1llami elhelyez\u00e9sre, ez a szitu\u00e1ci\u00f3 pedig a meleg\u00e1gya lett az illeg\u00e1lis id\u0151sotthonok megjelen\u00e9s\u00e9nek \u00e9s terjed\u00e9s\u00e9nek.<\/p>\n<p>Nagy Viktor azt is elmondta, hogy a hat\u00f3s\u00e1gok szinte minden \u00e9vben lekapcsolnak egy ilyen h\u00e1l\u00f3zatot, legut\u00f3bb 2025 november\u00e9ben volt erre p\u00e9lda. \u201eAz illeg\u00e1lis id\u0151sotthonok m\u0171k\u00f6dtet\u00e9se ma Magyarorsz\u00e1gon az id\u0151sell\u00e1t\u00e1s val\u00f3s\u00e1g\u00e1t jelenti.\u201d<\/p>\n<p>A szak\u00e9rt\u0151 kifejtette, hogy ezek a nem leg\u00e1lisan m\u0171k\u00f6d\u0151 int\u00e9zm\u00e9nyek k\u00e9t csoportba oszthat\u00f3k. Sokan felismerik a hatalmas t\u00e1rsadalmi ig\u00e9nyt az id\u0151sotthonokra, \u00edgy bele is v\u00e1gnak egy ilyen int\u00e9zm\u00e9ny m\u0171k\u00f6dtet\u00e9s\u00e9be. Az esetek t\u00f6bbs\u00e9g\u00e9ben a v\u00e1llalkoz\u00f3k nincsenek tiszt\u00e1ban vele, hogy enged\u00e9lyk\u00f6teles tev\u00e9kenys\u00e9gr\u0151l van sz\u00f3, melynek szigor\u00fa felt\u00e9telei vannak. Fizet\u0151 \u00fcgyfelet a d\u00edjszab\u00e1st\u00f3l f\u00fcgg\u0151en mindig fognak tal\u00e1lni, azonban a hat\u00f3s\u00e1gok hamar megjelennek az ilyen otthonokn\u00e1l.<\/p>\n<p>Nagy Viktor szerint ilyenkor nem c\u00e9l az egy\u00e9bk\u00e9nt j\u00f3l m\u0171k\u00f6d\u0151 otthon bez\u00e1r\u00e1sa, amennyiben a jogszab\u00e1lyban meghat\u00e1rozott t\u00e1rgyi \u00e9s szem\u00e9lyi felt\u00e9telek fenn\u00e1llnak, akkor a hat\u00f3s\u00e1g elind\u00edtja az enged\u00e9lyeztet\u00e9si elj\u00e1r\u00e1st. A m\u0171k\u00f6d\u00e9si enged\u00e9ly teh\u00e1t ut\u00f3lag is megszerezhet\u0151, ha az adott illeg\u00e1lis id\u0151sotthon egy\u00e9bk\u00e9nt megfelel\u0151en \u00fczemel.<\/p>\n<p>A nagyobb probl\u00e9ma a m\u00e1sik csoporttal van, akik tiszt\u00e1ban vannak vele, hogy a m\u0171k\u00f6d\u00e9s\u00fck illeg\u00e1lis, haszonszerz\u00e9s c\u00e9lj\u00e1b\u00f3l m\u00e9gis m\u0171k\u00f6dtetnek id\u0151sotthonokat.<\/p>\n<p>\u201eLegut\u00f3bb tavaly novemberben kapcsoltak le egy Hajd\u00fa-Bihar megyei h\u00e1l\u00f3zatot. N\u00e9gy- vagy \u00f6t csal\u00e1di h\u00e1zb\u00f3l \u00e1ll\u00f3 \u2013 sokszoros id\u00e9z\u0151jelbe tett \u2013 id\u0151sotthont \u00fczemeltettek, ahol teljesen m\u00e9ltatlan k\u00f6r\u00fclm\u00e9nyek k\u00f6z\u00f6tt tartott\u00e1k az id\u0151seket. Rendk\u00edv\u00fcl rossz \u00e1llapotok k\u00f6z\u00f6tt, ell\u00e1t\u00e1si \u00e9s \u00e9lelmez\u00e9si hi\u00e1nyoss\u00e1gokkal \u00e9ltek ott a r\u00e1szorul\u00f3k, akiket teljesen kihaszn\u00e1ltak. A hat\u00f3s\u00e1gok \u00e1ltal k\u00e9sz\u00edtett felv\u00e9telek l\u00e1tt\u00e1n teljesen elborzadtam\u201d<\/p>\n<p>\u2013 mondta a Nyugd\u00edjash\u00e1zak Orsz\u00e1gos Egyes\u00fclet\u00e9nek eln\u00f6ke. Hozz\u00e1tette, \u00e9vente ak\u00e1r k\u00e9t\u2013h\u00e1rom ilyen eset is el\u0151 szokott fordulni, ezek pedig csak azok, melyek a m\u00e9dia l\u00e1t\u00f3k\u00f6r\u00e9be ker\u00fcltek.<\/p>\n<p>Mit m\u00e9rlegelj\u00fcnk, amikor id\u0151sotthont keres\u00fcnk?<\/p>\n<p>Nagy Viktor szerint rendk\u00edv\u00fcl fontos, hogy a csal\u00e1dok id\u0151ben kezdjenek el felk\u00e9sz\u00fclni arra az esetre, amikor m\u00e1r nem tudj\u00e1k maguk megoldani id\u0151s hozz\u00e1tartoz\u00f3juk gondoz\u00e1s\u00e1t. Jellemz\u0151 a halogat\u00e1s, sok\u00e1ig nem is szeretnek az emberek erre a lehet\u0151s\u00e9gre gondolni, ami viszont kapkod\u00e1shoz vezet a v\u00e9g\u00e9n.<\/p>\n<p>Elod\u00e1zzuk ezt a d\u00f6nt\u00e9st, viszont b\u00e1rmikor bek\u00f6vetkezhet egy olyan esem\u00e9ny, amit m\u00e1r nem tudunk csal\u00e1don bel\u00fcl menedzselni. Egy combnyakt\u00f6r\u00e9s vagy a demencia el\u0151rehalad\u00e1sa sajn\u00e1latos m\u00f3don gyakori p\u00e9ld\u00e1k.<\/p>\n<p>A kapkod\u00e1s miatt a csal\u00e1dok nem t\u00e1j\u00e9koz\u00f3dnak el\u00e9g alaposan, ami az id\u0151sek sz\u00e1m\u00e1ra ak\u00e1r \u00e9vekig tart\u00f3 k\u00e9nyszerhelyzetet teremthet. Minden esetben \u00e1t kell olvasni az adott int\u00e9zm\u00e9ny szerz\u0151d\u00e9seit, illetve ne f\u00e9lj\u00fcnk elk\u00e9rni a m\u0171k\u00f6d\u00e9si enged\u00e9lyt.<\/p>\n<p>Egy id\u0151sotthon \u00fczemeltet\u00e9s\u00e9hez szigor\u00fa felt\u00e9telrendszer t\u00e1rsul, \u00edgy a m\u0171k\u00f6d\u00e9si enged\u00e9ly megl\u00e9te \u00f6nmag\u00e1ban jelenthet olyan garanci\u00e1t, hogy az adott v\u00e1llalkoz\u00e1s k\u00e9pes lesz ell\u00e1tni id\u0151s hozz\u00e1tartoz\u00f3nk sz\u00fcks\u00e9gleteit. A jogszab\u00e1ly el\u0151\u00edrja p\u00e9ld\u00e1ul az int\u00e9zm\u00e9nyi orvos megl\u00e9t\u00e9t. A szak\u00e9rt\u0151 szerint a legjobb, amit tehet\u00fcnk, ha az int\u00e9zm\u00e9ny szerz\u0151d\u00e9seit \u00e9s enged\u00e9lyeit f\u00fcggetlen jog\u00e1sszal is \u00e1tn\u00e9zetj\u00fck. Az ut\u00e1naj\u00e1r\u00e1s nem lehet el\u00e9g alapos, ha arr\u00f3l van sz\u00f3, hogy kinek a gondjaira b\u00edzzuk szeretteinket, id\u0151s hozz\u00e1tartoz\u00f3inkat.<\/p>\n<p>Nagy Viktor szerint az \u00e1gazatot szab\u00e1lyoz\u00f3 jogszab\u00e1lyok teljesen elavultak, a ter\u00fcleten teljes \u00fajrakodifik\u00e1l\u00e1sra lenne sz\u00fcks\u00e9g. A 2026-os viszonyokat nem lehet kezelni az 1993-as m\u00f3dszerekkel.<\/p>\n<p>Arr\u00f3l, hogy egy jogszer\u0171en m\u0171k\u00f6d\u0151 id\u0151sotthonnak milyen felt\u00e9teleknek kell megfelelnie, a ny\u00fajtott szolg\u00e1ltat\u00e1snak mit kell tartalmaznia, illetve a jogszab\u00e1lyoknak mik\u00e9nt kellene v\u00e1ltozniuk, <a href=\"https:\/\/www.youtube.com\/watch?v=mIg6pmzrhYI\" rel=\"nofollow noopener\" target=\"_blank\">a Forbes Money podcast friss ad\u00e1s\u00e1ban lehet r\u00e9szletesen hallani.<\/a><\/p>\n","protected":false},"excerpt":{"rendered":"Rendk\u00edv\u00fcl rossz \u00e1llapotban van a tart\u00f3s, bentlak\u00e1sos id\u0151sgondoz\u00e1s Magyarorsz\u00e1gon. Az \u00e1llamilag t\u00e1mogatott int\u00e9zm\u00e9nyekben ak\u00e1r egy \u00e9vn\u00e9l is hosszabb&hellip;\n","protected":false},"author":2,"featured_media":230652,"comment_status":"","ping_status":"","sticky":false,"template":"","format":"standard","meta":{"footnotes":"","_share_on_mastodon":"0"},"categories":[6],"tags":[44,42,40,43,41,671,1020],"class_list":["post-230651","post","type-post","status-publish","format-standard","has-post-thumbnail","category-magyarorszag","tag-hu","tag-hungarian","tag-hungary","tag-magyar","tag-magyarorszag","tag-nyugdij","tag-podcast"],"share_on_mastodon":{"url":"https:\/\/pubeurope.com\/@hu\/117204096512687544","error":""},"_links":{"self":[{"href":"https:\/\/www.europesays.com\/hu\/wp-json\/wp\/v2\/posts\/230651","targetHints":{"allow":["GET"]}}],"collection":[{"href":"https:\/\/www.europesays.com\/hu\/wp-json\/wp\/v2\/posts"}],"about":[{"href":"https:\/\/www.europesays.com\/hu\/wp-json\/wp\/v2\/types\/post"}],"author":[{"embeddable":true,"href":"https:\/\/www.europesays.com\/hu\/wp-json\/wp\/v2\/users\/2"}],"replies":[{"embeddable":true,"href":"https:\/\/www.europesays.com\/hu\/wp-json\/wp\/v2\/comments?post=230651"}],"version-history":[{"count":0,"href":"https:\/\/www.europesays.com\/hu\/wp-json\/wp\/v2\/posts\/230651\/revisions"}],"wp:featuredmedia":[{"embeddable":true,"href":"https:\/\/www.europesays.com\/hu\/wp-json\/wp\/v2\/media\/230652"}],"wp:attachment":[{"href":"https:\/\/www.europesays.com\/hu\/wp-json\/wp\/v2\/media?parent=230651"}],"wp:term":[{"taxonomy":"category","embeddable":true,"href":"https:\/\/www.europesays.com\/hu\/wp-json\/wp\/v2\/categories?post=230651"},{"taxonomy":"post_tag","embeddable":true,"href":"https:\/\/www.europesays.com\/hu\/wp-json\/wp\/v2\/tags?post=230651"}],"curies":[{"name":"wp","href":"https:\/\/api.w.org\/{rel}","templated":true}]}}