{"id":230653,"date":"2026-09-02T23:42:13","date_gmt":"2026-09-02T23:42:13","guid":{"rendered":"https:\/\/www.europesays.com\/hu\/230653\/"},"modified":"2026-09-02T23:42:13","modified_gmt":"2026-09-02T23:42:13","slug":"marokko-szandekosan-terelhette-a-ceutai-migracios-hullamot-spanyolorszag-fele","status":"publish","type":"post","link":"https:\/\/www.europesays.com\/hu\/230653\/","title":{"rendered":"Marokk\u00f3 sz\u00e1nd\u00e9kosan terelhette a ceutai migr\u00e1ci\u00f3s hull\u00e1mot Spanyolorsz\u00e1g fel\u00e9"},"content":{"rendered":"<p class=\"\">\n    Spanyol rend\u0151rs\u00e9gi jelent\u00e9s szerint nem spont\u00e1n migr\u00e1ci\u00f3s hull\u00e1m, hanem el\u0151re megszervezett akci\u00f3 lehetett a j\u00falius v\u00e9gi t\u00f6meges inv\u00e1zi\u00f3 Marokk\u00f3 fel\u0151l Ceut\u00e1ba. A spanyol jelent\u00e9s szerint marokk\u00f3i biztons\u00e1gi emberek seg\u00edthett\u00e9k a t\u00f6bb ezer ember mozg\u00e1s\u00e1t, \u00e9s ir\u00e1ny\u00edthatt\u00e1k \u0151ket a hat\u00e1r fel\u00e9 \u2013 \u00edrja az <a href=\"https:\/\/elpais.com\/espana\/2026-09-02\/el-informe-de-la-policia-apunta-que-agentes-marroquies-guiaron-la-entrada-de-migrantes-a-ceuta.html\" target=\"_blank\" rel=\"nofollow noopener\">El Pa\u00eds<\/a> a birtok\u00e1ba ker\u00fclt jelent\u00e9s alapj\u00e1n.\n  <\/p>\n<p class=\"\">\n    A CENIF, a spanyol rend\u0151rs\u00e9g bev\u00e1ndorl\u00e1si \u00e9s hat\u00e1rrend\u00e9szeti k\u00f6zpontja \u00e1ltal k\u00e9sz\u00edtett dokumentum szerint a j\u00falius 30\u201331-i esem\u00e9nyek sor\u00e1n marokk\u00f3i rend\u0151r\u00f6k \u00e9s csend\u0151r\u00f6k akt\u00edvan ir\u00e1ny\u00edthatt\u00e1k az emberek \u00e1tkel\u00e9s\u00e9t a v\u00edzen \u00e1t a Spanyolorsz\u00e1ghoz tartoz\u00f3 \u00e9szak-afrikai v\u00e1rosba. Eszerint a c\u00e9l eleve a spanyol hat\u00e1rellen\u0151rz\u00e9si rendszer t\u00falterhel\u00e9se \u00e9s az orsz\u00e1g reag\u00e1l\u00f3k\u00e9pess\u00e9g\u00e9nek gyeng\u00edt\u00e9se lehetett.\n  <\/p>\n<p>    <a href=\"https:\/\/www.europesays.com\/hu\/wp-content\/uploads\/2026\/09\/8NG3ljHx6fvXmmWWs.jpeg\" class=\"uwwrama _1chu0ywg _8b6bx65\" rel=\"nofollow\"><\/p>\n<p>  <img decoding=\"async\" loading=\"lazy\" src=\"https:\/\/www.europesays.com\/hu\/wp-content\/uploads\/2026\/09\/8NG3ljHx6fvXmmWWs.jpeg\"   class=\"_672m2jd _1chu0ywo ta3a4c1ey ta3a4c1aa he2knv4 ta3a4c1ey ta3a4czs\" style=\"--_672m2j6:1.50;--_672m2j5:2560px 1707px\" alt=\"\"\/><\/p>\n<p>      <\/a><\/p>\n<p>\n              Fot\u00f3:<br \/>\n                Marcos Moreno\/Anadolu via AFP\n            <\/p>\n<p class=\"\">\n    J\u00falius v\u00e9g\u00e9n 24 \u00f3ra alatt 72 ezer ember <a href=\"https:\/\/444.hu\/2026\/08\/06\/a-kemenyedo-europanak-ceuta-csak-urugy-volt-a-kulonutassag-miatt-vettek-ossztuz-ala-spanyolorszagot\" target=\"_blank\" rel=\"nofollow noopener\">m\u00e1szott \u00e1t Marokk\u00f3b\u00f3l<\/a> Spanyolorsz\u00e1g afrikai exkl\u00e1v\u00e9j\u00e1ba, a k\u00eds\u00e9rletbe t\u00f6bb mint sz\u00e1zan belehaltak, majd egy nap alatt l\u00e9nyeg\u00e9ben mindenki <a href=\"https:\/\/444.hu\/2026\/08\/01\/a-spanyol-hatosagok-szerint-szinte-minden-migrans-visszament-marokkoba-ceutabol\" target=\"_blank\" rel=\"nofollow noopener\">vissza is t\u00e9rt<\/a> Marokk\u00f3ba. Ez m\u00e1r akkor is felvetette, hogy legal\u00e1bbis r\u00e9szben szervezett akci\u00f3r\u00f3l lehetett sz\u00f3. Pedro S\u00e1nchez spanyol minisztereln\u00f6k arr\u00f3l besz\u00e9lt, hogy Oroszorsz\u00e1g \u00e9s Izrael terjeszthetett olyan dezinform\u00e1ci\u00f3kat, amik miatt t\u00f6megek indultak neki a hat\u00e1rnak \u00e9s a tengernek. Az is r\u00f6gt\u00f6n el\u0151ker\u00fclt, hogy Marokk\u00f3 haszn\u00e1lta politikai eszk\u00f6zk\u00e9nt a migr\u00e1ci\u00f3t Spanyolorsz\u00e1ggal szemben, de az \u00e1llami szervek k\u00f6zvetlen \u00e9rintetts\u00e9g\u00e9re egy ideig nem tal\u00e1ltak el\u00e9g bizony\u00edt\u00e9kot.\n  <\/p>\n<p class=\"\">\n    A spanyol rend\u0151ri jelent\u00e9s ebben jelent most lehets\u00e9ges fordul\u00f3pontot. A rend\u0151r\u00f6k t\u00f6bbek k\u00f6z\u00f6tt k\u00f6z\u00f6ss\u00e9gi m\u00e9di\u00e1s \u00fczeneteket \u00e9s felv\u00e9teleket elemeztek, \u00e9s arra jutottak, hogy a t\u00f6bb ezer ember egy id\u0151ben \u00e9s egy helyen t\u00f6rt\u00e9n\u0151 megjelen\u00e9se m\u00f6g\u00f6tt komoly szervezetts\u00e9g \u00e1llt. A dokumentum szerint a migr\u00e1ci\u00f3s c\u00e9l csak a l\u00e1tszat volt, hiszen az \u00e9rkez\u0151k nagy r\u00e9sze nem akart hosszabb t\u00e1von Spanyolorsz\u00e1gban maradni. A rend\u0151rs\u00e9g szerint az akci\u00f3 egyik c\u00e9lja az lehetett, hogy egyszerre terhelje t\u00fal a hat\u00e1rv\u00e9delmi \u00e9s a ment\u00e9si rendszereket.\n  <\/p>\n<p class=\"\">\n    Miut\u00e1n az El Pa\u00eds szerd\u00e1n kij\u00f6tt a rend\u0151rs\u00e9gi jelent\u00e9sr\u0151l sz\u00f3l\u00f3 besz\u00e1mol\u00f3val, a h\u00edr azonnal politikai vihart kavart Spanyolorsz\u00e1gban. Fernando Grande-Marlaska bel\u00fcgyminiszter azt k\u00e9rdezte a rend\u0151rs\u00e9g vezet\u0151j\u00e9t\u0151l, hogy val\u00f3ban l\u00e9tezik-e ilyen jelent\u00e9s, \u00e9s ha igen, \u0151 mi\u00e9rt nem tudott r\u00f3la kor\u00e1bban. A rend\u0151rs\u00e9g erre azt k\u00f6z\u00f6lte, hogy nincs olyan hivatalos jelent\u00e9s\u00fck, amely a marokk\u00f3i biztons\u00e1gi er\u0151knek tulajdon\u00edtan\u00e1 a v\u00e1ls\u00e1g megtervez\u00e9s\u00e9t, de a marokk\u00f3i szervek \u201eenged\u00e9kenys\u00e9g\u00e9vel\u201d \u00e9s t\u00f6bb ember ir\u00e1ny\u00edt\u00f3 szerep\u00e9vel kapcsolatos gyan\u00fakat val\u00f3ban megfogalmaztak.\n  <\/p>\n<p class=\"\">\n    A mostani jelent\u00e9s \u00fajabb fesz\u00fclts\u00e9get okozhat Madrid \u00e9s Rabat k\u00f6z\u00f6tt, de egyel\u0151re nem tudni, hogy a rend\u0151rs\u00e9gi dokumentumban l\u00e9v\u0151 felt\u00e9telez\u00e9sekb\u0151l hivatalos spanyol \u00e1ll\u00e1spont lesz-e: a hat\u00f3s\u00e1gok szerint tov\u00e1bbi vizsg\u00e1latokra van sz\u00fcks\u00e9g, miel\u0151tt a felel\u0151ss\u00e9get meg lehetne \u00e1llap\u00edtani.\n  <\/p>\n","protected":false},"excerpt":{"rendered":"Spanyol rend\u0151rs\u00e9gi jelent\u00e9s szerint nem spont\u00e1n migr\u00e1ci\u00f3s hull\u00e1m, hanem el\u0151re megszervezett akci\u00f3 lehetett a j\u00falius v\u00e9gi t\u00f6meges inv\u00e1zi\u00f3&hellip;\n","protected":false},"author":2,"featured_media":230654,"comment_status":"","ping_status":"","sticky":false,"template":"","format":"standard","meta":{"footnotes":"","_share_on_mastodon":"0"},"categories":[33],"tags":[53685,38,9287,35,37,44,42,40,64,43,41,5518,1356,34,5755,1772,36,39],"class_list":["post-230653","post","type-post","status-publish","format-standard","has-post-thumbnail","category-hirek","tag-ceuta","tag-focimek","tag-hatarvedelem","tag-headlines","tag-hirek","tag-hu","tag-hungarian","tag-hungary","tag-kulfold","tag-magyar","tag-magyarorszag","tag-marokko","tag-migracio","tag-news","tag-pedro-sanchez","tag-spanyolorszag","tag-top-stories","tag-vezeto-hirek"],"share_on_mastodon":{"url":"https:\/\/pubeurope.com\/@hu\/117204100817574735","error":""},"_links":{"self":[{"href":"https:\/\/www.europesays.com\/hu\/wp-json\/wp\/v2\/posts\/230653","targetHints":{"allow":["GET"]}}],"collection":[{"href":"https:\/\/www.europesays.com\/hu\/wp-json\/wp\/v2\/posts"}],"about":[{"href":"https:\/\/www.europesays.com\/hu\/wp-json\/wp\/v2\/types\/post"}],"author":[{"embeddable":true,"href":"https:\/\/www.europesays.com\/hu\/wp-json\/wp\/v2\/users\/2"}],"replies":[{"embeddable":true,"href":"https:\/\/www.europesays.com\/hu\/wp-json\/wp\/v2\/comments?post=230653"}],"version-history":[{"count":0,"href":"https:\/\/www.europesays.com\/hu\/wp-json\/wp\/v2\/posts\/230653\/revisions"}],"wp:featuredmedia":[{"embeddable":true,"href":"https:\/\/www.europesays.com\/hu\/wp-json\/wp\/v2\/media\/230654"}],"wp:attachment":[{"href":"https:\/\/www.europesays.com\/hu\/wp-json\/wp\/v2\/media?parent=230653"}],"wp:term":[{"taxonomy":"category","embeddable":true,"href":"https:\/\/www.europesays.com\/hu\/wp-json\/wp\/v2\/categories?post=230653"},{"taxonomy":"post_tag","embeddable":true,"href":"https:\/\/www.europesays.com\/hu\/wp-json\/wp\/v2\/tags?post=230653"}],"curies":[{"name":"wp","href":"https:\/\/api.w.org\/{rel}","templated":true}]}}