{"id":230655,"date":"2026-09-02T23:49:14","date_gmt":"2026-09-02T23:49:14","guid":{"rendered":"https:\/\/www.europesays.com\/hu\/230655\/"},"modified":"2026-09-02T23:49:14","modified_gmt":"2026-09-02T23:49:14","slug":"5-szinesz-aki-baromi-tulkoros-volt-a-tini-szerephez","status":"publish","type":"post","link":"https:\/\/www.europesays.com\/hu\/230655\/","title":{"rendered":"5 sz\u00edn\u00e9sz, aki baromi t\u00falkoros volt a tini szerephez"},"content":{"rendered":"<p>\n                        Vajon h\u00e1ny \u00e9vesen j\u00e1tszott kamasz l\u00e1nyt Emilia Clarke a Tr\u00f3nok harc\u00e1ban?                    <\/p>\n<p>Hogy is mondj\u00e1k a k\u00f6z\u00e9psulis karakterek a Horrora akadva m\u00e9g zseni\u00e1lis els\u0151 r\u00e9sz\u00e9ben?<\/p>\n<p>&#13;<br \/>\n&#8211; Mit gondolsz, hol vagyunk, egy horrorfilmben?<br \/>&#8211; Igazatok van, mert ha ott lenn\u00e9nk, akkor engem tuti valami liba j\u00e1tszana. P\u00e9ld\u00e1ul, Jennifer Churchich.<br \/>&#8211; Ja-ja! Vagy \u00fagy k\u00e1b\u00e9 harminc \u00e9ves csajok \u00e9s cs\u00e1v\u00f3k j\u00e1tszan\u00e1nak minket.&#13;<\/p>\n<p>A par\u00f3diafilm t\u00f6k\u00e9letesen tapintott r\u00e1 arra jelens\u00e9gre, hogy az amerikai filmekben \u2013 nem csak a horrorokban \u2013 a tin\u00e9dzsereket gyakran j\u00f3val id\u0151sebb sz\u00edn\u00e9szek alak\u00edtj\u00e1k. \u00cdme \u00f6t, elk\u00e9peszt\u0151 p\u00e9lda.<\/p>\n<p>&#13;<\/p>\n<p>\u00a0<\/p>\n<p>&#13;<br \/>\n&#13;<br \/>\n<img decoding=\"async\" src=\"https:\/\/www.europesays.com\/hu\/wp-content\/uploads\/2026\/09\/526.jpg\" alt=\"\" caption=\"true\" captiontext=\"Forr\u00e1s: Intercom\"\/>Forr\u00e1s: Intercom<\/p>\n<p>Sam Raimi P\u00f3kember-tril\u00f3gi\u00e1ja korszakalkot\u00f3 volt, hiszen nagyban hozz\u00e1j\u00e1rult ahhoz, hogy a k\u00e9preg\u00e9nyfilmek a 21. sz\u00e1zadban elfoglalj\u00e1k uralkod\u00f3 hely\u00fcket a moziv\u00e1sznakon. A filmben Peter Parker egy 17 \u00e9ves, v\u00e9gz\u0151s k\u00f6z\u00e9piskol\u00e1s, m\u00edg a k\u00e9preg\u00e9nyben mind\u00f6ssze 15 esztend\u0151s volt, amikor 1962-ben el\u0151sz\u00f6r felt\u0171nt. Tobey Maguire 2000-ben nyerte el a szerepet, ekkor 25 \u00e9ves volt \u2013 vagyis nyolc \u00e9vvel id\u0151sebb, mint maga Peter. <a href=\"https:\/\/port.hu\/adatlap\/film\/tv\/pokember-spider-man\/movie-46883\" rel=\"nofollow noopener\" target=\"_blank\">A forgat\u00e1s v\u00e9g\u00fcl 2001-re cs\u00faszott,<\/a> \u00edgy Maguire-nek alig hat h\u00f3napja maradt h\u00e1tra a 26. sz\u00fclet\u00e9snapj\u00e1ig. Igaz, a Peter iskol\u00e1j\u00e1ban felt\u0171n\u0151 tizen\u00e9vesek t\u00f6bbs\u00e9ge is id\u0151sebb volt a megform\u00e1lt karaktern\u00e9l. A Mary Jane-t alak\u00edt\u00f3 Kirsten Dunst 20, m\u00edg a Harry Osbornt j\u00e1tsz\u00f3 James Franco 24 \u00e9ves volt. A kork\u00fcl\u00f6nbs\u00e9g ellen\u00e9re Maguire leny\u0171g\u00f6z\u0151en ragadta meg Parker fiatalos \u00e1rtatlans\u00e1g\u00e1t: bizonytalankodva, akadozva mondja ki a sorait, pont \u00fagy, ahogyan egy megszeppent tin\u00e9dzser.<\/p>\n<p>&#13;<\/p>\n<p>Megn\u00e9zheted itt: HBO Max<\/p>\n<p>&#13;<\/p>\n<p>\u00a0<\/p>\n<p>&#13;<br \/>\n&#13;<br \/>\n<img decoding=\"async\" src=\"https:\/\/www.europesays.com\/hu\/wp-content\/uploads\/2026\/09\/510.webp\" alt=\"\" caption=\"true\" captiontext=\"Forr\u00e1s: United Artists\"\/>Forr\u00e1s: United Artists<\/p>\n<p>Brian De Palma rendez\u00e9se volt ez els\u0151 filmadapt\u00e1ci\u00f3, ami Stephen King m\u0171ve alapj\u00e1n k\u00e9sz\u00fclt. Ezt azt\u00e1n sz\u00e1mtalan k\u00f6vette, ahogy a Carrie-b\u0151l is sz\u00fcletett m\u00e9g j\u00f3 p\u00e1r az 1976-os feldolgoz\u00e1s ut\u00e1n. A film jelent\u0151sen hozz\u00e1j\u00e1rult ahhoz, hogy Kingre olyan irodalmi kiindul\u00f3pontk\u00e9nt tekintsenek, akihez Hollywood \u00e9vtizedek \u00f3ta \u00fajra meg \u00fajra visszat\u00e9r. A c\u00edmszerepl\u0151t, a g\u00e1tl\u00e1sos, 16 esztend\u0151s Carrie White-ot, akit az iskol\u00e1ban az oszt\u00e1lyt\u00e1rsai, otthon az anyja b\u00e1ntalmaz, Sissy Spacek alak\u00edtja. Spacek 26 \u00e9ves volt a Carrie forgat\u00e1sakor, vagyis kereken 10 esztend\u0151vel volt id\u0151sebb a karakter\u00e9n\u00e9l. A castingon mindent elk\u00f6vetett az\u00e9rt, hogy fiatalabbnak t\u0171nj\u00f6n: m\u00e9g azt a matr\u00f3zruh\u00e1t is mag\u00e1ra \u00f6lt\u00f6tte, amelyet az \u00e9desanyja varrt neki az \u00e1ltal\u00e1nos iskola fels\u0151 tagozat\u00e1ban. Emellett nem mosott sem fogat, sem arcot, a haj\u00e1t pedig Vaseline-nal d\u00f6rzs\u00f6lte be, hogy k\u00f3cosnak \u00e9s elhanyagoltnak t\u0171nj\u00f6n. A pr\u00f3bafelv\u00e9telen a sminkesek megpr\u00f3b\u00e1lt\u00e1k kiigaz\u00edtani a megjelen\u00e9s\u00e9t, \u00e1m \u0151 elszaladt \u00e9s meglapult a sarokban, ami t\u00f6k\u00e9letesen passzolt a karakter viselked\u00e9s\u00e9hez. Ez a strat\u00e9gi\u00e1ja egy\u00e9rtelm\u0171en bev\u00e1lt, hiszen annak ellen\u00e9re, hogy j\u00f3val id\u0151sebb volt Carrie-n\u00e9l, v\u00e9g\u00fcl \u0151 kapta meg a szerepet, \u00e9s m\u00e9g Oscar-d\u00edjra is jel\u00f6lt\u00e9k \u00e9rte.<\/p>\n<p>&#13;<\/p>\n<p>Megn\u00e9zheted itt (k\u00f6lcs\u00f6nz\u00e9s): Amazon Prime Video<\/p>\n<p>&#13;<\/p>\n<p>\u00a0<\/p>\n<p>&#13;<br \/>\n&#13;<br \/>\n<img decoding=\"async\" src=\"https:\/\/www.europesays.com\/hu\/wp-content\/uploads\/2026\/09\/514.webp\" alt=\"\" caption=\"true\" captiontext=\"Forr\u00e1s: Sony Pictures\"\/>Forr\u00e1s: Sony Pictures<\/p>\n<p>Mi\u00f3ta 1811-ben megjelent<a href=\"https:\/\/moly.hu\/konyvek\/jane-austen-ertelem-es-erzelem\" rel=\"nofollow noopener\" target=\"_blank\"> Jane Austen \u00c9rtelem \u200b\u00e9s \u00e9rzelem c\u00edm\u0171 reg\u00e9nye<\/a>, sz\u00e1mos feldolgoz\u00e1s k\u00e9sz\u00fclt bel\u0151le. B\u00e1r az adapt\u00e1ci\u00f3k k\u00f6z\u00f6tt sz\u00e9p sz\u00e1mmal akadnak kiv\u00e1l\u00f3 alkot\u00e1sok, az Ang Lee \u00e1ltal rendezett 1995-\u00f6s film kiemelkedik k\u00f6z\u00fcl\u00fck. A f\u0151szerepben Emma Thompsont l\u00e1thatjuk Elinor Dashwoodk\u00e9nt, aki a reg\u00e9nyben mind\u00f6ssze 19 esztend\u0151s. Thompson kezdetben nem lelkesedett az\u00e9rt, hogy elj\u00e1tssza Elinort, \u00e1m a forgalmaz\u00f3 \u00e9s a rendez\u0151 hajl\u00edthatatlannak bizonyult. Azt javasolt\u00e1k, hogy emelj\u00e9k fel a karakter \u00e9letkor\u00e1t 27 \u00e9vre, \u00e1m erre sem a filmben, sem a forgat\u00f3k\u00f6nyvben nem t\u00f6rt\u00e9nik utal\u00e1s \u2013 ami minden bizonnyal sz\u00e1nd\u00e9kos alkot\u00f3i d\u00f6nt\u00e9s volt. Thompson v\u00e9g\u00fcl elv\u00e1llalta a szerepet, mik\u00e9nt az Entertainment Weekly-nek megfogalmazta: \u201e\u00c9gett bennem a v\u00e1gy, hogy v\u00e9gre f\u0171z\u0151t \u00f6lthessek, \u00e9s megeleven\u00edtsem a figur\u00e1t.\u201d A forgat\u00e1s kezdetekor Thompson 36 \u00e9ves volt, vagyis 17 \u00e9vvel id\u0151sebb, mint Elinor. Mindez azonban nem okozott gondot, sem neki, sem az Akad\u00e9mi\u00e1nak, hiszen alak\u00edt\u00e1s\u00e1\u00e9rt Oscar-d\u00edjra jel\u00f6lt\u00e9k.<\/p>\n<p>&#13;<\/p>\n<p>Megn\u00e9zheted itt (k\u00f6lcs\u00f6nz\u00e9s): Apple TV, Rakuten TV, Amazon Prime Video<\/p>\n<p>&#13;<\/p>\n<p>\u00a0<\/p>\n<p>&#13;<br \/>\n&#13;<br \/>\n<img decoding=\"async\" src=\"https:\/\/www.europesays.com\/hu\/wp-content\/uploads\/2026\/09\/518.webp\" alt=\"\" caption=\"true\" captiontext=\"Forr\u00e1s: HBO\"\/>Forr\u00e1s: HBO<\/p>\n<p>George R. R. Martin eredeti reg\u00e9ny\u00e9ben Daenerys Targaryen mind\u00f6ssze 13 esztend\u0151s. Amikor az HBO elkezdte fejleszteni a bel\u0151le k\u00e9sz\u00fclt sorozatot, a karakter \u00e9letkor\u00e1t 17 \u00e9vre emelt\u00e9k, ami m\u00e9g mindig meglehet\u0151sen fiatal, pl\u00e1ne, hogy az els\u0151 \u00e9vadban a m\u00e1r \u00e9rett, harmincas \u00e9vei elej\u00e9n j\u00e1r\u00f3 Khal Drog\u00f3hoz (Jason Momoa) megy feles\u00e9g\u00fcl. Amikor Emilia Clarke elnyerte a szerepet, 23 \u00e9ves volt \u2013 ez hat \u00e9v kork\u00fcl\u00f6nbs\u00e9get jelentett, ami cseppet sem elhanyagolhat\u00f3. Clarke fiatalos megjelen\u00e9se ugyanakkor seg\u00edtett eladhat\u00f3v\u00e1 tenni azt a t\u00e9nyt, hogy egy tin\u00e9dzsert kell megform\u00e1lnia. A kor\u00e1t ennek ellen\u00e9re egyetlen szerepl\u0151 sem mondja ki hangosan \u2013 erre a t\u00f6rt\u00e9net kontextus\u00e1b\u00f3l lehet k\u00f6vetkeztetni \u2013, ami b\u00f6lcs d\u00f6nt\u00e9snek bizonyult, hiszen Clarke meglehet\u0151sen sokat l\u00e1that\u00f3 meztelen\u00fcl a t\u00f6rt\u00e9net elej\u00e9n.<\/p>\n<p>&#13;<\/p>\n<p>Megn\u00e9zheted itt: HBO Max<\/p>\n<p>&#13;<\/p>\n<p>\u00a0<\/p>\n<p>&#13;<br \/>\n&#13;<br \/>\n<img decoding=\"async\" src=\"https:\/\/www.europesays.com\/hu\/wp-content\/uploads\/2026\/09\/331.webp\" alt=\"\" caption=\"true\" captiontext=\"Forr\u00e1s: Netflix\"\/>Forr\u00e1s: Netflix<\/p>\n<p>List\u00e1nk v\u00e9g\u00e9re egy friss, netflixes sorozat ker\u00fclt, melyben Nikki Rodriguez alak\u00edtja a 15 \u00e9ves Jackie Howardot, aki k\u00e9nytelen Silver Fallsba k\u00f6lt\u00f6zni, miut\u00e1n egy New York-i aut\u00f3balesetben elvesztette az eg\u00e9sz csal\u00e1dj\u00e1t. Rodriguez \u00e9letkor\u00e1r\u00f3l semmifajta hivatalos inf\u00f3 nem lelehet\u0151 fel a neten, val\u00f3sz\u00edn\u0171leg nem v\u00e9letlen\u00fcl. Egyfel\u0151l persze, nem illik egy n\u0151 \u00e9letkor\u00e1t firtatni, m\u00e1sfel\u0151l viszont a rajong\u00f3k \u00fagy tippelnek, a sz\u00edn\u00e9szn\u0151 legal\u00e1bb k\u00e9tszer olyan id\u0151s, mint az \u00e1ltala j\u00e1tszott karakter, \u00e9s m\u00e1r a harmincas \u00e9veiben j\u00e1r.<\/p>\n<p>&#13;<\/p>\n<p>Megn\u00e9zheted itt: Netflix<\/p>\n<p>&#13;<\/p>\n<p><a href=\"https:\/\/port.hu\/cikk\/mozi\/kenyes-tema-7-romantikus-film-ahol-oriasi-korkulonbseg-van-a-szerelmesek-kozott\/article-108247\" rel=\"nofollow noopener\" target=\"_blank\"><img decoding=\"async\" src=\"https:\/\/www.europesays.com\/hu\/wp-content\/uploads\/2026\/09\/223.jpg\" width=\"300\"\/><\/a><a href=\"https:\/\/port.hu\/cikk\/mozi\/kenyes-tema-7-romantikus-film-ahol-oriasi-korkulonbseg-van-a-szerelmesek-kozott\/article-108247\" rel=\"nofollow noopener\" target=\"_blank\">K\u00e9nyes t\u00e9ma: 7 romantikus film, ahol \u00f3ri\u00e1si kork\u00fcl\u00f6nbs\u00e9g van a szerelmesek k\u00f6z\u00f6tt<\/a><\/p>\n<p>A kor csak egy sz\u00e1m? Vagy az \u00e9letkorral \u00e1ltal\u00e1ban egy\u00fctt j\u00e1r\u00f3 tapasztalat- \u00e9s poz\u00edci\u00f3b\u00e9li k\u00fcl\u00f6nbs\u00e9gek problematikuss\u00e1 teszik az ilyen p\u00e1rkapcsolatokat? Sz\u00e1m\u00edt-e, hogy az id\u0151sebb f\u00e9l n\u0151 vagy f\u00e9rfi? Ezekb\u0151l a filmekb\u0151l tal\u00e1n kider\u00fcl.<\/p>\n<p><a class=\"article-btn\" href=\"https:\/\/port.hu\/cikk\/mozi\/kenyes-tema-7-romantikus-film-ahol-oriasi-korkulonbseg-van-a-szerelmesek-kozott\/article-108247\" rel=\"nofollow noopener\" target=\"_blank\">L\u00e1ssuk!<\/a><\/p>\n<p>&#13;<\/p>\n<p>\u00a0<\/p>\n<p>&#13;<\/p>\n<p>(via <a href=\"https:\/\/www.looper.com\/156924\/actors-who-refused-to-touch-each-other-on-screen\/\" rel=\"nofollow noopener\" target=\"_blank\">Looper<\/a>)<\/p>\n<p>                <a href=\"https:\/\/google.com\/preferences\/source?q=https:\/\/port.hu\" target=\"_blank\" class=\"google-pref-banner\" id=\"googlePrefBanner\" rel=\"nofollow noopener\"><br \/>\n                    <img loading=\"lazy\" decoding=\"async\" src=\"https:\/\/port.hu\/img\/svg\/google-logo.svg\" width=\"52\" height=\"52\"\/><br \/>\n                    Itt \u00e1ll\u00edtsa be, hogy a Port az els\u0151k k\u00f6z\u00f6tt legyen a Google-tal\u00e1latokban!<\/p>\n<p>                <\/a><\/p>\n","protected":false},"excerpt":{"rendered":"Vajon h\u00e1ny \u00e9vesen j\u00e1tszott kamasz l\u00e1nyt Emilia Clarke a Tr\u00f3nok harc\u00e1ban? Hogy is mondj\u00e1k a k\u00f6z\u00e9psulis karakterek a&hellip;\n","protected":false},"author":2,"featured_media":230656,"comment_status":"","ping_status":"","sticky":false,"template":"","format":"standard","meta":{"footnotes":"","_share_on_mastodon":"0"},"categories":[16],"tags":[4831,2352,12462,60998,137,2102,44,42,40,1851,43,41,166,60999,1231,61000,144,138,24892,344],"class_list":["post-230655","post","type-post","status-publish","format-standard","has-post-thumbnail","category-szorakozas","tag-carrie","tag-emilia-clarke","tag-emma-thompson","tag-en-es-a-walter-fiuk","tag-entertainment","tag-ertelem-es-erzelem","tag-hu","tag-hungarian","tag-hungary","tag-korkulonbseg","tag-magyar","tag-magyarorszag","tag-mozi","tag-nikki-rodriguez","tag-pokember","tag-sissy-spacek","tag-szinesz","tag-szorakozas","tag-tobey-maguire","tag-tronok-harca"],"share_on_mastodon":{"url":"https:\/\/pubeurope.com\/@hu\/117204128274126388","error":""},"_links":{"self":[{"href":"https:\/\/www.europesays.com\/hu\/wp-json\/wp\/v2\/posts\/230655","targetHints":{"allow":["GET"]}}],"collection":[{"href":"https:\/\/www.europesays.com\/hu\/wp-json\/wp\/v2\/posts"}],"about":[{"href":"https:\/\/www.europesays.com\/hu\/wp-json\/wp\/v2\/types\/post"}],"author":[{"embeddable":true,"href":"https:\/\/www.europesays.com\/hu\/wp-json\/wp\/v2\/users\/2"}],"replies":[{"embeddable":true,"href":"https:\/\/www.europesays.com\/hu\/wp-json\/wp\/v2\/comments?post=230655"}],"version-history":[{"count":0,"href":"https:\/\/www.europesays.com\/hu\/wp-json\/wp\/v2\/posts\/230655\/revisions"}],"wp:featuredmedia":[{"embeddable":true,"href":"https:\/\/www.europesays.com\/hu\/wp-json\/wp\/v2\/media\/230656"}],"wp:attachment":[{"href":"https:\/\/www.europesays.com\/hu\/wp-json\/wp\/v2\/media?parent=230655"}],"wp:term":[{"taxonomy":"category","embeddable":true,"href":"https:\/\/www.europesays.com\/hu\/wp-json\/wp\/v2\/categories?post=230655"},{"taxonomy":"post_tag","embeddable":true,"href":"https:\/\/www.europesays.com\/hu\/wp-json\/wp\/v2\/tags?post=230655"}],"curies":[{"name":"wp","href":"https:\/\/api.w.org\/{rel}","templated":true}]}}