{"id":230664,"date":"2026-09-02T23:56:11","date_gmt":"2026-09-02T23:56:11","guid":{"rendered":"https:\/\/www.europesays.com\/hu\/230664\/"},"modified":"2026-09-02T23:56:11","modified_gmt":"2026-09-02T23:56:11","slug":"meguntak-a-banant-tomegevel-hagyjak-el-hazajukat-a-magyarok-ebbe-az-orszagba-menekulnek-a-legtobben","status":"publish","type":"post","link":"https:\/\/www.europesays.com\/hu\/230664\/","title":{"rendered":"Megunt\u00e1k a ban\u00e1nt? T\u00f6meg\u00e9vel hagyj\u00e1k el haz\u00e1jukat a magyarok: ebbe az orsz\u00e1gba menek\u00fclnek a legt\u00f6bben"},"content":{"rendered":"<p>\t\t\t<img decoding=\"async\" src=\"https:\/\/www.europesays.com\/hu\/wp-content\/uploads\/2026\/09\/fshHKNpnvc-3330.jpg\" class=\"img-fluid\" title=\"Hegyi Let\u00edcia\"\/><\/p>\n<p>2026. szeptember 2. 19:04<\/p>\n<p>Az Eur\u00f3pai Uni\u00f3ban \u00e9l\u0151k egyik alapvet\u0151 joga, hogy szabadon mozoghatnak, \u00e9lhetnek, dolgozhatnak vagy tanulhatnak egy m\u00e1sik uni\u00f3s orsz\u00e1gban. B\u00e1r ez a jog valamennyi uni\u00f3s \u00e1llampolg\u00e1rt megillet, a k\u00fcl\u00f6nb\u00f6z\u0151 orsz\u00e1gok \u00e1llampolg\u00e1rai kor\u00e1ntsem haszn\u00e1lj\u00e1k ki ugyanolyan ar\u00e1nyban. Rom\u00e1ni\u00e1ban p\u00e9ld\u00e1ul a lakoss\u00e1g 16 sz\u00e1zal\u00e9ka \u00e9l m\u00e1sik uni\u00f3s orsz\u00e1gban, m\u00edg N\u00e9metorsz\u00e1gban \u00e9s Franciaorsz\u00e1gban ez az ar\u00e1ny mind\u00f6ssze 0,9 sz\u00e1zal\u00e9k. Magyarorsz\u00e1gon a lakoss\u00e1g 4,1 sz\u00e1zal\u00e9ke \u00e9l k\u00fclf\u00f6ld\u00f6n, amivel nagyjb\u00f3l a k\u00f6z\u00e9pmez\u0151nyben foglal helyet.<\/p>\n<p>A <a href=\"https:\/\/www.penzcentrum.hu\/utazas\/20200904\/megszolalt-az-eu-szabalyozas-kell-a-szabad-mozgas-tagallami-korlatozasara-1102000\" target=\"_blank\" rel=\"noopener nofollow\">szabad mozg\u00e1s joga<\/a> egy olyan jog, amellyel ugyan a legt\u00f6bb eur\u00f3pai rendelkezik, viszont igen kevesen \u00e9lnek vele. A szabad mozg\u00e1s \u00e9s tart\u00f3zkod\u00e1s joga azt jelentik, hogy az Eur\u00f3pai Uni\u00f3 \u00e9s az Eur\u00f3pai Gazdas\u00e1gi T\u00e9rs\u00e9g polg\u00e1rai szabadon utazhatnak \u00e9s \u00e9lhetnek a tag\u00e1llamokban.<\/p>\n<p>\t\t\t\t<a href=\"https:\/\/www.penzcentrum.hu\/frisshirek\" rel=\"nofollow noopener\" target=\"_blank\">A legfrissebb h\u00edrek, id\u0151rendben ITT!<\/a><\/p>\n<p>\t\t\t\t<a href=\"https:\/\/news.google.com\/publications\/CAAiECtCpL84n14N1lGAd73KUFMqFAgKIhArQqS_OJ9eDdZRgHe9ylBT?hl=hu&amp;gl=HU&amp;ceid=HU%3Ahu\" rel=\"nofollow noopener\" target=\"_blank\">K\u00f6vess minket a Google H\u00edrek-ben is!<\/a><\/p>\n<p>&#13;<\/p>\n<p>A <a href=\"https:\/\/www.instagram.com\/p\/Dcvjd6kDLaI\/?igsi=NjBnMnJhNnA4cWUw\" target=\"_blank\" rel=\"noopener nofollow\">Europe Magazine<\/a> \u00e1ltal k\u00f6z\u00f6lt felm\u00e9r\u00e9s szerint k\u00f6r\u00fclbel\u00fcl 14 milli\u00f3 uni\u00f3s \u00e1llampolg\u00e1r \u00e9l olyan tag\u00e1llamban, amelynek nem az \u00e1llampolg\u00e1ra, ami a teljes n\u00e9pess\u00e9g mind\u00f6ssze 3%-\u00e1t teszi ki. Ez uni\u00f3s \u00e1tlagban igencsak szer\u00e9ny ar\u00e1nynak t\u0171nik, ugyanakkor az eloszl\u00e1s kor\u00e1ntsem egyenletes.<\/p>\n<p>&#13;<br \/>\n&#13;<\/p>\n<p>A legnagyobb ar\u00e1nyban Rom\u00e1ni\u00e1b\u00f3l k\u00f6lt\u00f6znek m\u00e1s uni\u00f3s orsz\u00e1gokba az emberek: a lakoss\u00e1g 16 sz\u00e1zal\u00e9ka, mintegy 3,1 milli\u00f3 ember \u00e9l az Eur\u00f3pai Uni\u00f3 valamely m\u00e1sik tag\u00e1llam\u00e1ban, ami azt jelenti, hogy nagyj\u00e1b\u00f3l minden hatodik rom\u00e1niai lakos olyan orsz\u00e1gban \u00e9l, amelynek nem \u00e1llampolg\u00e1ra.<\/p>\n<p>&#13;<\/p>\n<p>Rom\u00e1ni\u00e1t Horv\u00e1torsz\u00e1g k\u00f6veti 14,6 sz\u00e1zal\u00e9kkal, majd Bulg\u00e1ria 11,5 sz\u00e1zal\u00e9kkal. A lista k\u00f6vetkez\u0151 hely\u00e9n Portug\u00e1lia \u00e1ll 9,5 sz\u00e1zal\u00e9kkal, ami az\u00e9rt is \u00e9rdekes, mert ezzel megt\u00f6ri azt a mint\u00e1zatot, amely szerint els\u0151sorban a kelet-eur\u00f3pai, illetve \u00fajabban csatalkozott uni\u00f3s tag\u00e1llamok lak\u00f3i k\u00f6lt\u00f6znek nagy ar\u00e1nyban m\u00e1sik uni\u00f3s orsz\u00e1gba, Portug\u00e1lia ugyanis nem kelet-eur\u00f3pai \u00e1llam, \u00e9s r\u00e9g\u00f3ta tagja is az Eur\u00f3pai Uni\u00f3nak, ennek ellen\u00e9re t\u00f6bb mint egymilli\u00f3 portug\u00e1l \u00e1llampolg\u00e1r \u00e9l valahol m\u00e1shol Eur\u00f3p\u00e1ban.<\/p>\n<p>&#13;<br \/>\n&#13;<\/p>\n<p>A lista m\u00e1sik v\u00e9g\u00e9n N\u00e9metorsz\u00e1g, Franciaorsz\u00e1g \u00e9s M\u00e1lta \u00e1ll, ezekben az orsz\u00e1gokban mind\u00f6ssze a lakoss\u00e1g 0,9 sz\u00e1zal\u00e9ka \u00e9l m\u00e1s tag\u00e1llamban, Sv\u00e9dorsz\u00e1gban \u00e9s Cipruson pedig a lakoss\u00e1g 1 sz\u00e1zal\u00e9ka. Vagyis ugyanaz a jog, amely minden uni\u00f3s \u00e1llampolg\u00e1rt megillet, az egyik orsz\u00e1gban csaknem tizennyolcszor nagyobb ar\u00e1nyban \u00e9lnek, mint egy m\u00e1sikban.<\/p>\n<p>&#13;<\/p>\n<p>\u00c9rdekess\u00e9g m\u00e9g, hogy a magas kiv\u00e1ndorl\u00e1si ar\u00e1nyt mutat\u00f3 orsz\u00e1gok k\u00f6z\u00fcl t\u00f6bbnek is cs\u00f6kkent a lakoss\u00e1ga az elm\u00falt id\u0151ben. 2005 \u00e9s 2025 k\u00f6z\u00f6tt Lettorsz\u00e1g n\u00e9pess\u00e9ge 17 sz\u00e1zal\u00e9kkal, Bulg\u00e1ri\u00e1\u00e9 16 sz\u00e1zal\u00e9kkal, Litv\u00e1ni\u00e1\u00e9 14 sz\u00e1zal\u00e9kkal, Rom\u00e1ni\u00e1\u00e9 11 sz\u00e1zal\u00e9kkal, Horv\u00e1torsz\u00e1g\u00e9 pedig 10 sz\u00e1zal\u00e9kkal cs\u00f6kkent.<\/p>\n<p>LAK\u00c1ST, H\u00c1ZAT VENN\u00c9L, DE NINCS EL\u00c9G P\u00c9NZED? VAN OLCS\u00d3 MEGOLD\u00c1S!<\/p>\n<p><a href=\"https:\/\/kalkulator.penzcentrum.hu\/lakashitel\/\" rel=\"nofollow noopener\" target=\"_blank\">A P\u00e9nzcentrum lak\u00e1shitel-kalkul\u00e1tora<\/a> szerint ma <a href=\"https:\/\/kalkulator.penzcentrum.hu\/lakashitel\/?loanGoal=HASZNALT_LAKAS&amp;loanAmount=30000000&amp;maturity=20&amp;income=500000&amp;onePerBank=true&amp;interestPeriods[]=FIVE_YEARS&amp;interestPeriods[]=TEN_YEARS&amp;interestPeriods[]=FIFTEEN_YEARS%2CTWENTY_YEARS&amp;interestPeriods[]=FULL&amp;realEstateValue=40000000&amp;realEstateLocation=&amp;age=30&amp;numberOfChildren=0&amp;currentInstallment=0&amp;currentCreditLine=0&amp;monthlyDeposit=0&amp;receiptOfIncome=true&amp;definedInsuranceUsage=true&amp;activeAccountPackageUsage=true&amp;loanCoverageInsurance=false&amp;activeCreditCardUsage=true&amp;definedAccountPackageUsage=false&amp;socialDiscount=false&amp;csok=false&amp;onlyFbl=false&amp;onlyOfk=false&amp;publicSectorToo=false&amp;calculationDate=2026-07-06&amp;start=0&amp;count=10\" target=\"_blank\" rel=\"noopener nofollow\">30 000 000 forintot 20 \u00e9ves futamid\u0151re m\u00e1r 6,62 sz\u00e1zal\u00e9kos THM-el, havi 184 778 Ft forintos t\u00f6rleszt\u0151vel fel lehet venni<\/a> a K&amp;H Bankn\u00e1l. De nem sokkal marad el ett\u0151l a t\u00f6bbi hazai nagybank aj\u00e1nlata sem: az UniCredit Bankn\u00e1l 6,78%, az Erste Bankn\u00e1l 6,78%, a CIB Bankn\u00e1l 6,89%, m\u00edg a MagNet Bankn\u00e1l 7,02%. \u00c9rdemes m\u00e9g megn\u00e9zni magyar hitelint\u00e9zetetek tov\u00e1bbi konstrukci\u00f3it is, \u00e9s egyedi kalkul\u00e1ci\u00f3t v\u00e9gezni, saj\u00e1t preferenci\u00e1ink alapj\u00e1n k\u00fcl\u00f6nb\u00f6z\u0151 hitel\u00f6sszegekre \u00e9s futamid\u0151kre. Ehhez keresd fel a <a href=\"https:\/\/kalkulator.penzcentrum.hu\/lakashitel\/\" rel=\"nofollow noopener\" target=\"_blank\">P\u00e9nzcentrum kalkul\u00e1tor\u00e1t.<\/a> (x)<\/p>\n<p>&#13;<\/p>\n<p>Ezzel szemben t\u00f6bb olyan orsz\u00e1g is akad, amelynek lakoss\u00e1ga ugyanezen id\u0151szak alatt l\u00e1tv\u00e1nyosan n\u0151tt. Luxemburg n\u00e9pess\u00e9ge 48 sz\u00e1zal\u00e9kkal, M\u00e1lt\u00e1\u00e9 43 sz\u00e1zal\u00e9kkal, Ciprus\u00e9 34 sz\u00e1zal\u00e9kkal, \u00cdrorsz\u00e1g\u00e9 pedig 32 sz\u00e1zal\u00e9kkal n\u00f6vekedett 2005 \u00e9s 2025 k\u00f6z\u00f6tt.<\/p>\n<p>&#13;<\/p>\n<p>&#13;<br \/>\nMagyarorsz\u00e1gr\u00f3l is sokan mennek k\u00fclf\u00f6ldre&#13;<\/p>\n<p>Magyarorsz\u00e1g lakoss\u00e1g\u00e1nak 4,1 sz\u00e1zal\u00e9ka \u00e9l k\u00fclf\u00f6ld\u00f6n, amivel nagyjb\u00f3l a k\u00f6z\u00e9pmez\u0151nyben foglal helyet az orsz\u00e1g. A <a href=\"https:\/\/www.ksh.hu\/stadat_files\/nep\/hu\/nep0031.html\" target=\"_blank\" rel=\"noopener nofollow\">KSH friss adatai szerint<\/a> a magyarok nemzetk\u00f6zi v\u00e1ndorl\u00e1sa tov\u00e1bbra is jelent\u0151s: 2025-ben t\u00f6bb mint 39 ezren hagyt\u00e1k el az orsz\u00e1got (fontos, hogy ez a sz\u00e1m nem csak az uni\u00f3s orsz\u00e1gokba t\u00f6rt\u00e9n\u0151 kiv\u00e1ndorl\u00e1sokat tartalmazza).<\/p>\n<p>&#13;<\/p>\n<p>A kiv\u00e1ndorl\u00e1s c\u00e9lorsz\u00e1gai k\u00f6z\u00f6tt <a href=\"https:\/\/www.penzcentrum.hu\/karrier\/20251129\/luxusfizetesert-lepnek-le-tomegevel-magyarok-ausztriaba-nemetorszagba-dobbenet-mennyit-keres-egy-recepcios-pincer-1189450\" target=\"_blank\" rel=\"noopener nofollow\">Ausztria \u00e9s N\u00e9metorsz\u00e1g<\/a> k\u00fcl\u00f6n\u00f6sen fontos: a KSH 2025-\u00f6s adatai szerint csak Ausztri\u00e1ba t\u00f6bb mint 23 ezer magyar v\u00e1ndorolt ki, N\u00e9metorsz\u00e1gba pedig majdnem 7 ezer, de sokan mennek az Egyes\u00fclt Kir\u00e1lys\u00e1gba, Hollandi\u00e1ba \u00e9s <a href=\"https:\/\/www.penzcentrum.hu\/gazdasag\/20250330\/ebbe-az-europai-orszagba-menekulnek-most-tomegesen-a-magyarok-sokkal-jobb-mint-ausztria-1176717\" target=\"_blank\" rel=\"noopener nofollow\">Sv\u00e1jcba<\/a> is.\u00a0<\/p>\n<p>\t\t\t\t\t\t<script async src=\"\/\/www.instagram.com\/embed.js\"><\/script><\/p>\n","protected":false},"excerpt":{"rendered":"2026. szeptember 2. 19:04 Az Eur\u00f3pai Uni\u00f3ban \u00e9l\u0151k egyik alapvet\u0151 joga, hogy szabadon mozoghatnak, \u00e9lhetnek, dolgozhatnak vagy tanulhatnak&hellip;\n","protected":false},"author":2,"featured_media":230665,"comment_status":"","ping_status":"","sticky":false,"template":"","format":"standard","meta":{"footnotes":"","_share_on_mastodon":"0"},"categories":[33],"tags":[393,38,35,37,44,42,40,672,43,41,669,34,671,670,36,674,111,673,39],"class_list":["post-230664","post","type-post","status-publish","format-standard","has-post-thumbnail","category-hirek","tag-biztositas","tag-focimek","tag-headlines","tag-hirek","tag-hu","tag-hungarian","tag-hungary","tag-karrier","tag-magyar","tag-magyarorszag","tag-megtakaritas","tag-news","tag-nyugdij","tag-otthon","tag-top-stories","tag-utazas","tag-vallalkozas","tag-vasarlas","tag-vezeto-hirek"],"share_on_mastodon":{"url":"https:\/\/pubeurope.com\/@hu\/117204155812180269","error":""},"_links":{"self":[{"href":"https:\/\/www.europesays.com\/hu\/wp-json\/wp\/v2\/posts\/230664","targetHints":{"allow":["GET"]}}],"collection":[{"href":"https:\/\/www.europesays.com\/hu\/wp-json\/wp\/v2\/posts"}],"about":[{"href":"https:\/\/www.europesays.com\/hu\/wp-json\/wp\/v2\/types\/post"}],"author":[{"embeddable":true,"href":"https:\/\/www.europesays.com\/hu\/wp-json\/wp\/v2\/users\/2"}],"replies":[{"embeddable":true,"href":"https:\/\/www.europesays.com\/hu\/wp-json\/wp\/v2\/comments?post=230664"}],"version-history":[{"count":0,"href":"https:\/\/www.europesays.com\/hu\/wp-json\/wp\/v2\/posts\/230664\/revisions"}],"wp:featuredmedia":[{"embeddable":true,"href":"https:\/\/www.europesays.com\/hu\/wp-json\/wp\/v2\/media\/230665"}],"wp:attachment":[{"href":"https:\/\/www.europesays.com\/hu\/wp-json\/wp\/v2\/media?parent=230664"}],"wp:term":[{"taxonomy":"category","embeddable":true,"href":"https:\/\/www.europesays.com\/hu\/wp-json\/wp\/v2\/categories?post=230664"},{"taxonomy":"post_tag","embeddable":true,"href":"https:\/\/www.europesays.com\/hu\/wp-json\/wp\/v2\/tags?post=230664"}],"curies":[{"name":"wp","href":"https:\/\/api.w.org\/{rel}","templated":true}]}}