{"id":230677,"date":"2026-09-03T00:17:11","date_gmt":"2026-09-03T00:17:11","guid":{"rendered":"https:\/\/www.europesays.com\/hu\/230677\/"},"modified":"2026-09-03T00:17:11","modified_gmt":"2026-09-03T00:17:11","slug":"tom-hardy-olyat-tett-egy-meghallgatas-utan-ami-megmutatta-hogy-milyen-ember-valojaban","status":"publish","type":"post","link":"https:\/\/www.europesays.com\/hu\/230677\/","title":{"rendered":"Tom Hardy olyat tett egy meghallgat\u00e1s ut\u00e1n, ami megmutatta, hogy milyen ember val\u00f3j\u00e1ban"},"content":{"rendered":"<p>\n                        Nagy meglepet\u00e9st okozott.                     <\/p>\n<p class=\"isSelectedEnd\"><a href=\"https:\/\/port.hu\/adatlap\/szemely\/kat-dennings\/person-213927\" rel=\"nofollow noopener\" target=\"_blank\">Kat Dennings<\/a> aligha felejti el valaha azt a meghallgat\u00e1st, amelyen <a href=\"https:\/\/port.hu\/adatlap\/szemely\/tom-hardy\/person-209372\" rel=\"nofollow noopener\" target=\"_blank\">Tom Hardyval<\/a> egy\u00fctt pr\u00f3b\u00e1lt szerencs\u00e9t a 2015-\u00f6s Mad Max \u2013 A harag \u00fatja c\u00edm\u0171 filmben. A sz\u00edn\u00e9szn\u0151nek egy nem t\u00fal kellemes \u00e9lm\u00e9nyben volt r\u00e9sze, de a v\u00e9g\u00e9n kapott legal\u00e1bb egy igen aranyos meglepet\u00e9st is. \u00a0<\/p>\n<p>&#13;<\/p>\n<p class=\"isSelectedEnd\">Dennings \u00e9s Hardy egy k\u00f6z\u00f6s pr\u00f3b\u00e1n vett r\u00e9szt, ahol a k\u00e9sz\u00edt\u0151k arra voltak k\u00edv\u00e1ncsiak, mennyire m\u0171k\u00f6dik k\u00f6z\u00f6tt\u00fck a k\u00e9mia. A meghallgat\u00e1s r\u00e1ad\u00e1sul elk\u00e9peszt\u0151en hossz\u00fara ny\u00falt: hat \u00f3r\u00e1n kereszt\u00fcl tartott.<\/p>\n<p>&#13;<\/p>\n<p class=\"isSelectedEnd\">\n<p>&#13;<br \/>\n\u201eOlyan volt, mintha egy sz\u00edn\u00e9sz\u00f3r\u00e1n lenn\u00e9l, csak \u00e9ppen \u00e9leted legrosszabb napj\u00e1n\u201d&#13;<\/p>\n<p class=\"isSelectedEnd\">\u2013 mes\u00e9lte Dennings egy Threads-vide\u00f3ban. A sz\u00edn\u00e9szn\u0151 az\u00e9rt osztotta meg a t\u00f6rt\u00e9netet, mert Michael Fassbender kor\u00e1bban szint\u00e9n mes\u00e9lt arr\u00f3l, milyen k\u00ednosra siker\u00fclt a Mad Max-meghallgat\u00e1sa.<\/p>\n<p>&#13;<br \/>\n\u201eEgy ponton m\u00e9g szerepet is cser\u00e9ltettek vel\u00fcnk. Bekapcsolt\u00e1k a kamer\u00e1t, \u00e9s azt mondt\u00e1k, fussunk be a sarok m\u00f6g\u00fcl. De tal\u00e1n az volt a legrosszabb, amikor a sz\u00edn\u00e9sztr\u00e9ner arra k\u00e9rt minket, hogy mondjuk el a sz\u00f6veget an\u00e9lk\u00fcl, hogy t\u00e9nylegesen kimondan\u00e1nk a szavakat. Csak hangokat kellett kiadnunk helyett\u00fck.\u201d&#13;<\/p>\n<p>Dennings szerint ekkor m\u00e1r t\u00e9nyleg azt \u00e9rezte, hogy belehal a k\u00ednos helyzetbe.<\/p>\n<p>&#13;<\/p>\n<p class=\"isSelectedEnd\">Dennings k\u00f6zben a partner\u00e9t is megdics\u00e9rte, aki v\u00e9g\u00fcl term\u00e9szetesen megkapta Max szerep\u00e9t.<\/p>\n<p>&#13;<br \/>\n\u201eTom Hardy nagyon r\u00e1\u00e9rzett erre a gyakorlatra. Hihetetlen\u00fcl felszabadultan csin\u00e1lta, \u00e9s elk\u00e9peszt\u0151en kreat\u00edv megold\u00e1sokat tal\u00e1lt ki a sz\u00f6veghez\u201d&#13;<\/p>\n<p class=\"isSelectedEnd\">\u2013 mes\u00e9lte a sz\u00edn\u00e9szn\u0151.<\/p>\n<p>&#13;<\/p>\n<p class=\"isSelectedEnd\">Amikor v\u00e9gre v\u00e9get \u00e9rt a hat\u00f3r\u00e1s tort\u00fara, Denningsnek nem volt mivel hazamennie. Hardy megtudta, mi a helyzet, \u00e9s felaj\u00e1nlotta, hogy hazaviszi. A sz\u00edn\u00e9szn\u0151 kiss\u00e9 vonakodva ugyan, de elfogadta az aj\u00e1nlatot \u2013 elv\u00e9gre addigra m\u00e1r ismert\u00e9k egym\u00e1st.<\/p>\n<p>&#13;<br \/>\nHazavitt. Annyira kedves volt. Amikor meg\u00e9rkezt\u00fcnk, a sz\u00fcleim h\u00e1z\u00e1hoz ment\u00fcnk, mert akkor m\u00e9g otthon laktam vel\u00fck.\u201d&#13;<\/p>\n<p class=\"isSelectedEnd\">A sz\u00edn\u00e9szn\u0151 bemutatta Hardyt az \u00e9desanyj\u00e1nak, majd elk\u00f6sz\u00f6nt t\u0151le, \u00e9s elment pihenni a gar\u00e1zsb\u00f3l kialak\u00edtott szob\u00e1j\u00e1ba:<\/p>\n<p>&#13;<br \/>\nP\u00e1r \u00f3r\u00e1val k\u00e9s\u0151bb visszamentem a h\u00e1zba, \u00e9s Tom Hardy m\u00e9g mindig ott volt. \u00c9ppen te\u00e1zott anyuk\u00e1mmal, \u00e9s nagyon j\u00f3l elbesz\u00e9lgettek.\u201d&#13;<\/p>\n<p class=\"isSelectedEnd\">Dennings szerint ez az \u00e9lm\u00e9ny \u00f6r\u00f6kre megkedveltette vele Hardyt.<\/p>\n<p>&#13;<br \/>\n\u00c9letem v\u00e9g\u00e9ig rajong\u00f3ja leszek. Szerintem csod\u00e1latos ember, \u00e9s anyuk\u00e1m m\u00e9g mindig emlegeti \u0151t.\u201d&#13;<br \/>\n&#13;<\/p>\n<p>Forr\u00e1s: <a href=\"https:\/\/ew.com\/kat-dennings-recalls-audition-with-tom-hardy-for-mad-max-fury-road-12076425\" rel=\"nofollow noopener\" target=\"_blank\">ew.com<\/a><\/p>\n<p>                <a href=\"https:\/\/google.com\/preferences\/source?q=https:\/\/port.hu\" target=\"_blank\" class=\"google-pref-banner\" id=\"googlePrefBanner\" rel=\"nofollow noopener\"><br \/>\n                    <img loading=\"lazy\" decoding=\"async\" src=\"https:\/\/port.hu\/img\/svg\/google-logo.svg\" width=\"52\" height=\"52\"\/><br \/>\n                    Itt \u00e1ll\u00edtsa be, hogy a Port az els\u0151k k\u00f6z\u00f6tt legyen a Google-tal\u00e1latokban!<\/p>\n<p>                <\/a><\/p>\n","protected":false},"excerpt":{"rendered":"Nagy meglepet\u00e9st okozott. Kat Dennings aligha felejti el valaha azt a meghallgat\u00e1st, amelyen Tom Hardyval egy\u00fctt pr\u00f3b\u00e1lt szerencs\u00e9t&hellip;\n","protected":false},"author":2,"featured_media":230678,"comment_status":"","ping_status":"","sticky":false,"template":"","format":"standard","meta":{"footnotes":"","_share_on_mastodon":"0"},"categories":[16],"tags":[137,167,44,42,40,61003,9816,43,41,166,138,769],"class_list":["post-230677","post","type-post","status-publish","format-standard","has-post-thumbnail","category-szorakozas","tag-entertainment","tag-film","tag-hu","tag-hungarian","tag-hungary","tag-kat-dennings","tag-mad-max-a-harag-utja","tag-magyar","tag-magyarorszag","tag-mozi","tag-szorakozas","tag-tom-hardy"],"share_on_mastodon":{"url":"https:\/\/pubeurope.com\/@hu\/117204238298499913","error":""},"_links":{"self":[{"href":"https:\/\/www.europesays.com\/hu\/wp-json\/wp\/v2\/posts\/230677","targetHints":{"allow":["GET"]}}],"collection":[{"href":"https:\/\/www.europesays.com\/hu\/wp-json\/wp\/v2\/posts"}],"about":[{"href":"https:\/\/www.europesays.com\/hu\/wp-json\/wp\/v2\/types\/post"}],"author":[{"embeddable":true,"href":"https:\/\/www.europesays.com\/hu\/wp-json\/wp\/v2\/users\/2"}],"replies":[{"embeddable":true,"href":"https:\/\/www.europesays.com\/hu\/wp-json\/wp\/v2\/comments?post=230677"}],"version-history":[{"count":0,"href":"https:\/\/www.europesays.com\/hu\/wp-json\/wp\/v2\/posts\/230677\/revisions"}],"wp:featuredmedia":[{"embeddable":true,"href":"https:\/\/www.europesays.com\/hu\/wp-json\/wp\/v2\/media\/230678"}],"wp:attachment":[{"href":"https:\/\/www.europesays.com\/hu\/wp-json\/wp\/v2\/media?parent=230677"}],"wp:term":[{"taxonomy":"category","embeddable":true,"href":"https:\/\/www.europesays.com\/hu\/wp-json\/wp\/v2\/categories?post=230677"},{"taxonomy":"post_tag","embeddable":true,"href":"https:\/\/www.europesays.com\/hu\/wp-json\/wp\/v2\/tags?post=230677"}],"curies":[{"name":"wp","href":"https:\/\/api.w.org\/{rel}","templated":true}]}}