{"id":230688,"date":"2026-09-03T00:31:13","date_gmt":"2026-09-03T00:31:13","guid":{"rendered":"https:\/\/www.europesays.com\/hu\/230688\/"},"modified":"2026-09-03T00:31:13","modified_gmt":"2026-09-03T00:31:13","slug":"velvet-celeb-nagy-fero-kerteles-nelkul-elarulta-mennyi-nyugdijat-kap-havonta","status":"publish","type":"post","link":"https:\/\/www.europesays.com\/hu\/230688\/","title":{"rendered":"Velvet &#8211; Celeb &#8211; Nagy Fer\u00f3 kertel\u00e9s n\u00e9lk\u00fcl el\u00e1rulta, mennyi nyugd\u00edjat kap havonta"},"content":{"rendered":"<p>\n                Nagy Fer\u00f3 id\u00e9n \u00fcnnepelte a 80. sz\u00fclet\u00e9snapj\u00e1t, azonban a nyugd\u00edjas \u00e9let a sz\u00e1m\u00e1ra egyel\u0151re m\u00e9g csak terv.            <\/p>\n<p><a href=\"https:\/\/velvet.hu\/celeb\/2025\/01\/01\/nagy-fero-ujev-koszonto-szilveszter-politika\/\" id=\"hyperlink_dd8132d069b9b280743f18630b5a4c55\" target=\"_blank\" title=\"Nagy Fer\u00f3 \u00faj\u00e9vkor sem n\u00e9lk\u00fcl\u00f6zte a politik\u00e1t: ezt \u00fczente a magyaroknak\" rel=\"nofollow noopener\">Nagy Fer\u00f3<\/a> 80 \u00e9vesen sem lass\u00edt: egyetlen koncertet sem mond vissza, \u00e9s ennek nemcsak a zene ir\u00e1nti szenved\u00e9lye az oka, hanem anyagi megfontol\u00e1sok is. A \u201enemzet cs\u00f3t\u00e1nya\u201d ugyanis saj\u00e1t bevall\u00e1sa szerint meglehet\u0151sen kev\u00e9s nyugd\u00edjb\u00f3l gazd\u00e1lkodik. \u00cdgy a pihentet\u0151 nyugd\u00edjas\u00e9vek helyett tov\u00e1bbra is rendszeresen sz\u00ednpadra \u00e1ll, t\u00f6bbek k\u00f6z\u00f6tt \u00f6t unok\u00e1ja miatt is.<\/p>\n<p>Az\u00e9rt ez nagyon j\u00f3, valljuk be \u0151szint\u00e9n, ott el\u00e9g j\u00f3l fizetnek. \u00c9s mivel ennyi unok\u00e1m van, az nem \u00e1rt, mert minden nagyobb \u00fcnnepkor, sz\u00fclinapokkor, kar\u00e1csonykor, utalok a \u2019b\u00e9bik\u00f6tv\u00e9nyre\u2019<\/p>\n<p>\u2013 \u00e9rvelt Fer\u00f3, aki azt is el\u00e1rulta, <a href=\"https:\/\/velvet.hu\/celeb\/2026\/03\/25\/koncz-zsuzsa-nyugdij\/\" id=\"hyperlink_73eaa374725f72f7d9137fcf66a17dab\" target=\"_blank\" title=\"Koncz Zsuzsa \u0151szint\u00e9n besz\u00e9lt r\u00f3la, hogy mennyi nyugd\u00edjat kap\" rel=\"nofollow noopener\">mennyi a nyugd\u00edja<\/a>.<\/p>\n<p>Nekem el\u00e9g, 74 ezer forint<\/p>\n<p>\u2013 \u00e1rulta el az Akt\u00edv riportj\u00e1ban.\u00a0<a href=\"https:\/\/velvet.hu\/celeb\/2024\/09\/10\/hirosszefoglalo-nagy-fero-kutyak-szomszedok\/\" id=\"hyperlink_3d6f93de73e96b37c87b580ef2379baf\" target=\"_blank\" title=\"A szomsz\u00e9dok rettegnek Nagy Fer\u00f3 kuty\u00e1it\u00f3l, az \u00e9nekes szerint az \u00e1llatok csak boldogok\" rel=\"nofollow noopener\">Nagy Fer\u00f3nak<\/a>\u00a0a nyugd\u00edj\u00e1n t\u00fal is vannak bev\u00e9teli forr\u00e1sai: t\u00f6bbek k\u00f6z\u00f6tt a Beatrice \u00e9s saj\u00e1t dalai ut\u00e1n j\u00e1r\u00f3 jogd\u00edjakb\u00f3l is rendszeresen r\u00e9szes\u00fcl, a Kossuth-d\u00edjjal kapott t\u00f6bb t\u00edzmilli\u00f3s p\u00e9nzjutalomb\u00f3l is maradt m\u00e9g, r\u00e1ad\u00e1sul egy orsz\u00e1gos r\u00e1di\u00f3n\u00e1l saj\u00e1t m\u0171sort is vezet.<\/p>\n<p>(<a href=\"https:\/\/story.hu\/napi-friss\/2026\/08\/31\/nagy-fero-nyugdij\/dk524wf?tsrc=nlc_cross\" id=\"hyperlink_8b16744af6ca6c889a61f2df67f03f8f\" rel=\"nofollow noopener\" target=\"_blank\">Story<\/a>)<\/p>\n<p>\n                          (Bor\u00edt\u00f3k\u00e9p: Nagy Fer\u00f3. Fot\u00f3: Papajcsik P\u00e9ter\/Index)\n                        <\/p>\n<p><a href=\"https:\/\/dex.hu\/x.php?id=googlepref_desktop_velvet&amp;url=https:\/\/google.com\/preferences\/source?q=https:\/\/velvet.hu\/\" class=\"google-pref-banner \" id=\"googlePrefBanner\" rel=\"nofollow noopener\" target=\"_blank\"><\/p>\n<p>        \u00c1ll\u00edtsd be a Google keres\u0151j\u00e9t, hogy a tal\u00e1latok k\u00f6z\u00f6tt biztos ott legyen a Velvet!    <\/p>\n<p><\/a><\/p>\n","protected":false},"excerpt":{"rendered":"Nagy Fer\u00f3 id\u00e9n \u00fcnnepelte a 80. sz\u00fclet\u00e9snapj\u00e1t, azonban a nyugd\u00edjas \u00e9let a sz\u00e1m\u00e1ra egyel\u0151re m\u00e9g csak terv. Nagy&hellip;\n","protected":false},"author":2,"featured_media":230689,"comment_status":"","ping_status":"","sticky":false,"template":"","format":"standard","meta":{"footnotes":"","_share_on_mastodon":"0"},"categories":[16],"tags":[3455,137,44,42,40,43,41,1183,671,138],"class_list":["post-230688","post","type-post","status-publish","format-standard","has-post-thumbnail","category-szorakozas","tag-celeb","tag-entertainment","tag-hu","tag-hungarian","tag-hungary","tag-magyar","tag-magyarorszag","tag-nagy-fero","tag-nyugdij","tag-szorakozas"],"share_on_mastodon":{"url":"https:\/\/pubeurope.com\/@hu\/117204293120767716","error":""},"_links":{"self":[{"href":"https:\/\/www.europesays.com\/hu\/wp-json\/wp\/v2\/posts\/230688","targetHints":{"allow":["GET"]}}],"collection":[{"href":"https:\/\/www.europesays.com\/hu\/wp-json\/wp\/v2\/posts"}],"about":[{"href":"https:\/\/www.europesays.com\/hu\/wp-json\/wp\/v2\/types\/post"}],"author":[{"embeddable":true,"href":"https:\/\/www.europesays.com\/hu\/wp-json\/wp\/v2\/users\/2"}],"replies":[{"embeddable":true,"href":"https:\/\/www.europesays.com\/hu\/wp-json\/wp\/v2\/comments?post=230688"}],"version-history":[{"count":0,"href":"https:\/\/www.europesays.com\/hu\/wp-json\/wp\/v2\/posts\/230688\/revisions"}],"wp:featuredmedia":[{"embeddable":true,"href":"https:\/\/www.europesays.com\/hu\/wp-json\/wp\/v2\/media\/230689"}],"wp:attachment":[{"href":"https:\/\/www.europesays.com\/hu\/wp-json\/wp\/v2\/media?parent=230688"}],"wp:term":[{"taxonomy":"category","embeddable":true,"href":"https:\/\/www.europesays.com\/hu\/wp-json\/wp\/v2\/categories?post=230688"},{"taxonomy":"post_tag","embeddable":true,"href":"https:\/\/www.europesays.com\/hu\/wp-json\/wp\/v2\/tags?post=230688"}],"curies":[{"name":"wp","href":"https:\/\/api.w.org\/{rel}","templated":true}]}}