{"id":230706,"date":"2026-09-03T00:51:14","date_gmt":"2026-09-03T00:51:14","guid":{"rendered":"https:\/\/www.europesays.com\/hu\/230706\/"},"modified":"2026-09-03T00:51:14","modified_gmt":"2026-09-03T00:51:14","slug":"gyujtogatas-debrecenben-harom-auto-egett-ki-a-parkoloban-a-bosszu-miatt","status":"publish","type":"post","link":"https:\/\/www.europesays.com\/hu\/230706\/","title":{"rendered":"Gy\u00fajtogat\u00e1s Debrecenben: H\u00e1rom aut\u00f3 \u00e9gett ki a parkol\u00f3ban a bossz\u00fa miatt"},"content":{"rendered":"<p data-alignment=\"left\" class=\"text-left\" data-block-key=\"mosp5\">A Balk\u00e1n Rally felk\u00e9sz\u00fcl\u00e9si f\u00e1zis\u00e1nak hajr\u00e1j\u00e1ban l\u00e9v\u0151 <a href=\"https:\/\/totalcar.hu\/belsoseg\/2026\/09\/01\/mlady-boleslav-kigyulladt-tuzkar-balkan-rally-skoda-120\/\" target=\"_blank\" rel=\" noopener noreferrer nofollow\" data-link-preview=\"true\" data-og-title=\"Kigyulladt a Skod\u00e1nk \u2013 hogy lesz \u00edgy Balkan Rally?\" data-og-description=\"\u00d3ri\u00e1si hajr\u00e1ban vagyunk az \u00e9ves projektaut\u00f3nk legnagyobb bevet\u00e9se el\u0151tt, \u00e9s mikor t\u00f6rt\u00e9nnek vele a legfat\u00e1lisabb probl\u00e9m\u00e1k? H\u00e1t persze, hogy most! \u00c9letemben nem kellett m\u00e9g eloltanom \u00e9g\u0151 aut\u00f3t eg\u00e9szen id\u00e1ig, \u00e9s ez nem olyan dolog, amire az ember k\u00e9sz\u00fcl, vagy sz\u00e1m\u00edt, ez csak \u00fagy megt\u00f6rt\u00e9nik, \u00e9s ilyenkor minden pillanat sz\u00e1m\u00edt.\" data-og-image=\"https:\/\/totalcar.hu\/media\/images\/Mlady_Boleslav_kiegett_tuz_6.format-avif.max-600x400.avif\" data-og-image-small=\"https:\/\/totalcar.hu\/media\/images\/Mlady_Boleslav_kiegett_tuz_6.format-avif.max-370x278.avif\" data-og-column=\"Bels\u0151s\u00e9g\" data-og-tags=\"[&quot;Bels\\u0151s\\u00e9g&quot;, &quot;M&#039;lady Boleslav&quot;, &quot;Balkan Rally 2026&quot;, &quot;Skoda&quot;, &quot;Skoda 120&quot;, &quot;veter\\u00e1n aut\\u00f3&quot;, &quot;klasszikus&quot;]\">M\u2019Lady Boleslav r\u00e9v\u00e9n<\/a> a saj\u00e1t b\u0151r\u00fcnk\u00f6n tapasztaltuk meg, mennyire rossz, ha \u00e9g egy aut\u00f3. H\u00e1t m\u00e9g milyen rossz, ha egyszerre h\u00e1rom \u00e9g, ahogy az 2024 november\u00e9ben t\u00f6rt\u00e9nt Debrecenben, ami miatt nemr\u00e9g v\u00e1dat is emelt a Debreceni J\u00e1r\u00e1si \u00dcgy\u00e9szs\u00e9g.<\/p>\n<p data-alignment=\"left\" class=\"text-left\" data-block-key=\"5iu6\"><a href=\"https:\/\/ugyeszseg.hu\/bosszubol-felgyujtotta-baratja-kocsijat\/\" target=\"_blank\" rel=\" noopener noreferrer nofollow\">A v\u00e1dirat szerint<\/a> 2024. november 16-\u00e1n egy n\u0151 \u00f6sszeveszett a p\u00e1rj\u00e1val, \u00e9s elhat\u00e1rozta, hogy bossz\u00fat \u00e1ll a f\u00e9rfin. Miut\u00e1n megtudta, hogy az esti \u00f3r\u00e1kban a s\u00e9rtett a lak\u00f3hely\u00e9r\u0151l Debrecenbe ment aut\u00f3val sz\u00f3rakozni, \u00edgy odautazott, ahol fiatalkor\u00fa v\u00e1dlott-t\u00e1rs\u00e1val tal\u00e1lkozott.<\/p>\n<p>  <a rel=\"noopener nofollow\" href=\"https:\/\/indamediasales.hu\/2019\/06\/25\/quality_placement_minosegbiztositasi_tajekoztato_728\" target=\"_blank\"><\/p>\n<p>      <img loading=\"lazy\" decoding=\"async\" src=\"https:\/\/totalcar.hu\/static\/images\/brand\/quality_placement_logo.svg\" alt=\"Quality Placement\" width=\"150\" height=\"15\"\/><\/p>\n<p>  <\/a><\/p>\n<p>\n  hirdet\u00e9s\n<\/p>\n<p data-alignment=\"left\" class=\"text-left\" data-block-key=\"fs9to\">Neki elmondta, mire k\u00e9sz\u00fcl, majd egy\u00fctt taxival mentek egy benzink\u00fathoz, ahol f\u00e9l liter benzint v\u00e1s\u00e1roltak. Ut\u00e1na megkerest\u00e9k a s\u00e9rtett kocsij\u00e1t, melyre m\u00e1snap hajnalban a n\u0151 r\u00e1locsolta a benzint, \u00e9s \u00f6ngy\u00fajt\u00f3val meggy\u00fajtotta. Ezalatt a fiatal t\u00e1rsa a j\u00e1rm\u0171 k\u00f6zel\u00e9ben s\u00e9t\u00e1lgatott, \u00e9s figyelte, k\u00f6zeledik-e valaki. A l\u00e1ngra kapott aut\u00f3r\u00f3l azonban a t\u0171z \u00e1tterjedt m\u00e1sik k\u00e9t aut\u00f3ra a parkol\u00f3ban, \u00edgy azok is megs\u00e9r\u00fcltek: az egyikben csaknem 80 ezer, a m\u00e1sikban 460 ezer forintos k\u00e1r, m\u00edg a s\u00e9rtett\u00e9ben 1 milli\u00f3 270 ezer forintos k\u00e1r keletkezett. A nyomoz\u00e1s sor\u00e1n a v\u00e1dlott a legalacsonyabb k\u00e1rt megt\u00e9r\u00edtette az egyik s\u00e9rtettnek.<\/p>\n<p data-alignment=\"left\" class=\"text-left\" data-block-key=\"ww9o1\">A gy\u00fajtogat\u00e1st egy t\u00e9rfigyel\u0151 kamera r\u00f6gz\u00edtette:<\/p>\n<p data-alignment=\"left\" class=\"text-left\" data-block-key=\"bpb4f\">A Debreceni J\u00e1r\u00e1si \u00dcgy\u00e9szs\u00e9g a feln\u0151ttkor\u00fa v\u00e1dlott ellen tettesk\u00e9nt, a fiatalkor\u00faval szemben pedig b\u0171nseg\u00e9dk\u00e9nt emelt v\u00e1dat nagyobb k\u00e1rt okozott rong\u00e1l\u00e1s \u00e9s k\u00e9t rendbeli kisebb k\u00e1rt okoz\u00f3 <a href=\"https:\/\/totalcar.hu\/hirek\/2026\/08\/25\/m3-as-autopalyan-kigyulladt-volkswagen-golf-gyongyos-rendorok-tuzoltas\/\" target=\"_blank\" rel=\" noopener noreferrer nofollow\" data-link-preview=\"true\" data-og-title=\"Az M3-ason \u00e9gett egy rom\u00e1n aut\u00f3, a rend\u0151r\u00f6k oltott\u00e1k a t\u00fczet\" data-og-description=\"K\u00e9t rend\u0151ri egys\u00e9g, majd a t\u0171zolt\u00f3k is oltott\u00e1k az \u00e9g\u0151 Volkswagent, azonban megmenteni m\u00e1r nem tudt\u00e1k.\" data-og-image=\"https:\/\/totalcar.hu\/media\/images\/image_31_IrnmVfO.format-avif.max-600x400.avif\" data-og-image-small=\"https:\/\/totalcar.hu\/media\/images\/image_31_WD6Ej0W.format-avif.max-370x278.avif\" data-og-column=\"H\u00edrek\" data-og-tags=\"[&quot;H\\u00edrek&quot;, &quot;aut\\u00f3t\\u0171z&quot;, &quot;t\\u0171z&quot;, &quot;m3&quot;, &quot;m3-as aut\\u00f3p\\u00e1lya&quot;, &quot;volkswagen golf&quot;, &quot;rend\\u0151rs\\u00e9g&quot;]\">rong\u00e1l\u00e1s<\/a> miatt. Az \u00fcgy\u00e9szs\u00e9g az el\u0151bbire felf\u00fcggesztett b\u00f6rt\u00f6nb\u00fcntet\u00e9st, az ut\u00f3bbira k\u00f6z\u00e9rdek\u0171 munka kiszab\u00e1s\u00e1t ind\u00edtv\u00e1nyozta, tov\u00e1bb\u00e1 az egyik s\u00e9rtett \u00e1ltal a nyomoz\u00e1s sor\u00e1n el\u0151terjesztett polg\u00e1ri jogi ig\u00e9ny \u00e9rv\u00e9nyes\u00edt\u00e9s\u00e9t utas\u00edtsa egy\u00e9b t\u00f6rv\u00e9nyes \u00fatra.<\/p>\n<p data-alignment=\"left\" class=\"text-left\" data-block-key=\"ww9o1\">Bor\u00edt\u00f3k\u00e9p: Magyarorsz\u00e1g \u00dcgy\u00e9szs\u00e9ge\/k\u00e9perny\u0151k\u00e9p<\/p>\n<p><a href=\"https:\/\/google.com\/preferences\/source?q=https%3A\/\/totalcar.hu\" rel=\"noopener nofollow\" referrerpolicy=\"no-referrer-when-downgrade\" class=\"!flex !items-center !gap-5 !py-2 !px-3 w-full !rounded-xl !font-bold cursor-pointer !no-underline relative !bg-white !text-[#202124] !border !border-[#858585] dark:!bg-[#323232] dark:!text-white dark:border-none my-4 \" target=\"_blank\"><br \/>\n  <img decoding=\"async\" src=\"https:\/\/totalcar.hu\/static\/images\/favicons\/google_favicon.svg\" alt=\"Google\" class=\"shrink-0 w-7 h-7\"\/><br \/>\n  \u00c1ll\u00edtsd be, hogy a Totalcar az els\u0151k k\u00f6z\u00f6tt legyen a Google-tal\u00e1latokban!<\/p>\n<p><\/a><\/p>\n","protected":false},"excerpt":{"rendered":"A Balk\u00e1n Rally felk\u00e9sz\u00fcl\u00e9si f\u00e1zis\u00e1nak hajr\u00e1j\u00e1ban l\u00e9v\u0151 M\u2019Lady Boleslav r\u00e9v\u00e9n a saj\u00e1t b\u0151r\u00fcnk\u00f6n tapasztaltuk meg, mennyire rossz, ha&hellip;\n","protected":false},"author":2,"featured_media":230707,"comment_status":"","ping_status":"","sticky":false,"template":"","format":"standard","meta":{"footnotes":"","_share_on_mastodon":"0"},"categories":[6],"tags":[25192,40244,61008,940,3959,44,42,40,43,41,3321],"class_list":["post-230706","post","type-post","status-publish","format-standard","has-post-thumbnail","category-magyarorszag","tag-autotuz","tag-bosszu","tag-bosszuallas","tag-debrecen","tag-gyujtogatas","tag-hu","tag-hungarian","tag-hungary","tag-magyar","tag-magyarorszag","tag-tuz"],"share_on_mastodon":{"url":"https:\/\/pubeurope.com\/@hu\/117204372189853264","error":""},"_links":{"self":[{"href":"https:\/\/www.europesays.com\/hu\/wp-json\/wp\/v2\/posts\/230706","targetHints":{"allow":["GET"]}}],"collection":[{"href":"https:\/\/www.europesays.com\/hu\/wp-json\/wp\/v2\/posts"}],"about":[{"href":"https:\/\/www.europesays.com\/hu\/wp-json\/wp\/v2\/types\/post"}],"author":[{"embeddable":true,"href":"https:\/\/www.europesays.com\/hu\/wp-json\/wp\/v2\/users\/2"}],"replies":[{"embeddable":true,"href":"https:\/\/www.europesays.com\/hu\/wp-json\/wp\/v2\/comments?post=230706"}],"version-history":[{"count":0,"href":"https:\/\/www.europesays.com\/hu\/wp-json\/wp\/v2\/posts\/230706\/revisions"}],"wp:featuredmedia":[{"embeddable":true,"href":"https:\/\/www.europesays.com\/hu\/wp-json\/wp\/v2\/media\/230707"}],"wp:attachment":[{"href":"https:\/\/www.europesays.com\/hu\/wp-json\/wp\/v2\/media?parent=230706"}],"wp:term":[{"taxonomy":"category","embeddable":true,"href":"https:\/\/www.europesays.com\/hu\/wp-json\/wp\/v2\/categories?post=230706"},{"taxonomy":"post_tag","embeddable":true,"href":"https:\/\/www.europesays.com\/hu\/wp-json\/wp\/v2\/tags?post=230706"}],"curies":[{"name":"wp","href":"https:\/\/api.w.org\/{rel}","templated":true}]}}