{"id":230720,"date":"2026-09-03T01:13:09","date_gmt":"2026-09-03T01:13:09","guid":{"rendered":"https:\/\/www.europesays.com\/hu\/230720\/"},"modified":"2026-09-03T01:13:09","modified_gmt":"2026-09-03T01:13:09","slug":"alfoldi-robert-elmondta-miert-hagyta-ott-a-legjobb-ajanlatot","status":"publish","type":"post","link":"https:\/\/www.europesays.com\/hu\/230720\/","title":{"rendered":"Alf\u00f6ldi R\u00f3bert elmondta, mi\u00e9rt hagyta ott A legjobb aj\u00e1nlatot"},"content":{"rendered":"<p>Alf\u00f6ldi R\u00f3bert\u00a0id\u00e9n tavasszal az RTL m\u0171t\u00e1rgyfelfedez\u0151 show-j\u00e1ban, A legjobb aj\u00e1nlatban t\u00e9rt vissza a <a target=\"_blank\" href=\"https:\/\/24.hu\/szorakozas\/2026\/03\/10\/rtl-uj-musor-a-legjobb-ajanlat-alfoldi-robert\/\" rel=\"nofollow noopener\">k\u00e9perny\u0151kre<\/a>, az <a target=\"_blank\" href=\"https:\/\/24.hu\/szorakozas\/2026\/03\/23\/a-legjobb-ajanlat-rtl-kritika\/\" rel=\"nofollow noopener\">els\u0151 \u00e9vad<\/a> ut\u00e1n azonban el is b\u00facs\u00fazott a m\u0171sort\u00f3l, a m\u00e1sodik \u00e9vadban m\u00e1r\u00a0<a target=\"_blank\" href=\"https:\/\/24.hu\/kultura\/2026\/08\/18\/polgar-arpad-alfoldi-robertet-rtl-a-legjobb-ajanlat\/\" rel=\"nofollow noopener\">Polg\u00e1r \u00c1rp\u00e1d m\u0171kincskeresked\u0151 \u00e9rkezett<\/a> a sz\u00edn\u00e9sz-rendez\u0151 hely\u00e9re.<\/p>\n<p>Alf\u00f6ldi most <a target=\"_blank\" href=\"https:\/\/www.facebook.com\/alfoldirobert\/posts\/pfbid0qQkHwtoxyYPWN6TeYTcdjUpzHhZeJGfBR3nf1J6sdNVecx45uog3QTHRuHTDMPvkl\" rel=\"nofollow noopener\">Facebook-k\u00f6zlem\u00e9nyben<\/a> fejtette ki, hogy mi\u00e9rt nem folytatja a szerepl\u00e9st az RTL m\u0171sor\u00e1ban: \u00fagy v\u00e9li, a csatorna m\u00e1s szakmai ir\u00e1nyba vitte a produkci\u00f3t, amelyben \u0151 nem k\u00edv\u00e1n r\u00e9szt venni.<\/p>\n<p>Facebook-oldal\u00e1n k\u00f6zz\u00e9tett k\u00f6zlem\u00e9ny\u00e9t v\u00e1ltoztat\u00e1s n\u00e9lk\u00fcl k\u00f6z\u00f6lj\u00fck:<\/p>\n<p>A Legjobb aj\u00e1nlat els\u0151 \u00e9vad\u00e1nak forgat\u00e1sa fontos emberi \u00e9s szakmai \u00e9lm\u00e9ny volt sz\u00e1momra. Nagyon sokat tanultam. \u00d6r\u00fcltem \u00e9s b\u00fcszke voltam, hogy r\u00e9szese lehettem. \u00c9n a felk\u00e9r\u00e9s elfogad\u00e1s\u00e1n\u00e1l nagyon konkr\u00e9t szakmai ir\u00e1nyra \u00e9s nagyon konkr\u00e9t szakmai csapatra mondtam igent. A csatorna \u00fagy d\u00f6nt\u00f6tt, hogy m\u00e1s ir\u00e1nyba viszi a m\u0171sort. Ez\u00e9rt \u00e9n a tov\u00e1bbi folytat\u00e1sban nem k\u00edv\u00e1ntam r\u00e9szt venni. Az \u00faj m\u0171sornak k\u00edv\u00e1nok nagyon sok sikert \u00e9s j\u00f3 munk\u00e1t.<\/p>\n<p>A Felfedez\u0151k csapat\u00e1ban egy\u00e9bk\u00e9nt Elani Koranit is lev\u00e1ltott\u00e1k, helyette Czegl\u00e9di Laura diz\u00e1jner-lakberendez\u0151 (A V\u00e1ros Kir\u00e1lyn\u0151i c\u00edm\u0171 m\u0171sor egykori szerepl\u0151je) \u00e9rkezik.\u00a0A Szak\u00e9rt\u0151k csapata is \u00faj taggal b\u0151v\u00fclt: P\u00e1ndi Bal\u00e1zs helyett Sipos T\u00fcnde csatlakozott a m\u0171sorhoz \u00d3szeres Frici t\u00e1rsak\u00e9nt.<\/p>\n<p>A m\u0171sorvezet\u0151 tov\u00e1bbra is\u00a0Sv\u00e1by Andr\u00e1s. A k\u00f6zlem\u00e9nyben az \u00e1ll, hogy m\u00edg Sv\u00e1by az \u00faj \u00e9vadban is felkutatja a figyelemre m\u00e9lt\u00f3 r\u00e9gis\u00e9geket \u00e9s azok tulajdonosait, a t\u00e1rgyak eredet\u00e9t, t\u00f6rt\u00e9net\u00e9t \u00e9s \u00e9rt\u00e9k\u00e9t a m\u0171sor szak\u00e9rt\u0151i vizsg\u00e1lj\u00e1k meg. Ezt k\u00f6vet\u0151en a Felfedez\u0151k a t\u00e1rgyra t\u00e9rnek: \u0151k maguk d\u00f6ntik el, mely darabok keltik fel annyira az \u00e9rdekl\u0151d\u00e9s\u00fcket, hogy aj\u00e1nlatot is tegyenek r\u00e1juk.<\/p>\n<p><a target=\"_blank\" href=\"https:\/\/24.hu\/szorakozas\/2026\/03\/23\/a-legjobb-ajanlat-rtl-kritika\/\" rel=\"nofollow noopener\">Kritik\u00e1nk<\/a>\u00a0A legjobb aj\u00e1nlatr\u00f3l:<\/p>\n","protected":false},"excerpt":{"rendered":"Alf\u00f6ldi R\u00f3bert\u00a0id\u00e9n tavasszal az RTL m\u0171t\u00e1rgyfelfedez\u0151 show-j\u00e1ban, A legjobb aj\u00e1nlatban t\u00e9rt vissza a k\u00e9perny\u0151kre, az els\u0151 \u00e9vad ut\u00e1n&hellip;\n","protected":false},"author":2,"featured_media":230721,"comment_status":"","ping_status":"","sticky":false,"template":"","format":"standard","meta":{"footnotes":"","_share_on_mastodon":"0"},"categories":[16],"tags":[6766,11466,137,612,44,42,40,43,41,1051,149,138],"class_list":["post-230720","post","type-post","status-publish","format-standard","has-post-thumbnail","category-szorakozas","tag-a-legjobb-ajanlat","tag-alfoldi-robert","tag-entertainment","tag-filmtv","tag-hu","tag-hungarian","tag-hungary","tag-magyar","tag-magyarorszag","tag-rtl","tag-sorozat","tag-szorakozas"],"share_on_mastodon":{"url":"https:\/\/pubeurope.com\/@hu\/117204458119364857","error":""},"_links":{"self":[{"href":"https:\/\/www.europesays.com\/hu\/wp-json\/wp\/v2\/posts\/230720","targetHints":{"allow":["GET"]}}],"collection":[{"href":"https:\/\/www.europesays.com\/hu\/wp-json\/wp\/v2\/posts"}],"about":[{"href":"https:\/\/www.europesays.com\/hu\/wp-json\/wp\/v2\/types\/post"}],"author":[{"embeddable":true,"href":"https:\/\/www.europesays.com\/hu\/wp-json\/wp\/v2\/users\/2"}],"replies":[{"embeddable":true,"href":"https:\/\/www.europesays.com\/hu\/wp-json\/wp\/v2\/comments?post=230720"}],"version-history":[{"count":0,"href":"https:\/\/www.europesays.com\/hu\/wp-json\/wp\/v2\/posts\/230720\/revisions"}],"wp:featuredmedia":[{"embeddable":true,"href":"https:\/\/www.europesays.com\/hu\/wp-json\/wp\/v2\/media\/230721"}],"wp:attachment":[{"href":"https:\/\/www.europesays.com\/hu\/wp-json\/wp\/v2\/media?parent=230720"}],"wp:term":[{"taxonomy":"category","embeddable":true,"href":"https:\/\/www.europesays.com\/hu\/wp-json\/wp\/v2\/categories?post=230720"},{"taxonomy":"post_tag","embeddable":true,"href":"https:\/\/www.europesays.com\/hu\/wp-json\/wp\/v2\/tags?post=230720"}],"curies":[{"name":"wp","href":"https:\/\/api.w.org\/{rel}","templated":true}]}}