{"id":230732,"date":"2026-09-03T01:28:14","date_gmt":"2026-09-03T01:28:14","guid":{"rendered":"https:\/\/www.europesays.com\/hu\/230732\/"},"modified":"2026-09-03T01:28:14","modified_gmt":"2026-09-03T01:28:14","slug":"index-futball-futball-1153","status":"publish","type":"post","link":"https:\/\/www.europesays.com\/hu\/230732\/","title":{"rendered":"Index &#8211; Futball &#8211; Futball"},"content":{"rendered":"<p>\u00dajabb balh\u00e9ba keveredett Ra\u00fal Asencio, a Real Madrid futballist\u00e1ja, akit\u00a0augusztus 19-\u00e9n a rend\u0151rs\u00e9g ittas vezet\u00e9sen kapott a Kan\u00e1ri-szigeteken. A 23 \u00e9ves v\u00e9d\u0151n\u00e9l a megengedett v\u00e9ralkoholszint (25 ezrel\u00e9k) helyett k\u00f6zel 4-szeres \u00e9rt\u00e9ket (90 ezrel\u00e9ket) m\u00e9rtek a hat\u00f3s\u00e1gok.<\/p>\n<p>A Gran Canaria-i Fels\u0151b\u00edr\u00f3s\u00e1g t\u00e1rgyal\u00e1s\u00e1n a j\u00e1t\u00e9kos beismer\u0151 vallom\u00e1st tett, \u00e9s v\u00e9g\u00fcl 14 400 eur\u00f3s p\u00e9nzb\u00edrs\u00e1gra \u00edt\u00e9ltek, valamint nyolc h\u00f3napra eltiltott\u00e1k a vezet\u00e9st\u0151l is\u00a0\u2013 \u00edrja az <a href=\"https:\/\/www.nytimes.com\/athletic\/7558490\/2026\/09\/02\/raul-asencio-real-madrid-driving-conviction\/\" id=\"hyperlink_22c1a15ebe38d674cf3164ec85a6ef22\" rel=\"nofollow noopener\" target=\"_blank\">Athletic<\/a>.<\/p>\n<p>                        B\u00f6rt\u00f6nb\u00fcntet\u00e9st is kaphatnak egy m\u00e1sik \u00fcgyben Asenci\u00f3\u00e9k<\/p>\n<p>A spanyol v\u00e9d\u0151nek egy m\u00e1sik\u00a0<a href=\"https:\/\/dex.hu\/x.php?id=index_sport_cikklink&amp;url=https%3A%2F%2Findex.hu%2Fsport%2Ffutball%2F2025%2F06%2F03%2Flabdarugas-spanyol-bajnoksag-real-madrid-raul-asencio-szexualis-buncselekmeny-bortonbuntetes-ugyeszseg%2F\" id=\"hyperlink_6dd444baddda9dac1eab8e74d2c5e817\" target=\"_blank\" title=\"N\u00e9gy \u00e9v b\u00f6rt\u00f6nt k\u00e9r az \u00fcgy\u00e9sz a Real Madrid szt\u00e1rj\u00e1ra\" rel=\"nofollow noopener\">\u00fcgye<\/a>\u00a0m\u00e1r 2023 \u00f3ta h\u00faz\u00f3dik, amelyben a 23 esztend\u0151s j\u00e1t\u00e9kost \u00e9s 3 Real Madrid-akad\u00e9mista csapatt\u00e1rs\u00e1t, Ferr\u00e1n Ruizt, Juan Rodr\u00edguezt \u00e9s Andr\u00e9s Garc\u00ed\u00e1t szexu\u00e1lis tartalm\u00fa vide\u00f3k k\u00e9sz\u00edt\u00e9s\u00e9vel \u00e9s terjeszt\u00e9s\u00e9vel v\u00e1doltak meg, amelyeken k\u00e9t fiatal, k\u00f6zt\u00fck egy kiskor\u00fa is szerepelt.<\/p>\n<p>\n                          A Real Madrid-nevel\u00e9sre \u00e9s t\u00e1rsaira az \u00fcggyel foglalkoz\u00f3 kan\u00e1ri-szigeteki b\u00edr\u00f3s\u00e1g 15 ezer, illetve 20 ezer eur\u00f3s \u00f3vad\u00e9kot szabott ki. A <a href=\"https:\/\/www.marca.com\/futbol\/real-madrid\/2025\/09\/18\/juez-abre-juicio-asencio-otros-tres-exjugadores-difundir-videos-sexuales.html\" id=\"hyperlink_378e2451c3e971fdf4a227a5ef69ab23\" rel=\"nofollow noopener\" target=\"_blank\">Marca<\/a> szerint csup\u00e1n az\u00e9rt \u00faszta meg olcs\u00f3bban Asencio, mivel t\u00e1rsaival ellent\u00e9tben \u0151 nem szerepelt a vide\u00f3kon, csak terjesztette azokat.\n                        <\/p>\n<p>\n                          Az id\u0151sebbik s\u00e9rtett k\u00e9s\u0151bb ugyan hivatalosan is megbocs\u00e1tott a spanyol futballist\u00e1nak, mivel azonban a m\u00e1sik f\u00e9l nem vonta vissza v\u00e1dj\u00e1t, \u00edgy a b\u00edr\u00f3s\u00e1g elj\u00e1r\u00e1st kezdem\u00e9nyezett az \u00fcgyben.\u00a0\n                        <\/p>\n<p>Asenci\u00f3\u00e9knak ebben a h\u00f3napban kell megjelennie a b\u00edr\u00f3s\u00e1gon. Ha\u00a0el\u00edt\u00e9lik a j\u00e1t\u00e9kosokat, egyt\u0151l \u00f6t \u00e9vig t\u00f6rt\u00e9n\u0151 b\u00f6rt\u00f6nb\u00fcntet\u00e9st is kaphatnak.<\/p>\n<p>(Bor\u00edt\u00f3k\u00e9p: Ra\u00fal Asencio a Real Madrid Real Sociedad elleni bajnoki m\u00e9rk\u0151z\u00e9se el\u0151tt 2026. augusztus 26-\u00e1n. Europa Press Sports \/ Getty Images)<\/p>\n<p><a href=\"https:\/\/dex.hu\/x.php?id=googlepref_desktop&amp;url=https:\/\/google.com\/preferences\/source?q=https:\/\/index.hu\" class=\"google-pref-banner \" id=\"googlePrefBanner\" rel=\"nofollow noopener\" target=\"_blank\"><\/p>\n<p>    Itt \u00e1ll\u00edtsa be, hogy az Index az els\u0151k k\u00f6z\u00f6tt legyen a Google-tal\u00e1latokban!<\/p>\n<p><\/a><\/p>\n<p>    <img decoding=\"async\" src=\"https:\/\/index.hu\/assets\/images\/social-follow\/logo-big.svg\" alt=\"Index.hu logo\"\/><\/p>\n<p>K\u00f6vesse az Indexet Facebookon is!<\/p>\n<p>    <a href=\"https:\/\/facebook.com\/Indexhu\" target=\"_blank\" rel=\"nofollow noopener\"><\/p>\n<p>        K\u00f6vetem!<br \/>\n    <\/a><\/p>\n","protected":false},"excerpt":{"rendered":"\u00dajabb balh\u00e9ba keveredett Ra\u00fal Asencio, a Real Madrid futballist\u00e1ja, akit\u00a0augusztus 19-\u00e9n a rend\u0151rs\u00e9g ittas vezet\u00e9sen kapott a Kan\u00e1ri-szigeteken.&hellip;\n","protected":false},"author":2,"featured_media":230733,"comment_status":"","ping_status":"","sticky":false,"template":"","format":"standard","meta":{"footnotes":"","_share_on_mastodon":"0"},"categories":[14],"tags":[898,553,44,42,40,6436,502,43,41,5785,2310,45,131],"class_list":["post-230732","post","type-post","status-publish","format-standard","has-post-thumbnail","category-sport","tag-birosag","tag-futball","tag-hu","tag-hungarian","tag-hungary","tag-ittas-vezetes","tag-labdarugas","tag-magyar","tag-magyarorszag","tag-raul-asencio","tag-real-madrid","tag-sport","tag-sports"],"share_on_mastodon":{"url":"https:\/\/pubeurope.com\/@hu\/117204517392611273","error":""},"_links":{"self":[{"href":"https:\/\/www.europesays.com\/hu\/wp-json\/wp\/v2\/posts\/230732","targetHints":{"allow":["GET"]}}],"collection":[{"href":"https:\/\/www.europesays.com\/hu\/wp-json\/wp\/v2\/posts"}],"about":[{"href":"https:\/\/www.europesays.com\/hu\/wp-json\/wp\/v2\/types\/post"}],"author":[{"embeddable":true,"href":"https:\/\/www.europesays.com\/hu\/wp-json\/wp\/v2\/users\/2"}],"replies":[{"embeddable":true,"href":"https:\/\/www.europesays.com\/hu\/wp-json\/wp\/v2\/comments?post=230732"}],"version-history":[{"count":0,"href":"https:\/\/www.europesays.com\/hu\/wp-json\/wp\/v2\/posts\/230732\/revisions"}],"wp:featuredmedia":[{"embeddable":true,"href":"https:\/\/www.europesays.com\/hu\/wp-json\/wp\/v2\/media\/230733"}],"wp:attachment":[{"href":"https:\/\/www.europesays.com\/hu\/wp-json\/wp\/v2\/media?parent=230732"}],"wp:term":[{"taxonomy":"category","embeddable":true,"href":"https:\/\/www.europesays.com\/hu\/wp-json\/wp\/v2\/categories?post=230732"},{"taxonomy":"post_tag","embeddable":true,"href":"https:\/\/www.europesays.com\/hu\/wp-json\/wp\/v2\/tags?post=230732"}],"curies":[{"name":"wp","href":"https:\/\/api.w.org\/{rel}","templated":true}]}}