{"id":230742,"date":"2026-09-03T01:42:11","date_gmt":"2026-09-03T01:42:11","guid":{"rendered":"https:\/\/www.europesays.com\/hu\/230742\/"},"modified":"2026-09-03T01:42:11","modified_gmt":"2026-09-03T01:42:11","slug":"a-celtic-nem-toth-balazzsal-oldotta-meg-a-kapuskerdest-kiderult-meddig-nem-jatszhat-a-magyar-valogatott-jatekos","status":"publish","type":"post","link":"https:\/\/www.europesays.com\/hu\/230742\/","title":{"rendered":"A Celtic nem T\u00f3th Bal\u00e1zzsal oldotta meg a kapusk\u00e9rd\u00e9st &#8211; kider\u00fclt, meddig nem j\u00e1tszhat a magyar v\u00e1logatott j\u00e1t\u00e9kos"},"content":{"rendered":"<p>                    <a href=\"https:\/\/news.google.com\/publications\/CAAqJQgKIh9DQklTRVFnTWFnMEtDMk56WVd0bWIyTnBMbWgxS0FBUAE\" target=\"_blank\" class=\"google-news\" rel=\"nofollow noopener\">A legfrissebb h\u00edrek\u00e9rt k\u00f6vess minket a Csakfoci Google News oldal\u00e1n is!<\/a><\/p>\n<p class=\"whitespace-pre-wrap\">Sam Johnstone szem\u00e9ly\u00e9ben n\u00e9gyszeres angol v\u00e1logatottal er\u0151s\u00edtett a sk\u00f3t \u00e9lvonalban szerepl\u0151 Celtic Glasgow labdar\u00fag\u00f3csapata.<\/p>\n<p>A klub szerdai besz\u00e1mol\u00f3ja szerint a 33 \u00e9ves h\u00e1l\u00f3\u0151r az angol Wolverhampton Wandererst\u0151l a szezon v\u00e9g\u00e9ig k\u00f6lcs\u00f6nbe \u00e9rkezett a klubhoz, amely kor\u00e1bbi sajt\u00f3\u00e9rtes\u00fcl\u00e9sek szerint T\u00f3th Bal\u00e1zst, a Blackburn Rovers magyar futballist\u00e1j\u00e1t n\u00e9zte ki a posztra. A Celtic az Eur\u00f3pa-liga alapszakasz\u00e1nak els\u0151 fordul\u00f3j\u00e1ban a magyar kupagy\u0151ztes Ferencv\u00e1rost fogadja szeptember 17-\u00e9n. (MTI)<\/p>\n<p data-start=\"57\" data-end=\"195\">Id\u0151k\u00f6zben a magyar v\u00e1logatott h\u00e1l\u00f3\u0151re meg is s\u00e9r\u00fclt \u00e9s <a href=\"https:\/\/www.csakfoci.hu\/magyar-foci\/fordulat-toth-balazs-ugyeben-a-celtic-masik-kapust-szerzodtethet\" target=\"_blank\" rel=\"noopener nofollow\">kedden<\/a> m\u00e1r keretben sem volt. A hayters.com <a href=\"https:\/\/hayters.com\/mowbray-provides-latest-updates-on-blackburn-rovers-injury-crisis\/\" target=\"_blank\" rel=\"noopener nofollow\">besz\u00e1mol\u00f3ja<\/a> szerint combprobl\u00e9m\u00e1kkal k\u00fczd a 28 esztend\u0151s kapus.<\/p>\n<p data-start=\"200\" data-end=\"249\">&#8211; Azt hiszem, megfesz\u00fcltek az izmai \u2013 magyar\u00e1zta Mowbray, a Blackburn vezet\u0151edz\u0151je, aki nem gondoln\u00e1, hogy hetekig harck\u00e9ptelen lesz.<\/p>\n<p data-start=\"254\" data-end=\"498\">&#8211; Elj\u00f6tt hozz\u00e1m, \u00e9s biztos\u00edtott r\u00f3la, hogy ennek semmi k\u00f6ze nem volt az \u00e1tigazol\u00e1si hat\u00e1rid\u0151 napj\u00e1hoz. \u00c9rezte a combj\u00e1t, nem akart \u00fagy labd\u00e1ba r\u00fagni, hogy teljesen elszak\u00edtsa, \u00e9s h\u00f3napokra kid\u0151lj\u00f6n, \u00fagyhogy szerintem nagyon \u00e9rett d\u00f6nt\u00e9st hozott. Pearsy nyilv\u00e1n be\u00e1llt, \u00e9s kiv\u00e1l\u00f3an teljes\u00edtett, ahogy azt kor\u00e1bban is tette. Azt mondan\u00e1m, hogy r\u00f6vid t\u00e1von val\u00f3sz\u00edn\u0171leg Aynsley mellett maradunk, megl\u00e1tjuk, hogyan alakul, \u00e9s azt is, hogy T\u00f3th hogy lesz &#8211; mondta Mowbray a T\u00f3th Bal\u00e1zs helyett v\u00e9d\u0151 Aynsley Pearsr\u0151l.<\/p>\n<p style=\"text-align: center;\" data-start=\"1016\" data-end=\"1222\">\n<p><a href=\"https:\/\/www.csakfoci.hu\/kulfoldi-foci\/testverem-szoboszlaival-kozos-kepet-posztolt-a-manchester-city-sztarja-foto\" class=\"embed-article\" rel=\"nofollow noopener\" target=\"_blank\"><\/p>\n<p>Olvastad m\u00e1r?<\/p>\n<p>            <img loading=\"lazy\" decoding=\"async\" class=\"lazy-img\" src=\"https:\/\/www.europesays.com\/hu\/wp-content\/uploads\/2026\/09\/szoboszlai_haaland-768x435.jpg\" width=\"768\" height=\"435\" alt=\"\"\/><\/p>\n<p>\u201eTestv\u00e9rem\u201d \u2013 Szoboszlaival k\u00f6z\u00f6s k\u00e9pet posztolt a Manchester City szt\u00e1rja &#8211; fot\u00f3<\/p>\n<p>\u00dajabb k\u00f6z\u00f6s pillanatot osztott meg a nyilv\u00e1noss\u00e1ggal Erling Haaland \u00e9s Szoboszlai Dominik, akik m\u00e9g az RB Salzburgban lettek j\u00f3 bar\u00e1tok.<\/p>\n<p>Elolvasom<\/p>\n<p><\/a><\/p>\n","protected":false},"excerpt":{"rendered":"A legfrissebb h\u00edrek\u00e9rt k\u00f6vess minket a Csakfoci Google News oldal\u00e1n is! Sam Johnstone szem\u00e9ly\u00e9ben n\u00e9gyszeres angol v\u00e1logatottal er\u0151s\u00edtett&hellip;\n","protected":false},"author":2,"featured_media":230743,"comment_status":"","ping_status":"","sticky":false,"template":"","format":"standard","meta":{"footnotes":"","_share_on_mastodon":"0"},"categories":[14],"tags":[1069,1680,7284,44,42,40,3209,43,41,45,131,1679],"class_list":["post-230742","post","type-post","status-publish","format-standard","has-post-thumbnail","category-sport","tag-atigazolasok","tag-blackburn-rovers","tag-celtic","tag-hu","tag-hungarian","tag-hungary","tag-legiosok","tag-magyar","tag-magyarorszag","tag-sport","tag-sports","tag-toth-balazs"],"share_on_mastodon":{"url":"https:\/\/pubeurope.com\/@hu\/117204572132502823","error":""},"_links":{"self":[{"href":"https:\/\/www.europesays.com\/hu\/wp-json\/wp\/v2\/posts\/230742","targetHints":{"allow":["GET"]}}],"collection":[{"href":"https:\/\/www.europesays.com\/hu\/wp-json\/wp\/v2\/posts"}],"about":[{"href":"https:\/\/www.europesays.com\/hu\/wp-json\/wp\/v2\/types\/post"}],"author":[{"embeddable":true,"href":"https:\/\/www.europesays.com\/hu\/wp-json\/wp\/v2\/users\/2"}],"replies":[{"embeddable":true,"href":"https:\/\/www.europesays.com\/hu\/wp-json\/wp\/v2\/comments?post=230742"}],"version-history":[{"count":0,"href":"https:\/\/www.europesays.com\/hu\/wp-json\/wp\/v2\/posts\/230742\/revisions"}],"wp:featuredmedia":[{"embeddable":true,"href":"https:\/\/www.europesays.com\/hu\/wp-json\/wp\/v2\/media\/230743"}],"wp:attachment":[{"href":"https:\/\/www.europesays.com\/hu\/wp-json\/wp\/v2\/media?parent=230742"}],"wp:term":[{"taxonomy":"category","embeddable":true,"href":"https:\/\/www.europesays.com\/hu\/wp-json\/wp\/v2\/categories?post=230742"},{"taxonomy":"post_tag","embeddable":true,"href":"https:\/\/www.europesays.com\/hu\/wp-json\/wp\/v2\/tags?post=230742"}],"curies":[{"name":"wp","href":"https:\/\/api.w.org\/{rel}","templated":true}]}}