{"id":230748,"date":"2026-09-03T01:47:11","date_gmt":"2026-09-03T01:47:11","guid":{"rendered":"https:\/\/www.europesays.com\/hu\/230748\/"},"modified":"2026-09-03T01:47:11","modified_gmt":"2026-09-03T01:47:11","slug":"itthon-diplomaciai-nagyuzem-magyar-peter-az-europai-tanacs-elnokevel-targyalt-budapesten","status":"publish","type":"post","link":"https:\/\/www.europesays.com\/hu\/230748\/","title":{"rendered":"Itthon: \u201eDiplom\u00e1ciai nagy\u00fczem\u201d \u2013 Magyar P\u00e9ter az Eur\u00f3pai Tan\u00e1cs eln\u00f6k\u00e9vel t\u00e1rgyalt Budapesten"},"content":{"rendered":"<p>\u201eDiplom\u00e1ciai nagy\u00fczem\u201d \u2013 \u00edrta Magyar P\u00e9ter minsztereln\u00f6k egy szerda esti <a href=\"https:\/\/www.facebook.com\/peter.magyar.102\/posts\/pfbid0Lq3kfJcCmhm6XCyVpbKYM1u467ikoQJd6Eoe4WMAMEUWZeMQ2xfsB8UhGmpriYdFl\" target=\"_blank\" rel=\"nofollow noopener\">bejegyz\u00e9s\u00e9ben<\/a>, amelyben arr\u00f3l sz\u00e1molt be, hogy hivatal\u00e1ban fogadta Ant\u00f3nio Cost\u00e1t, az Eur\u00f3pai Tan\u00e1cs eln\u00f6k\u00e9t.<\/p>\n<p>A korm\u00e1nyf\u0151 azt \u00edrta: a tal\u00e1lkoz\u00f3n vil\u00e1goss\u00e1 tette, hogy az Eur\u00f3pai Uni\u00f3 \u00faj h\u00e9t\u00e9ves k\u00f6lts\u00e9gvet\u00e9s\u00e9t Magyarorsz\u00e1g csak abban az esetben tudja elfogadni, ha az megfelel a magyar emberek \u00e9s v\u00e1llalatok \u00e9rdek\u00e9nek.<\/p>\n<p>\u201eElmondtam tov\u00e1bb\u00e1, hogy miel\u0151bbi megold\u00e1st v\u00e1runk el az el\u0151z\u0151 magyar korm\u00e1ny alatt kiszabott napi egymilli\u00f3 eur\u00f3s b\u00fcntet\u00e9s felf\u00fcggeszt\u00e9se \u00fcgy\u00e9ben\u201d \u2013 fogalmazott, utalva arra a b\u00fcntet\u00e9sre, amelyet <a href=\"https:\/\/hvg.hu\/eurologus\/20240613_napi-hatmillio-forint-helyett-kozel-400-milliora-bunteti-magyarorszagot-az-europai-birosag\" target=\"_self\" rel=\"nofollow noopener\">2024-ben az\u00e9rt szabott ki az Eur\u00f3pai B\u00edr\u00f3s\u00e1g<\/a>, mert Magyarorsz\u00e1g nem tartott be egy menek\u00fclt\u00fcgyben hozott b\u00edr\u00f3s\u00e1gi \u00edt\u00e9letet.<\/p>\n<p>Magyar hozz\u00e1tette: a t\u00e1rgyal\u00e1s sor\u00e1n hangs\u00falyozta, hogy Magyarorsz\u00e1g tov\u00e1bbra is fenntartja az illeg\u00e1lis migr\u00e1ci\u00f3 feltart\u00f3ztat\u00e1s\u00e1hoz sz\u00fcks\u00e9ges jogszab\u00e1lyi k\u00f6rnyezetet \u00e9s fizikai hat\u00e1rz\u00e1rat, \u00e9s hogy egyik uni\u00f3s tagjel\u00f6lt orsz\u00e1g eset\u00e9ben sem t\u00e1mogatja a gyors\u00edtott csatlakoz\u00e1si elj\u00e1r\u00e1st.<\/p>\n<p>\u201eMagyarorsz\u00e1g tov\u00e1bbra is megv\u00e9di az Eur\u00f3pai Uni\u00f3 k\u00f6z\u00f6s hat\u00e1rait. \u00c9s elv\u00e1rjuk, hogy ezt az er\u0151fesz\u00edt\u00e9s\u00fcnket eur\u00f3pai szinten is elismerj\u00e9k\u201d \u2013 z\u00e1rta posztj\u00e1t Magyar P\u00e9ter.<\/p>\n<p> <a href=\"https:\/\/hvg.hu\/eurologus\/20260902_unios-bovites-ukrajna-veto\" target=\"_self\" rel=\"nofollow noopener\"> <\/p>\n<p>https:\/\/hvg.hu\/eurologus\/20260902_unios-bovites-ukrajna-veto<\/p>\n<p>Nyit\u00f3k\u00e9p forr\u00e1sa: Magyar P\u00e9ter \/ Facebook<\/p>\n","protected":false},"excerpt":{"rendered":"\u201eDiplom\u00e1ciai nagy\u00fczem\u201d \u2013 \u00edrta Magyar P\u00e9ter minsztereln\u00f6k egy szerda esti bejegyz\u00e9s\u00e9ben, amelyben arr\u00f3l sz\u00e1molt be, hogy hivatal\u00e1ban fogadta&hellip;\n","protected":false},"author":2,"featured_media":230749,"comment_status":"","ping_status":"","sticky":false,"template":"","format":"standard","meta":{"footnotes":"","_share_on_mastodon":"0"},"categories":[6],"tags":[4466,5578,429,44,42,40,43,944,41],"class_list":["post-230748","post","type-post","status-publish","format-standard","has-post-thumbnail","category-magyarorszag","tag-antonio-costa","tag-europai-tanacs","tag-europai-unio","tag-hu","tag-hungarian","tag-hungary","tag-magyar","tag-magyar-peter","tag-magyarorszag"],"share_on_mastodon":{"url":"https:\/\/pubeurope.com\/@hu\/117204591956405929","error":""},"_links":{"self":[{"href":"https:\/\/www.europesays.com\/hu\/wp-json\/wp\/v2\/posts\/230748","targetHints":{"allow":["GET"]}}],"collection":[{"href":"https:\/\/www.europesays.com\/hu\/wp-json\/wp\/v2\/posts"}],"about":[{"href":"https:\/\/www.europesays.com\/hu\/wp-json\/wp\/v2\/types\/post"}],"author":[{"embeddable":true,"href":"https:\/\/www.europesays.com\/hu\/wp-json\/wp\/v2\/users\/2"}],"replies":[{"embeddable":true,"href":"https:\/\/www.europesays.com\/hu\/wp-json\/wp\/v2\/comments?post=230748"}],"version-history":[{"count":0,"href":"https:\/\/www.europesays.com\/hu\/wp-json\/wp\/v2\/posts\/230748\/revisions"}],"wp:featuredmedia":[{"embeddable":true,"href":"https:\/\/www.europesays.com\/hu\/wp-json\/wp\/v2\/media\/230749"}],"wp:attachment":[{"href":"https:\/\/www.europesays.com\/hu\/wp-json\/wp\/v2\/media?parent=230748"}],"wp:term":[{"taxonomy":"category","embeddable":true,"href":"https:\/\/www.europesays.com\/hu\/wp-json\/wp\/v2\/categories?post=230748"},{"taxonomy":"post_tag","embeddable":true,"href":"https:\/\/www.europesays.com\/hu\/wp-json\/wp\/v2\/tags?post=230748"}],"curies":[{"name":"wp","href":"https:\/\/api.w.org\/{rel}","templated":true}]}}