{"id":230755,"date":"2026-09-03T01:56:16","date_gmt":"2026-09-03T01:56:16","guid":{"rendered":"https:\/\/www.europesays.com\/hu\/230755\/"},"modified":"2026-09-03T01:56:16","modified_gmt":"2026-09-03T01:56:16","slug":"merfoldkonek-szamito-szolgaltatast-inditott-el-itthon-a-prime-video-mas-streamingadokat-is-elerhetove-tesz-a-kinalataban-mondjuk-hogy-ez-miert-jo","status":"publish","type":"post","link":"https:\/\/www.europesays.com\/hu\/230755\/","title":{"rendered":"M\u00e9rf\u00f6ldk\u0151nek sz\u00e1m\u00edt\u00f3 szolg\u00e1ltat\u00e1st ind\u00edtott el itthon a Prime Video: M\u00e1s streamingad\u00f3kat is el\u00e9rhet\u0151v\u00e9 tesz a k\u00edn\u00e1lat\u00e1ban &#8211; mondjuk, hogy ez mi\u00e9rt j\u00f3!"},"content":{"rendered":"<p>Egy helyen gy\u0171lhetnek \u00f6ssze a streamingplatformok egy jelent\u0151s r\u00e9sze.<\/p>\n<p>Fontos \u00e9s itthon kv\u00e1zi egyed\u00fcl\u00e1ll\u00f3 feature v\u00e1lt el\u00e9rhet\u0151v\u00e9 az Amazon Prime Video fel\u00fclet\u00e9n: elindult a Prime Video Channels szolg\u00e1ltat\u00e1s, amely t\u00f6bb, riv\u00e1lisnak mondhat\u00f3 streamingszolg\u00e1ltat\u00e1st tesz el\u00e9rhet\u0151v\u00e9 a Prime Video fel\u00fclet\u00e9n, amely innent\u0151l kezdve egyfajta hubk\u00e9nt m\u0171k\u00f6dik tov\u00e1bb.<\/p>\n<p>        <img decoding=\"async\" src=\"https:\/\/www.europesays.com\/hu\/wp-content\/uploads\/2026\/09\/amazon_prime_video_apple_tv_105853_1_original_760x760.jpg\" alt=\"\"\/><\/p>\n<p>Megkaphatjuk \u00edgy t\u00f6bbek k\u00f6z\u00f6tt a SkyShowtime, az Apple TV \u00e9s a m\u0171v\u00e9szfilmes Mubi k\u00edn\u00e1lat\u00e1t, de el\u0151fizethet\u00fcnk az anim\u00e9kre f\u00f3kusz\u00e1l\u00f3 Crunchyrollra, a limon\u00e1d\u00e9-tartalmakat k\u00edn\u00e1l\u00f3 Hayura, a Lionsgate+-ra \u00e9s az MGM+-ra, amik a k\u00e9t st\u00fadi\u00f3hoz tartalmaz\u00f3 programokat \u00f6sszes\u00edtik, s\u0151t megszerezhetj\u00fck az NBA League Passt, amivel a legrangosabb kos\u00e1rbajnoks\u00e1g meccseit \u00e9rhetj\u00fck el. Ezekhez a platformokhoz k\u00fcl\u00f6n-k\u00fcl\u00f6n el\u0151fizet\u00e9si d\u00edjak \u00e9s csomagok j\u00e1rnak, melyek \u00f6sszege megegyezik azokkal, melyeket k\u00f6zvetlen\u00fcl a szolg\u00e1ltat\u00f3nak kellene fizetn\u00fcnk (ezekr\u0151l term\u00e9szetes r\u00e9szletes inf\u00f3t tal\u00e1lunk a Prime Vide\u00f3n is).<\/p>\n<p>De akkor mi\u00e9rt j\u00f3 ez az eg\u00e9sz, mer\u00fclhet fel a k\u00e9rd\u00e9s.<\/p>\n<p>A Prime Video Channel el\u0151nyei:<\/p>\n<p>egyetlen, letesztelt \u00e9s bev\u00e1lt fel\u00fcleten \u00f6sszpontosul t\u00f6bb streamingplatform: nem kell t\u00f6bb applik\u00e1ci\u00f3t let\u00f6lteni, ezek k\u00f6z\u00f6tt ugr\u00e1ndozni, b\u00e1rmelyik szolg\u00e1ltat\u00f3 tartalm\u00e1r\u00f3l van sz\u00f3, azt a Prime Video saj\u00e1t nat\u00edv lej\u00e1tsz\u00f3ja ind\u00edtja el;<br \/>\negyetlen sz\u00e1ml\u00e1n jelenik meg valamennyi el\u0151fizet\u00e9s: nem sz\u00fcks\u00e9ges az \u00f6sszes szolg\u00e1ltat\u00f3n\u00e1l k\u00fcl\u00f6n int\u00e9zni a az anyagiakat, egye el\u0151fizet\u00e9ssel lefedhetj\u00fck valamennyi szolg\u00e1ltat\u00e1st, amire ig\u00e9nyt tartunk, nem kell mindenhol bankk\u00e1rty\u00e1t regisztr\u00e1lni, jelsz\u00f3val zsongl\u0151rk\u00f6dni stb.<br \/>\na tartalmak be\u00e9p\u00fclnek az Amazon keres\u0151j\u00e9be \u00e9s aj\u00e1nl\u00f3j\u00e1ba, egyetlen hub r\u00e9szek\u00e9nt k\u00f6nnyebb megtal\u00e1lni a minket \u00e9rdekl\u0151 sorozatokat, filmeket;<br \/>\na tartalmakat t\u00f6bb k\u00fcl\u00f6nb\u00f6z\u0151 eszk\u00f6z\u00f6n is streamelhetj\u00fck, ezek minden, a Prime Vide\u00f3hoz tartoz\u00f3 fi\u00f3kban el\u00e9rhet\u0151v\u00e9 v\u00e1lnak;<br \/>\na kevesebb applik\u00e1ci\u00f3 tehermentes\u00edtheti a k\u00e9sz\u00fcl\u00e9keinket: nem utols\u00f3sorban kevesebb t\u00e1rhelyre van sz\u00fcks\u00e9g;<br \/>\naz Amazon X-Ray funkci\u00f3ja (szerepl\u0151k, h\u00e1tt\u00e9rinf\u00f3k megjelen\u00edt\u00e9se) a harmadik f\u00e9lt\u0151l sz\u00e1rmaz\u00f3 tartalmakn\u00e1l is el\u00e9rhet\u0151k lesznek.<\/p>\n<p>\u00d6sszess\u00e9g\u00e9ben elmondhat\u00f3, hogy egy el\u00e9g j\u00f3 aggreg\u00e1tor-funkci\u00f3r\u00f3l van sz\u00f3, viszont azt az\u00e9rt jobb nem elfelejteni, hogy ennek haszn\u00e1lat\u00e1hoz akt\u00edv Prime Video-el\u0151fizet\u00e9sre van sz\u00fcks\u00e9g (ami jelenleg kevesebb mint 2000 forintba ker\u00fcl havonta), tov\u00e1bb\u00e1 a harmadik f\u00e9l egy\u00e9ni akci\u00f3i (p\u00e9ld\u00e1ul a SkyShowtime \u00f6r\u00f6k \u00e9letre sz\u00f3l\u00f3 kedvezm\u00e9nye) nem hozhat\u00f3k \u00e1t erre a fel\u00fcletre.\u00a0<\/p>\n<p>Forr\u00e1s: <a href=\"https:\/\/www.musoron.hu\/2026\/09\/01\/amazon-prime-video-add-on-elofizetesek-magyarorszagon\/\" target=\"_blank\" rel=\"noopener nofollow\">M\u0171soron<\/a>\u00a0<\/p>\n","protected":false},"excerpt":{"rendered":"Egy helyen gy\u0171lhetnek \u00f6ssze a streamingplatformok egy jelent\u0151s r\u00e9sze. Fontos \u00e9s itthon kv\u00e1zi egyed\u00fcl\u00e1ll\u00f3 feature v\u00e1lt el\u00e9rhet\u0151v\u00e9 az&hellip;\n","protected":false},"author":2,"featured_media":230756,"comment_status":"","ping_status":"","sticky":false,"template":"","format":"standard","meta":{"footnotes":"","_share_on_mastodon":"0"},"categories":[14],"tags":[2805,44,42,40,43,41,61015,5428,3749,45,131,878,1237],"class_list":["post-230755","post","type-post","status-publish","format-standard","has-post-thumbnail","category-sport","tag-apple-tv","tag-hu","tag-hungarian","tag-hungary","tag-magyar","tag-magyarorszag","tag-mubi","tag-prime-video","tag-skyshowtime","tag-sport","tag-sports","tag-stream","tag-streaming"],"share_on_mastodon":{"url":"https:\/\/pubeurope.com\/@hu\/117204627431843676","error":""},"_links":{"self":[{"href":"https:\/\/www.europesays.com\/hu\/wp-json\/wp\/v2\/posts\/230755","targetHints":{"allow":["GET"]}}],"collection":[{"href":"https:\/\/www.europesays.com\/hu\/wp-json\/wp\/v2\/posts"}],"about":[{"href":"https:\/\/www.europesays.com\/hu\/wp-json\/wp\/v2\/types\/post"}],"author":[{"embeddable":true,"href":"https:\/\/www.europesays.com\/hu\/wp-json\/wp\/v2\/users\/2"}],"replies":[{"embeddable":true,"href":"https:\/\/www.europesays.com\/hu\/wp-json\/wp\/v2\/comments?post=230755"}],"version-history":[{"count":0,"href":"https:\/\/www.europesays.com\/hu\/wp-json\/wp\/v2\/posts\/230755\/revisions"}],"wp:featuredmedia":[{"embeddable":true,"href":"https:\/\/www.europesays.com\/hu\/wp-json\/wp\/v2\/media\/230756"}],"wp:attachment":[{"href":"https:\/\/www.europesays.com\/hu\/wp-json\/wp\/v2\/media?parent=230755"}],"wp:term":[{"taxonomy":"category","embeddable":true,"href":"https:\/\/www.europesays.com\/hu\/wp-json\/wp\/v2\/categories?post=230755"},{"taxonomy":"post_tag","embeddable":true,"href":"https:\/\/www.europesays.com\/hu\/wp-json\/wp\/v2\/tags?post=230755"}],"curies":[{"name":"wp","href":"https:\/\/api.w.org\/{rel}","templated":true}]}}