{"id":230761,"date":"2026-09-03T02:03:12","date_gmt":"2026-09-03T02:03:12","guid":{"rendered":"https:\/\/www.europesays.com\/hu\/230761\/"},"modified":"2026-09-03T02:03:12","modified_gmt":"2026-09-03T02:03:12","slug":"szarnyal-a-forint-igy-all-most-a-magyar-fizetoeszkoz-a-dollarral-az-euroval-es-a-svajci-frankkal-szemben","status":"publish","type":"post","link":"https:\/\/www.europesays.com\/hu\/230761\/","title":{"rendered":"Sz\u00e1rnyal a forint: \u00edgy \u00e1ll most a magyar fizet\u0151eszk\u00f6z a doll\u00e1rral, az eur\u00f3val \u00e9s a sv\u00e1jci frankkal szemben"},"content":{"rendered":"<p>2026. szeptember 2. 18:06<\/p>\n<p>Er\u0151s\u00f6d\u00f6tt kiss\u00e9 a forint szerd\u00e1n a f\u0151bb deviz\u00e1kkal szemben a reggeli jegyz\u00e9s\u00e9hez k\u00e9pest a <a href=\"https:\/\/www.penzcentrum.hu\/arfolyam\" target=\"_blank\" rel=\"noopener nofollow\">bankk\u00f6zi piacon<\/a>.<\/p>\n<p>D\u00e9lut\u00e1n hat \u00f3r\u00e1ra az eur\u00f3 jegyz\u00e9se 368,11 forintra cs\u00f6kkent a reggeli 368,90 forintr\u00f3l, a doll\u00e1r\u00e9 317,60 forintra m\u00e9rs\u00e9kl\u0151d\u00f6tt 318,59-r\u0151l, a sv\u00e1jci frank\u00e9 pedig 390,63 forintra 392,00-r\u0151l.<\/p>\n<p>\t\t\t\t<a href=\"https:\/\/www.penzcentrum.hu\/frisshirek\" rel=\"nofollow noopener\" target=\"_blank\">A legfrissebb h\u00edrek, id\u0151rendben ITT!<\/a><\/p>\n<p>\t\t\t\t<a href=\"https:\/\/news.google.com\/publications\/CAAiECtCpL84n14N1lGAd73KUFMqFAgKIhArQqS_OJ9eDdZRgHe9ylBT?hl=hu&amp;gl=HU&amp;ceid=HU%3Ahu\" rel=\"nofollow noopener\" target=\"_blank\">K\u00f6vess minket a Google H\u00edrek-ben is!<\/a><\/p>\n<p>\t\t\t&#13;<\/p>\n<p>Szerda d\u00e9lut\u00e1ni jegyz\u00e9s\u00e9n a h\u00e9tf\u0151i kezd\u00e9sn\u00e9l a forint 0,8 sz\u00e1zal\u00e9kkal \u00e1ll gyeng\u00e9bben az <a href=\"https:\/\/www.penzcentrum.hu\/arfolyam\/deviza\/EURHUF\" target=\"_blank\" rel=\"noopener nofollow\">eur\u00f3val<\/a> \u00e9s a doll\u00e1rral szemben, a <a href=\"https:\/\/www.penzcentrum.hu\/arfolyam\/deviza\/CHFHUF\" target=\"_blank\" rel=\"noopener nofollow\">sv\u00e1jci frank<\/a> ellen\u00e9ben pedig 0,3 sz\u00e1zal\u00e9kkal gyeng\u00e9bben.<\/p>\n<p>&#13;<\/p>\n<p>Az \u00e9v eleje \u00f3ta a forint er\u0151s\u00f6d\u00f6tt: 4,3 sz\u00e1zal\u00e9kkal az eur\u00f3val szemben, 3 sz\u00e1zal\u00e9kkal a <a href=\"https:\/\/www.penzcentrum.hu\/arfolyam\/deviza\/USDHUF\" target=\"_blank\" rel=\"noopener nofollow\">doll\u00e1r<\/a> ellen\u00e9ben \u00e9s 5,4 sz\u00e1zal\u00e9kkal a sv\u00e1jci frank ellen\u00e9ben.<\/p>\n","protected":false},"excerpt":{"rendered":"2026. szeptember 2. 18:06 Er\u0151s\u00f6d\u00f6tt kiss\u00e9 a forint szerd\u00e1n a f\u0151bb deviz\u00e1kkal szemben a reggeli jegyz\u00e9s\u00e9hez k\u00e9pest a&hellip;\n","protected":false},"author":2,"featured_media":230762,"comment_status":"","ping_status":"","sticky":false,"template":"","format":"standard","meta":{"footnotes":"","_share_on_mastodon":"0"},"categories":[33],"tags":[393,38,35,37,44,42,40,672,43,41,669,34,671,670,36,674,111,673,39],"class_list":["post-230761","post","type-post","status-publish","format-standard","has-post-thumbnail","category-hirek","tag-biztositas","tag-focimek","tag-headlines","tag-hirek","tag-hu","tag-hungarian","tag-hungary","tag-karrier","tag-magyar","tag-magyarorszag","tag-megtakaritas","tag-news","tag-nyugdij","tag-otthon","tag-top-stories","tag-utazas","tag-vallalkozas","tag-vasarlas","tag-vezeto-hirek"],"share_on_mastodon":{"url":"https:\/\/pubeurope.com\/@hu\/117204654895220876","error":""},"_links":{"self":[{"href":"https:\/\/www.europesays.com\/hu\/wp-json\/wp\/v2\/posts\/230761","targetHints":{"allow":["GET"]}}],"collection":[{"href":"https:\/\/www.europesays.com\/hu\/wp-json\/wp\/v2\/posts"}],"about":[{"href":"https:\/\/www.europesays.com\/hu\/wp-json\/wp\/v2\/types\/post"}],"author":[{"embeddable":true,"href":"https:\/\/www.europesays.com\/hu\/wp-json\/wp\/v2\/users\/2"}],"replies":[{"embeddable":true,"href":"https:\/\/www.europesays.com\/hu\/wp-json\/wp\/v2\/comments?post=230761"}],"version-history":[{"count":0,"href":"https:\/\/www.europesays.com\/hu\/wp-json\/wp\/v2\/posts\/230761\/revisions"}],"wp:featuredmedia":[{"embeddable":true,"href":"https:\/\/www.europesays.com\/hu\/wp-json\/wp\/v2\/media\/230762"}],"wp:attachment":[{"href":"https:\/\/www.europesays.com\/hu\/wp-json\/wp\/v2\/media?parent=230761"}],"wp:term":[{"taxonomy":"category","embeddable":true,"href":"https:\/\/www.europesays.com\/hu\/wp-json\/wp\/v2\/categories?post=230761"},{"taxonomy":"post_tag","embeddable":true,"href":"https:\/\/www.europesays.com\/hu\/wp-json\/wp\/v2\/tags?post=230761"}],"curies":[{"name":"wp","href":"https:\/\/api.w.org\/{rel}","templated":true}]}}