{"id":230810,"date":"2026-09-03T03:21:14","date_gmt":"2026-09-03T03:21:14","guid":{"rendered":"https:\/\/www.europesays.com\/hu\/230810\/"},"modified":"2026-09-03T03:21:14","modified_gmt":"2026-09-03T03:21:14","slug":"a-hazai-palyan-veti-be-uj-fegyveret-a-ferrari","status":"publish","type":"post","link":"https:\/\/www.europesays.com\/hu\/230810\/","title":{"rendered":"A hazai p\u00e1ly\u00e1n veti be \u00faj fegyver\u00e9t a Ferrari"},"content":{"rendered":"<p class=\"main-pic -mainPct&#10;&#9;&#9;&#9;&#9;responsive-img-container\" style=\"padding-bottom: 66.714285714286%\">\n\t\t\t\t\t<img decoding=\"async\" class=\"img-blur\" src=\"https:\/\/www.europesays.com\/hu\/wp-content\/uploads\/2026\/09\/hrhanjmxmaacb4p-1-700x467.jpg\" alt=\"A hazai p\u00e1ly\u00e1n veti be \u00faj fegyver\u00e9t a Ferrari\"\/>\n\t\t\t\t<\/p>\n<p>A Ferrari sz\u00e1m\u00e1ra a Forma-1-es napt\u00e1rban nincs fontosabb verseny az Olasz Nagyd\u00edjn\u00e1l, az elv\u00e1r\u00e1s mindig a gy\u0151zelem a hazai futamon.<\/p>\n<p>A Scuderia a h\u00e9tv\u00e9g\u00e9n Monz\u00e1ban h\u00e9tszeres vil\u00e1gbajnok volt pil\u00f3t\u00e1ja, az otthon 1996-ban \u00e9s 2006-ban is nyerni tud\u00f3 Michael Schumacher el\u0151tt tiszteleg majd <a href=\"https:\/\/www.vezess.hu\/forma-1\/2026\/08\/28\/schumacherrel-fognak-versenyezni-hamiltonek\/\" target=\"_blank\" rel=\"noopener nofollow\">alkalmi ruh\u00e1zattal<\/a> \u00e9s <a href=\"https:\/\/www.vezess.hu\/forma-1\/2026\/09\/01\/30-evet-ugrik-az-idoben-a-ferrari-monzaban\/\" target=\"_blank\" rel=\"noopener nofollow\">fest\u00e9ssel<\/a>, de m\u0171szaki tekintetben is tesznek az\u00e9rt, hogy 2026-ban is gy\u0151zelem ker\u00fclhessen valamelyik pil\u00f3t\u00e1juk neve mell\u00e9 vas\u00e1rnap d\u00e9lut\u00e1n.<\/p>\n<p>Miut\u00e1n a Nemzetk\u00f6zi Automobil Sz\u00f6vets\u00e9g (FIA) az els\u0151 \u00f6t futam ut\u00e1n \u00fagy \u00edt\u00e9lte meg, hogy a Ferrari er\u0151forr\u00e1sa legal\u00e1bb 4%-os elmarad\u00e1sban van a legjobbnak sz\u00e1m\u00edt\u00f3 Red Bull-Ford egys\u00e9g m\u00f6g\u00f6tt, az olasz <a href=\"https:\/\/www.vezess.hu\/forma-1\/2026\/08\/26\/itt-az-uj-f1-es-dontes-megint-a-red-bull-jart-rosszul\/\" rel=\"nofollow noopener\" target=\"_blank\">a felz\u00e1rk\u00f3ztat\u00e1si fejleszt\u00e9si program (ADUO)<\/a> keret\u00e9ben egy teljes\u00edtm\u00e9nyn\u00f6vel\u0151 friss\u00edt\u00e9si lehet\u0151s\u00e9get kapott, melynek eredm\u00e9ny\u00e9t most, a hazai p\u00e1ly\u00e1n vetik be.<\/p>\n<p>\u201eAmi a teljes\u00edtm\u00e9nyt illeti, az ADUO \u00e1ltal ny\u00fajtott lehet\u0151s\u00e9g alapj\u00e1n friss\u00edtett er\u0151forr\u00e1st hozunk. \u00dajabb l\u00e9p\u00e9s a j\u00f3 ir\u00e1nyba \u2013 tudjuk, hogy id\u00e9n minden kis javul\u00e1s sz\u00e1m\u00edt. Monza sokat k\u00f6vetel, a mez\u0151ny pedig nagyon szoros, sz\u00f3val a c\u00e9lunk, hogy a h\u00e9tv\u00e9g\u00e9n m\u00e1r mindent a lehet\u0151 legjobban csin\u00e1ljunk. A hazai szurkol\u00f3kb\u00f3l extra motiv\u00e1ci\u00f3t mer\u00edthet\u00fcnk, hogy azt\u00e1n er\u0151s h\u00e9tv\u00e9g\u00e9t adhassunk a tifos\u00f3knak\u201d \u2013 magyar\u00e1zta a csapatf\u0151n\u00f6k, Frederic Vasseur.<\/p>\n<p>M\u00edg a Ferrari \u00faj\u00edt\u00e1sa legfeljebb a k\u00f6rid\u0151k\u00f6n l\u00e1tszik majd, a McLaren egy szabad szemmel is j\u00f3l l\u00e1that\u00f3 \u00faj\u00edt\u00e1st visz Monz\u00e1ba: a Ferrari \u00e9s a Red Bull ut\u00e1n a bajnokcsapat is beveti <a href=\"https:\/\/www.vezess.hu\/forma-1\/2026\/08\/18\/eldolt-maradhat-az-f1-ben-a-vitatott-alkatresz\/\" target=\"_blank\" rel=\"noopener nofollow\">az \u00e1tfordul\u00f3 h\u00e1ts\u00f3 sz\u00e1rnyat<\/a>, hiszen az olasz p\u00e1lya egyenesein k\u00fcl\u00f6n\u00f6sen sokat sz\u00e1m\u00edthat a l\u00e9gellen\u00e1ll\u00e1s cs\u00f6kkent\u00e9se. A woknigiak a maguk v\u00e1ltozat\u00e1t H-sz\u00e1rnynak h\u00edvj\u00e1k, meglehet\u0151sen egyszer\u0171 okb\u00f3l: a forgat\u00f3szerkezet a sz\u00e1rny h\u00e1tlapj\u00e1n l\u00e9v\u0151 szponzori felirat ezen bet\u0171j\u00e9n\u00e9l tal\u00e1lhat\u00f3\u2026<\/p>\n<p><a class=\"mobilbanner\" href=\"https:\/\/www.tixa.hu\/zsts-garage-supercarfest-20261006-vezesshu\" rel=\"nofollow noopener\" target=\"_blank\"><img decoding=\"async\" src=\"https:\/\/www.europesays.com\/hu\/wp-content\/uploads\/2026\/09\/1788405673_418_300x250-supercarfest.jpg\" alt=\"\"\/><\/a>&#13;<br \/>\n<a class=\"desktopbanner\" href=\"https:\/\/www.tixa.hu\/zsts-garage-supercarfest-20261006-vezesshu\" rel=\"nofollow noopener\" target=\"_blank\"><img decoding=\"async\" src=\"https:\/\/www.europesays.com\/hu\/wp-content\/uploads\/2026\/09\/1788405674_692_970x250-copy.jpg\" alt=\"\"\/><\/a>&#13;<\/p>\n","protected":false},"excerpt":{"rendered":"A Ferrari sz\u00e1m\u00e1ra a Forma-1-es napt\u00e1rban nincs fontosabb verseny az Olasz Nagyd\u00edjn\u00e1l, az elv\u00e1r\u00e1s mindig a gy\u0151zelem a&hellip;\n","protected":false},"author":2,"featured_media":230811,"comment_status":"","ping_status":"","sticky":false,"template":"","format":"standard","meta":{"footnotes":"","_share_on_mastodon":"0"},"categories":[14],"tags":[21723,638,1326,58411,11785,44,42,40,43,41,1310,58390,45,131],"class_list":["post-230810","post","type-post","status-publish","format-standard","has-post-thumbnail","category-sport","tag-aduo","tag-ferrari","tag-forma-1","tag-forma-1-olasz-nagydij","tag-hatso-szarny","tag-hu","tag-hungarian","tag-hungary","tag-magyar","tag-magyarorszag","tag-mclaren","tag-monza","tag-sport","tag-sports"],"share_on_mastodon":{"url":"https:\/\/pubeurope.com\/@hu\/117204961763212898","error":""},"_links":{"self":[{"href":"https:\/\/www.europesays.com\/hu\/wp-json\/wp\/v2\/posts\/230810","targetHints":{"allow":["GET"]}}],"collection":[{"href":"https:\/\/www.europesays.com\/hu\/wp-json\/wp\/v2\/posts"}],"about":[{"href":"https:\/\/www.europesays.com\/hu\/wp-json\/wp\/v2\/types\/post"}],"author":[{"embeddable":true,"href":"https:\/\/www.europesays.com\/hu\/wp-json\/wp\/v2\/users\/2"}],"replies":[{"embeddable":true,"href":"https:\/\/www.europesays.com\/hu\/wp-json\/wp\/v2\/comments?post=230810"}],"version-history":[{"count":0,"href":"https:\/\/www.europesays.com\/hu\/wp-json\/wp\/v2\/posts\/230810\/revisions"}],"wp:featuredmedia":[{"embeddable":true,"href":"https:\/\/www.europesays.com\/hu\/wp-json\/wp\/v2\/media\/230811"}],"wp:attachment":[{"href":"https:\/\/www.europesays.com\/hu\/wp-json\/wp\/v2\/media?parent=230810"}],"wp:term":[{"taxonomy":"category","embeddable":true,"href":"https:\/\/www.europesays.com\/hu\/wp-json\/wp\/v2\/categories?post=230810"},{"taxonomy":"post_tag","embeddable":true,"href":"https:\/\/www.europesays.com\/hu\/wp-json\/wp\/v2\/tags?post=230810"}],"curies":[{"name":"wp","href":"https:\/\/api.w.org\/{rel}","templated":true}]}}