{"id":230818,"date":"2026-09-03T03:35:10","date_gmt":"2026-09-03T03:35:10","guid":{"rendered":"https:\/\/www.europesays.com\/hu\/230818\/"},"modified":"2026-09-03T03:35:10","modified_gmt":"2026-09-03T03:35:10","slug":"hogy-micsoda-a-premier-league-legjobbjanak-kisfia-szoboszlaiert-rajong","status":"publish","type":"post","link":"https:\/\/www.europesays.com\/hu\/230818\/","title":{"rendered":"&#8222;Hogy micsoda?&#8221; \u2013 a Premier League legjobbj\u00e1nak kisfia Szoboszlai\u00e9rt rajong"},"content":{"rendered":"<p>A j\u00e1t\u00e9kost\u00e1rsak \u00e1ltal az el\u0151z\u0151 Premier League-szezon legjobbj\u00e1nak v\u00e1lasztott Bruno Fernandes egy ad\u00e1sban el\u00e1rulta, hogy a kisfia kedvenc j\u00e1t\u00e9kosa a Liverpoolban futballoz\u00f3 Szoboszlai Dominik.<\/p>\n<p>A portug\u00e1l labdar\u00fag\u00f3 Adebayo Akinfenw\u00e1val besz\u00e9lgetett, aki eml\u00edtette neki, hogy a 11 \u00e9ves fia Fernandest tartja a kedvenc\u00e9nek. A United k\u00f6z\u00e9pp\u00e1ly\u00e1sa is elmes\u00e9lt egy saj\u00e1t t\u00f6rt\u00e9netet:<\/p>\n<p>Tegnap a fiam focizott, \u00e9s azt mondta, hogy \u0151 Szoboszlai. Mondhatott volna b\u00e1rkit. Amikor kimondta Szoboszlai nev\u00e9t, arra gondoltam: hogy micsoda?<\/p>\n<p>\u2013 id\u00e9zi a <a target=\"_blank\" href=\"https:\/\/uk.sports.yahoo.com\/news\/man-utd-captain-bruno-fernandes-141953746.html\" rel=\"nofollow noopener\">Yahoo! Sports<\/a> Fernandest.<\/p>\n<p>A t\u00f6rt\u00e9net az\u00e9rt is pik\u00e1ns, mert Manchester \u00e9s Liverpool komoly riv\u00e1lisai egym\u00e1snak, v\u00e1rosok szintj\u00e9n is. A k\u00e9t klub jelenleg 20-20 bajnoki c\u00edmet sz\u00e1ml\u00e1l, amivel k\u00f6z\u00f6sen vezetik az \u00f6r\u00f6krangsort. 1964 \u00f3ta egyetlen j\u00e1t\u00e9kos sem igazolt k\u00f6zvetlen\u00fcl a riv\u00e1lishoz.<\/p>\n","protected":false},"excerpt":{"rendered":"A j\u00e1t\u00e9kost\u00e1rsak \u00e1ltal az el\u0151z\u0151 Premier League-szezon legjobbj\u00e1nak v\u00e1lasztott Bruno Fernandes egy ad\u00e1sban el\u00e1rulta, hogy a kisfia kedvenc&hellip;\n","protected":false},"author":2,"featured_media":230819,"comment_status":"","ping_status":"","sticky":false,"template":"","format":"standard","meta":{"footnotes":"","_share_on_mastodon":"0"},"categories":[14],"tags":[1819,44,42,40,502,43,41,698,45,131,1811],"class_list":["post-230818","post","type-post","status-publish","format-standard","has-post-thumbnail","category-sport","tag-bruno-fernandes","tag-hu","tag-hungarian","tag-hungary","tag-labdarugas","tag-magyar","tag-magyarorszag","tag-premier-league","tag-sport","tag-sports","tag-szoboszlai-dominik"],"share_on_mastodon":{"url":"https:\/\/pubeurope.com\/@hu\/117205016369940831","error":""},"_links":{"self":[{"href":"https:\/\/www.europesays.com\/hu\/wp-json\/wp\/v2\/posts\/230818","targetHints":{"allow":["GET"]}}],"collection":[{"href":"https:\/\/www.europesays.com\/hu\/wp-json\/wp\/v2\/posts"}],"about":[{"href":"https:\/\/www.europesays.com\/hu\/wp-json\/wp\/v2\/types\/post"}],"author":[{"embeddable":true,"href":"https:\/\/www.europesays.com\/hu\/wp-json\/wp\/v2\/users\/2"}],"replies":[{"embeddable":true,"href":"https:\/\/www.europesays.com\/hu\/wp-json\/wp\/v2\/comments?post=230818"}],"version-history":[{"count":0,"href":"https:\/\/www.europesays.com\/hu\/wp-json\/wp\/v2\/posts\/230818\/revisions"}],"wp:featuredmedia":[{"embeddable":true,"href":"https:\/\/www.europesays.com\/hu\/wp-json\/wp\/v2\/media\/230819"}],"wp:attachment":[{"href":"https:\/\/www.europesays.com\/hu\/wp-json\/wp\/v2\/media?parent=230818"}],"wp:term":[{"taxonomy":"category","embeddable":true,"href":"https:\/\/www.europesays.com\/hu\/wp-json\/wp\/v2\/categories?post=230818"},{"taxonomy":"post_tag","embeddable":true,"href":"https:\/\/www.europesays.com\/hu\/wp-json\/wp\/v2\/tags?post=230818"}],"curies":[{"name":"wp","href":"https:\/\/api.w.org\/{rel}","templated":true}]}}