{"id":230824,"date":"2026-09-03T03:41:09","date_gmt":"2026-09-03T03:41:09","guid":{"rendered":"https:\/\/www.europesays.com\/hu\/230824\/"},"modified":"2026-09-03T03:41:09","modified_gmt":"2026-09-03T03:41:09","slug":"radnai-mark-az-ellenzek-altal-jelolt-tagok-nelkul-is-megalakulhat-a-fuggetlen-kozmedia-testulet","status":"publish","type":"post","link":"https:\/\/www.europesays.com\/hu\/230824\/","title":{"rendered":"Radnai M\u00e1rk: az ellenz\u00e9k \u00e1ltal jel\u00f6lt tagok n\u00e9lk\u00fcl is megalakulhat a F\u00fcggetlen K\u00f6zm\u00e9dia Test\u00fclet"},"content":{"rendered":"<p>Az ellenz\u00e9k \u00e1ltal jel\u00f6lt tagok n\u00e9lk\u00fcl, hat f\u0151vel is meg tud alakulni a F\u00fcggetlen K\u00f6zm\u00e9dia Test\u00fclet, \u00e9s ha az ellenz\u00e9ki p\u00e1rtok tov\u00e1bbra sem \u00e1ll\u00edtanak alkalmas jel\u00f6lteket, akkor a k\u00f6vetkez\u0151 l\u00e9p\u00e9sben a m\u00e9diaszakma el\u0151tt ny\u00edlik meg ennek lehet\u0151s\u00e9ge \u2013 k\u00f6z\u00f6lte Radnai M\u00e1rk, az Orsz\u00e1ggy\u0171l\u00e9s m\u0171vel\u0151d\u00e9si bizotts\u00e1g\u00e1nak tisz\u00e1s aleln\u00f6ke a Facebookon, miut\u00e1n a test\u00fclet szerd\u00e1n ism\u00e9telten nem t\u00e1mogatta az ellenz\u00e9k jel\u00f6ltjeit.<\/p>\n<p>A szakmai \u00e9s korm\u00e1nyp\u00e1rti jel\u00f6l\u00e9s\u0171 tagok t\u00e1mogat\u00e1s\u00e1r\u00f3l \u00e9s az eln\u00f6kjel\u00f6lt szem\u00e9ly\u00e9r\u0151l egyar\u00e1nt d\u00f6nt\u00f6ttek.\u00a0Bayer Judit m\u00e9diajog\u00e1szt, S\u00fck\u00f6sd Mikl\u00f3s szociol\u00f3gus, m\u00e9diakutat\u00f3t \u00e9s Koll\u00e1r \u00c1rp\u00e1d k\u00f6lt\u0151, irodalomszervez\u0151t is egyhang\u00fa szavaz\u00e1ssal t\u00e1mogatt\u00e1k szerd\u00e1n, \u0151k ker\u00fclhetnek a k\u00f6zm\u00e9dia f\u00f6l\u00f6tti tulajdonosi jogait gyakorl\u00f3 F\u00fcggetlen K\u00f6zm\u00e9dia Test\u00fcletbe. Beker\u00fcl\u00e9s\u00fckr\u0151l az Orsz\u00e1ggy\u0171l\u00e9s fog szavazni.<\/p>\n<p>K\u00f6z\u00fcl\u00fck Bayer Judit m\u00e9diajog\u00e1szt, m\u00e9diakutat\u00f3t javasolta a F\u00fcggetlen K\u00f6zm\u00e9dia Test\u00fclet eln\u00f6k\u00e9v\u00e9 v\u00e1lasztani a bizotts\u00e1g. A 11 f\u0151s orsz\u00e1ggy\u0171l\u00e9si bizotts\u00e1g valamennyi tagja r\u00e9szt vett a d\u00f6nt\u00e9shozatalban, \u00e9s a tart\u00f3zkod\u00f3 mi haz\u00e1nkos Szabadi Istv\u00e1n kiv\u00e9tel\u00e9vel valamennyien igennel szavaztak. Bayer Judit volt az egyetlen \u2013 Radnai M\u00e1rk\u00a0\u00e1ltal el\u0151terjesztett \u2013 szem\u00e9lyi javaslat a tiszts\u00e9gre.<\/p>\n<p>A bizotts\u00e1g 7:4-es t\u00f6bbs\u00e9ggel t\u00e1mogatta a Tisza-frakci\u00f3 \u00e1ltal <a target=\"_blank\" href=\"https:\/\/24.hu\/belfold\/2026\/08\/31\/tisza-part-jeloltek-fuggetlen-kozmedia-testulet-mediatanacs-breaking\/\" rel=\"nofollow noopener\">javasolt<\/a> tagok jel\u00f6l\u00e9s\u00e9t is. A korm\u00e1nyp\u00e1rti k\u00e9pvisel\u0151csoport Szab\u00f3 Gy\u00f6rgy\u00f6t, a Sanoma Media Budapest (a 24.hu-t kiad\u00f3 Central M\u00e9diacsoport el\u0151dje) volt vez\u00e9rigazgat\u00f3j\u00e1t, Hargitai Mikl\u00f3s \u00fajs\u00e1g\u00edr\u00f3t, a Sajt\u00f3szakszervezet eln\u00f6k\u00e9t, valamint B\u00e1lint Viktor k\u00f6zgazd\u00e1szt, m\u00e9dia-, marketing- \u00e9s \u00fczletfejleszt\u00e9si szakembert jel\u00f6lte.<\/p>\n<p>Az ellenz\u00e9ki jel\u00f6ltek nem mentek \u00e1t<\/p>\n<p>A bizotts\u00e1g ez\u00fattal sem t\u00e1mogatta a F\u00fcggetlen K\u00f6zm\u00e9dia Test\u00fclet ellenz\u00e9ki jel\u00f6ltjeit, a Fidesz \u00e1ltal jel\u00f6lt Sikl\u00f3si Beatrix telev\u00edzi\u00f3st, r\u00e1di\u00f3st, a KDNP jel\u00f6ltj\u00e9t, Mart\u00ed Zolt\u00e1n \u00fajs\u00e1g\u00edr\u00f3t, m\u00e9diaszakembert \u00e9s a Mi Haz\u00e1nk \u00e1ltal javasolt Moys Zolt\u00e1n m\u00e9diaszakembert, a Hazaj\u00e1r\u00f3 m\u0171sor l\u00e9trehoz\u00f3j\u00e1t. A h\u00e1rom jel\u00f6ltet m\u00falt h\u00e9ten m\u00e1r meghallgatta a test\u00fclet.<\/p>\n<p>Radnai M\u00e1rk azt \u00edrta: ism\u00e9t arra k\u00e9rt\u00e9k az ellenz\u00e9ki frakci\u00f3kat, hogy jel\u00f6ljenek \u201efelk\u00e9sz\u00fclt, hiteles, szakmailag \u00e9s emberileg alkalmas\u201d szem\u00e9lyeket, \u00e9s azt \u00edg\u00e9rte, hogy az ilyen jel\u00f6lteket t\u00e1mogatni fogj\u00e1k, f\u00fcggetlen\u00fcl att\u00f3l, melyik frakci\u00f3 jel\u00f6li \u0151ket. A Tisza k\u00e9pvisel\u0151je azt \u00edrta, hogy az ellenz\u00e9ki p\u00e1rtok politikai konfliktust pr\u00f3b\u00e1lnak \u00e9p\u00edteni a folyamatb\u00f3l, \u00e9s ezzel akad\u00e1lyozni pr\u00f3b\u00e1lj\u00e1k a test\u00fclet teljes fel\u00e1ll\u00e1s\u00e1t. A f\u00fcggetlen k\u00f6zm\u00e9dia l\u00e9trej\u00f6tt\u00e9t nem lehet megakad\u00e1lyozni, a test\u00fclet hat taggal is meg tud alakulni, \u00e9s ki\u00edrhatja a vez\u00e9rigazgat\u00f3i p\u00e1ly\u00e1zatot. Ha pedig az ellenz\u00e9ki p\u00e1rtok tov\u00e1bbra sem \u00e1ll\u00edtanak alkalmas jel\u00f6lteket, a k\u00f6vetkez\u0151 l\u00e9p\u00e9sben a m\u00e9diaszakma el\u0151tt ny\u00edlik meg ennek lehet\u0151s\u00e9ge \u2013 tette hozz\u00e1.<\/p>\n<p>Radnai M\u00e1rk a m\u0171vel\u0151d\u00e9si bizotts\u00e1g tisz\u00e1s t\u00f6bbs\u00e9g\u00e9nek d\u00f6nt\u00e9s\u00e9t, hogy ism\u00e9t nem t\u00e1mogatt\u00e1k az ellenz\u00e9ki jel\u00f6lteket, azzal indokolta: nem t\u00e1mogathatnak olyan jel\u00f6lteket, akik<\/p>\n<p>az elm\u00falt \u00e9vek propagandag\u00e9pezet\u00e9nek, a k\u00f6zszolg\u00e1latis\u00e1g le\u00e9p\u00edt\u00e9s\u00e9nek akt\u00edv r\u00e9szesei voltak, \u00e9s akinek az emberi m\u00e9lt\u00f3s\u00e1ghoz, az alapvet\u0151 emberi jogokhoz vagy a demokratikus k\u00f6zszolg\u00e1latis\u00e1g \u00e9rt\u00e9keihez val\u00f3 viszonya komoly k\u00e9rd\u00e9seket vet fel.<\/p>\n<p>Hangs\u00falyozta: fontos, hogy a test\u00fcletben korm\u00e1nyp\u00e1rti, ellenz\u00e9ki \u00e9s szakmai tagok egyar\u00e1nt helyet kapjanak, mert ez garanci\u00e1ja annak, hogy egyetlen politikai oldal se saj\u00e1t\u00edthassa ki t\u00f6bb\u00e9 a k\u00f6zm\u00e9di\u00e1t. De a jel\u00f6l\u00e9s joga nem jelent automatikus bel\u00e9p\u0151t \u2013 tette hozz\u00e1.<\/p>\n<p>A m\u00e9diaszolg\u00e1ltat\u00e1sokr\u00f3l \u00e9s a t\u00f6megkommunik\u00e1ci\u00f3r\u00f3l sz\u00f3l\u00f3 t\u00f6rv\u00e9ny alapj\u00e1n a F\u00fcggetlen K\u00f6zm\u00e9dia Test\u00fclet m\u0171k\u00f6d\u00e9se szem\u00e9lyi felt\u00e9teleinek megteremt\u00e9s\u00e9\u00e9rt az Orsz\u00e1ggy\u0171l\u00e9s a felel\u0151s, \u00e9s a parlament egyenk\u00e9nti szavaz\u00e1ssal kilenc tagot v\u00e1laszt a test\u00fcletbe. A k\u00e9pvisel\u0151csoportok \u00e1ltal jel\u00f6lt hat tag megb\u00edzat\u00e1sa n\u00e9gy \u00e9vre, de legfeljebb az \u00faj Orsz\u00e1ggy\u0171l\u00e9s megalakul\u00e1s\u00e1ig terjed\u0151 id\u0151tartamra, m\u00edg a m\u00e9diaszakmai szervezetek \u00e1ltal jel\u00f6lt h\u00e1rom tag megb\u00edzat\u00e1sa k\u00e9t \u00e9vre sz\u00f3l. A k\u00e9pvisel\u0151csoportok \u00e1ltal jel\u00f6lhet\u0151 hat tag k\u00f6z\u00fcl h\u00e1rom tagot a korm\u00e1nyp\u00e1rti, h\u00e1rmat az ellenz\u00e9ki orsz\u00e1ggy\u0171l\u00e9si k\u00e9pvisel\u0151csoportok jel\u00f6lnek.<\/p>\n","protected":false},"excerpt":{"rendered":"Az ellenz\u00e9k \u00e1ltal jel\u00f6lt tagok n\u00e9lk\u00fcl, hat f\u0151vel is meg tud alakulni a F\u00fcggetlen K\u00f6zm\u00e9dia Test\u00fclet, \u00e9s ha&hellip;\n","protected":false},"author":2,"featured_media":230825,"comment_status":"","ping_status":"","sticky":false,"template":"","format":"standard","meta":{"footnotes":"","_share_on_mastodon":"0"},"categories":[33],"tags":[43735,38,42101,35,37,44,42,40,57066,43,41,34,57068,12862,36,39],"class_list":["post-230824","post","type-post","status-publish","format-standard","has-post-thumbnail","category-hirek","tag-bayer-judit","tag-focimek","tag-fuggetlen-kozmedia-testulet","tag-headlines","tag-hirek","tag-hu","tag-hungarian","tag-hungary","tag-kollar-arpad","tag-magyar","tag-magyarorszag","tag-news","tag-sukosd-miklos","tag-tagok","tag-top-stories","tag-vezeto-hirek"],"share_on_mastodon":{"url":"https:\/\/pubeurope.com\/@hu\/117205040032915054","error":""},"_links":{"self":[{"href":"https:\/\/www.europesays.com\/hu\/wp-json\/wp\/v2\/posts\/230824","targetHints":{"allow":["GET"]}}],"collection":[{"href":"https:\/\/www.europesays.com\/hu\/wp-json\/wp\/v2\/posts"}],"about":[{"href":"https:\/\/www.europesays.com\/hu\/wp-json\/wp\/v2\/types\/post"}],"author":[{"embeddable":true,"href":"https:\/\/www.europesays.com\/hu\/wp-json\/wp\/v2\/users\/2"}],"replies":[{"embeddable":true,"href":"https:\/\/www.europesays.com\/hu\/wp-json\/wp\/v2\/comments?post=230824"}],"version-history":[{"count":0,"href":"https:\/\/www.europesays.com\/hu\/wp-json\/wp\/v2\/posts\/230824\/revisions"}],"wp:featuredmedia":[{"embeddable":true,"href":"https:\/\/www.europesays.com\/hu\/wp-json\/wp\/v2\/media\/230825"}],"wp:attachment":[{"href":"https:\/\/www.europesays.com\/hu\/wp-json\/wp\/v2\/media?parent=230824"}],"wp:term":[{"taxonomy":"category","embeddable":true,"href":"https:\/\/www.europesays.com\/hu\/wp-json\/wp\/v2\/categories?post=230824"},{"taxonomy":"post_tag","embeddable":true,"href":"https:\/\/www.europesays.com\/hu\/wp-json\/wp\/v2\/tags?post=230824"}],"curies":[{"name":"wp","href":"https:\/\/api.w.org\/{rel}","templated":true}]}}