{"id":230834,"date":"2026-09-03T03:55:08","date_gmt":"2026-09-03T03:55:08","guid":{"rendered":"https:\/\/www.europesays.com\/hu\/230834\/"},"modified":"2026-09-03T03:55:08","modified_gmt":"2026-09-03T03:55:08","slug":"tulajdonosi-valtozas-a-cafe-frei-nel-mar-a-jovorol-is-beszeltek","status":"publish","type":"post","link":"https:\/\/www.europesays.com\/hu\/230834\/","title":{"rendered":"Tulajdonosi v\u00e1ltoz\u00e1s a Caf\u00e9 Frei-n\u00e9l, m\u00e1r a j\u00f6v\u0151r\u0151l is besz\u00e9ltek"},"content":{"rendered":"<p data-alignment=\"left\" class=\"text-left\" data-block-key=\"r266m\">\u00dajra teljes eg\u00e9sz\u00e9ben Frei Tam\u00e1s kez\u00e9ben van a Cafe Frei ir\u00e1ny\u00edt\u00e1sa: az \u00fczletember egy Olaszorsz\u00e1gb\u00f3l k\u00f6zz\u00e9tett Facebook-bejegyz\u00e9sben jelentette be, hogy eddigi \u00fczlett\u00e1rsa kisz\u00e1llt a c\u00e9gb\u0151l, \u00edgy ism\u00e9t egyed\u00fcli tulajdonosk\u00e9nt vezeti a k\u00e1v\u00e9z\u00f3l\u00e1ncot \u2013 <a href=\"https:\/\/www.penzcentrum.hu\/vallalkozas\/20260902\/bejelentette-frei-tamas-tulajdonost-valtott-a-cafe-frei-ezt-tervezik-a-kavezolanccal-1204808?utm_source=hirkereso_es_kapu&amp;utm_medium=penzcentrum_linkek&amp;utm_campaign=hiraggregator#\" target=\"_blank\" rel=\" noopener noreferrer nofollow\">\u00edrja<\/a> a P\u00e9nzcentrum.<\/p>\n<p data-alignment=\"left\" class=\"text-left\" data-block-key=\"tr1l\">Frei a bejelent\u00e9sben a gazdas\u00e1gi neh\u00e9zs\u00e9gekr\u0151l is besz\u00e9lt, \u00e9s arra is kit\u00e9rt, hogy a k\u00fcl\u00f6nb\u00f6z\u0151 vil\u00e1gpiaci v\u00e1ls\u00e1gok hat\u00e1s\u00e1ra az olaszorsz\u00e1gi k\u00e1v\u00e9 \u00e1ra az elm\u00falt n\u00e9gy \u00e9vben a m\u00e1sf\u00e9lszeres\u00e9re emelkedett. Egy eszpressz\u00f3 jelenleg 1,30 \u00e9s 2 eur\u00f3 k\u00f6z\u00f6tt ker\u00fcl Olaszorsz\u00e1gban.<\/p>\n<p>  <a rel=\"noopener nofollow\" href=\"https:\/\/indamediasales.hu\/2019\/06\/25\/quality_placement_minosegbiztositasi_tajekoztato_728\" target=\"_blank\" class=\"flex items-center\"><\/p>\n<p>      <img loading=\"lazy\" decoding=\"async\" src=\"https:\/\/www.economx.hu\/neon\/static\/images\/brand\/quality_placement_logo.svg\" alt=\"Quality Placement\" width=\"150\" height=\"15\"\/><\/p>\n<p>  <\/a><\/p>\n<p>\n  hirdet\u00e9s<\/p>\n<p>    X<\/p>\n<p data-alignment=\"left\" class=\"text-left\" data-block-key=\"1ongh\">A Cafe Frei ek\u00f6zben nem lass\u00edt, s\u0151t, augusztus v\u00e9g\u00e9n k\u00e9t \u00faj olasz eszpressz\u00f3val b\u0151v\u00edtette k\u00edn\u00e1lat\u00e1t. Frei szerint a l\u00e1nc tov\u00e1bbra is ragaszkodik az eddigi alapelveihez: nem v\u00e1ltanak az olcs\u00f3bb robust\u00e1ra, hanem kiz\u00e1r\u00f3lag 100 sz\u00e1zal\u00e9kos arabica k\u00e1v\u00e9t haszn\u00e1lnak. Az \u00faj italok kidolgoz\u00e1s\u00e1ban Marco Cremonese olasz k\u00e1v\u00e9szak\u00e9rt\u0151 \u00e9s K\u00f6rmendi G\u00e1bor hazai p\u00f6rk\u00f6l\u0151mester is r\u00e9szt vett, a v\u00e9geredm\u00e9ny pedig k\u00e9t elt\u00e9r\u0151 karakter\u0171 k\u00e1v\u00e9 lett.<\/p>\n<p data-alignment=\"left\" class=\"text-left\" data-block-key=\"fmfdp\">A d\u00e9l-olasz st\u00edlus\u00fa Espresso Tradizionale 650 forintba ker\u00fcl, m\u00edg az \u00e9szak-olasz Supremo 730 forintos \u00e1ron ker\u00fclt a k\u00edn\u00e1latba. A k\u00e9t \u00faj k\u00e1v\u00e9 egyben egy kisebb h\u00e1zi fogad\u00e1s f\u0151szerepl\u0151je is lett: K\u00f6rmendi G\u00e1bor arra sz\u00e1m\u00edtott, hogy a v\u00e1s\u00e1rl\u00f3kat a mind\u00f6ssze 80 forintos k\u00fcl\u00f6nbs\u00e9g nem tartja vissza a dr\u00e1g\u00e1bb Supremo v\u00e1laszt\u00e1s\u00e1t\u00f3l. Frei Tam\u00e1s viszont \u00fagy gondolta, hogy a gazdas\u00e1gi helyzet miatt ink\u00e1bb az olcs\u00f3bb v\u00e1ltozat lesz a befut\u00f3.<\/p>\n<p data-alignment=\"left\" class=\"text-left\" data-block-key=\"6gbc2\">Az els\u0151 h\u00e9t v\u00e9g\u00fcl \u0151t igazolta.<\/p>\n<p data-alignment=\"left\" class=\"text-left\" data-block-key=\"suk7n\">Az augusztus v\u00e9gi bevezet\u00e9s ut\u00e1n a v\u00e1s\u00e1rl\u00f3k 70 sz\u00e1zal\u00e9ka a 650 forintos Espresso Tradizional\u00e9t v\u00e1lasztotta, mik\u00f6zben mind\u00f6ssze 30 sz\u00e1zal\u00e9kuk fizetett a pr\u00e9miumabb, 730 forintos Suprem\u00f3\u00e9rt.<\/p>\n<p data-alignment=\"left\" class=\"text-left\" data-block-key=\"fdk7m\">A sz\u00e1mok \u00edgy nemcsak az \u00faj tulajdonosi helyzet els\u0151 h\u00edreit hozz\u00e1k, hanem azt is megmutatj\u00e1k, mennyire sz\u00e1m\u00edt ma a magyar fogyaszt\u00f3knak ak\u00e1r 80 forint k\u00fcl\u00f6nbs\u00e9g is egy cs\u00e9sze k\u00e1v\u00e9 eset\u00e9ben.<\/p>\n<p><a href=\"https:\/\/google.com\/preferences\/source?q=https%3A\/\/www.economx.hu\" rel=\"noopener nofollow\" referrerpolicy=\"no-referrer-when-downgrade\" class=\"!flex !items-center !gap-5 !py-2 !px-3 w-full !rounded-xl !font-bold cursor-pointer !no-underline relative !bg-white !text-[#202124] !border !border-[#858585] dark:!bg-[#323232] dark:!text-white dark:border-none my-4 \" target=\"_blank\"><br \/>\n  <img decoding=\"async\" src=\"https:\/\/www.economx.hu\/neon\/static\/images\/favicons\/google_favicon.svg\" alt=\"Google\" class=\"shrink-0 w-7 h-7\"\/><br \/>\n  \u00c1ll\u00edtsd be, hogy az Economx az els\u0151k k\u00f6z\u00f6tt legyen a Google-tal\u00e1latokban!<\/p>\n<p><\/a><\/p>\n","protected":false},"excerpt":{"rendered":"\u00dajra teljes eg\u00e9sz\u00e9ben Frei Tam\u00e1s kez\u00e9ben van a Cafe Frei ir\u00e1ny\u00edt\u00e1sa: az \u00fczletember egy Olaszorsz\u00e1gb\u00f3l k\u00f6zz\u00e9tett Facebook-bejegyz\u00e9sben jelentette&hellip;\n","protected":false},"author":2,"featured_media":230835,"comment_status":"","ping_status":"","sticky":false,"template":"","format":"standard","meta":{"footnotes":"","_share_on_mastodon":"0"},"categories":[33],"tags":[61032,38,35562,35,37,44,42,40,3601,43,41,34,428,36,39],"class_list":["post-230834","post","type-post","status-publish","format-standard","has-post-thumbnail","category-hirek","tag-cafe_frei","tag-focimek","tag-frei-tamas","tag-headlines","tag-hirek","tag-hu","tag-hungarian","tag-hungary","tag-kave","tag-magyar","tag-magyarorszag","tag-news","tag-olaszorszag","tag-top-stories","tag-vezeto-hirek"],"share_on_mastodon":{"url":"https:\/\/pubeurope.com\/@hu\/117205095525072027","error":""},"_links":{"self":[{"href":"https:\/\/www.europesays.com\/hu\/wp-json\/wp\/v2\/posts\/230834","targetHints":{"allow":["GET"]}}],"collection":[{"href":"https:\/\/www.europesays.com\/hu\/wp-json\/wp\/v2\/posts"}],"about":[{"href":"https:\/\/www.europesays.com\/hu\/wp-json\/wp\/v2\/types\/post"}],"author":[{"embeddable":true,"href":"https:\/\/www.europesays.com\/hu\/wp-json\/wp\/v2\/users\/2"}],"replies":[{"embeddable":true,"href":"https:\/\/www.europesays.com\/hu\/wp-json\/wp\/v2\/comments?post=230834"}],"version-history":[{"count":0,"href":"https:\/\/www.europesays.com\/hu\/wp-json\/wp\/v2\/posts\/230834\/revisions"}],"wp:featuredmedia":[{"embeddable":true,"href":"https:\/\/www.europesays.com\/hu\/wp-json\/wp\/v2\/media\/230835"}],"wp:attachment":[{"href":"https:\/\/www.europesays.com\/hu\/wp-json\/wp\/v2\/media?parent=230834"}],"wp:term":[{"taxonomy":"category","embeddable":true,"href":"https:\/\/www.europesays.com\/hu\/wp-json\/wp\/v2\/categories?post=230834"},{"taxonomy":"post_tag","embeddable":true,"href":"https:\/\/www.europesays.com\/hu\/wp-json\/wp\/v2\/tags?post=230834"}],"curies":[{"name":"wp","href":"https:\/\/api.w.org\/{rel}","templated":true}]}}