{"id":230838,"date":"2026-09-03T04:03:06","date_gmt":"2026-09-03T04:03:06","guid":{"rendered":"https:\/\/www.europesays.com\/hu\/230838\/"},"modified":"2026-09-03T04:03:06","modified_gmt":"2026-09-03T04:03:06","slug":"g7-nyelgazzal-egettek-el-10-milliardot-aztan-jott-a-nagy-allami-bukas-a-motorsportban","status":"publish","type":"post","link":"https:\/\/www.europesays.com\/hu\/230838\/","title":{"rendered":"G7: Ny\u00e9lg\u00e1zzal \u00e9gettek el 10 milli\u00e1rdot, azt\u00e1n j\u00f6tt a nagy \u00e1llami buk\u00e1s a motorsportban"},"content":{"rendered":"<p>A magyar \u00e1llam k\u00f6zel h\u00fasz \u00e9ven \u00e1t pr\u00f3b\u00e1lt MotoGP-futamot Magyarorsz\u00e1gra hozni. Az \u00fat S\u00e1volyt\u00f3l Hajd\u00fan\u00e1n\u00e1son \u00e1t Balatonf\u0151kaj\u00e1rig vezetett. A v\u00e9geredm\u00e9ny: milli\u00e1rdos vesztes\u00e9gek, felhagyott \u00e9p\u00edtkez\u00e9sek \u00e9s egy k\u00e9t \u00e9v ut\u00e1n t\u00f6r\u00f6lt versenynapt\u00e1ri helysz\u00edn. Amit ma biztosan tudunk: Balatonf\u0151kaj\u00e1ron egyel\u0151re nem lesz t\u00f6bb verseny, 2027-ben pedig nem rendeznek magyar futamot. 2028-ra azonban m\u00e1r vannak <a href=\"https:\/\/www.vezess.hu\/forma-1\/2026\/07\/08\/kimondtak-a-hungaroringre-koltoztetnek-a-motogp-t\/\" target=\"_blank\" rel=\"nofollow noopener\">tervek<\/a>: az \u00e1llami Hungaroring jelentkezett be erre.<\/p>\n<p>A kezdetekt\u0151l l\u00e1tszott, hogy \u00e9rtelmetlen \u00faj p\u00e1ly\u00e1t \u00e9p\u00edteni, nincs gazdas\u00e1gi racionalit\u00e1sa. M\u00e1r 2020-ban azt <a href=\"https:\/\/telex.hu\/g7\/kozelet\/2024\/09\/14\/a-balatonnal-lehet-a-magyar-motogp-futam-az-allam-otmilliard-forintja-fustolt-el\" class=\"\" rel=\"nofollow noopener\" target=\"_blank\">\u00edrtuk<\/a>, hogy ha nagyon szeretne MotoGP-versenyt a korm\u00e1ny, akkor azt a Hungaroringen lenne \u00e9rtelme megrendezni. Sok milli\u00e1rd forint el\u00e9get\u00e9se ut\u00e1n most ez lehet a megold\u00e1s \u2013 b\u00e1r az is er\u0151sen k\u00e9rd\u00e9ses, van-e \u00e9rtelme \u00e1llami p\u00e9nzen megrendezni ezt a versenyt Magyarorsz\u00e1gon.<\/p>\n<p>S\u00e1volyt\u00f3l Hajd\u00fan\u00e1n\u00e1son \u00e1t a Balatonig<\/p>\n<p>A hazai MotoGP-t\u00f6rt\u00e9net a balatoni t\u00e9rs\u00e9gben indult a spanyol Sedesa-csoport beruh\u00e1z\u00e1sak\u00e9nt meg\u00e1lmodott, 80 milli\u00f3 eur\u00f3s s\u00e1volyi p\u00e1ly\u00e1val. A beruh\u00e1z\u00e1s 2010-ben d\u0151lt be, amikor a Magyar Fejleszt\u00e9si Bank <a href=\"https:\/\/24.hu\/kozelet\/2017\/12\/15\/majd-meszaros-megveszi-az-osszes-balaton-part-az-ove\/\" target=\"_blank\" rel=\"nofollow noopener\">visszavonta<\/a> a 15,3 milli\u00e1rd forintos hitelkeretet. A f\u00e9lk\u00e9sz p\u00e1ly\u00e1t ben\u0151tte a gaz.<\/p>\n<p>A NER id\u0151szak\u00e1ban a korm\u00e1ny Kelet-Magyarorsz\u00e1gra \u00e1lmodott egy gigantikus motorverseny-komplexumot, err\u0151l r\u00e9szletesen <a href=\"https:\/\/www.google.com\/search?q=https:\/\/g7.hu\/kozelet\/20200702\/elkepesztoen-draga-veszteseggyar-lesz-a-kormany-megis-megepitteti\/&amp;authuser=1\" target=\"_blank\" rel=\"nofollow noopener\">\u00edrtunk<\/a> kor\u00e1bban. A projekt eredetileg tervezett k\u00f6lts\u00e9ge 65 milli\u00e1rd forint volt, v\u00e9g\u00fcl \u00f6tmilli\u00e1rdot <a href=\"https:\/\/telex.hu\/g7\/kozelet\/2024\/09\/14\/a-balatonnal-lehet-a-magyar-motogp-futam-az-allam-otmilliard-forintja-fustolt-el\" class=\"\" rel=\"nofollow noopener\" target=\"_blank\">k\u00f6lt\u00f6ttek el<\/a>, de a gazdas\u00e1gi v\u00e1ls\u00e1g \u00e9s a k\u00f6lts\u00e9gvet\u00e9si hi\u00e1ny miatt a korm\u00e1ny v\u00e9g\u00fcl\u202f2023-ban csendben t\u00f6r\u00f6lte a hajd\u00fan\u00e1n\u00e1si \u00e9p\u00edtkez\u00e9st.<\/p>\n<p>Ezut\u00e1n terel\u0151d\u00f6tt a figyelem a Balatonf\u0151kaj\u00e1ron hivatalosan mag\u00e1nt\u0151k\u00e9b\u0151l \u00e9p\u00edtett Balaton Park Circuitre. A balatoni fejleszt\u00e9s rejt\u00e9lyesen indult, m\u00e1r a G7\u202f2023-as, a p\u00e1lya \u00e1tad\u00e1sakor megjelent <a href=\"https:\/\/telex.hu\/g7\/kozelet\/2023\/05\/25\/nem-hasznalnak-forma-1-re-a-75-milliardert-epitett-balatoni-forma-1-es-palyat-es-nem-ez-az-egyetlen-furcsasag\" class=\"\" rel=\"nofollow noopener\" target=\"_blank\">cikke<\/a> bemutatta, hogy a tulajdonosi h\u00e1tt\u00e9r hom\u00e1lyos. A Balaton Park Circuit m\u00f6g\u00f6tt \u00e1ll\u00f3 \u00fczleti \u00e9s p\u00e9nz\u00fcgyi h\u00e1l\u00f3zat kulcsfigur\u00e1ja Han\u00f3ch N\u00edssz\u00e1n\u00ed izraeli \u00fczletember, kor\u00e1bbi aut\u00f3versenyz\u0151, aki m\u00e1r a k\u00e9tezres \u00e9vek eleje \u00f3ta jelen van a hazai aut\u00f3motorsport-bizniszben. B\u00e1r a balatonf\u0151kaj\u00e1ri versenyp\u00e1ly\u00e1t fejleszt\u0151 European R.M.S. Federazione Kft. \u00e9s a kapcsol\u00f3d\u00f3 c\u00e9gek \u00fcgyvezet\u0151je az egyversenyes Forma\u20131-pil\u00f3ta, a m\u00f6g\u00f6tte \u00e1ll\u00f3 tulajdonosi l\u00e1ncolat \u00e1tl\u00e1thatatlan maradt.<\/p>\n<p>A Balaton Park Circuit m\u00f6g\u00f6tti c\u00e9gstrukt\u00far\u00e1ban a p\u00e1lya \u00fczemeltet\u0151je a BPC Management Zrt., a telek tulajdonosa pedig az eml\u00edtett European R.M.S. Federazione Kft. Mindk\u00e9t c\u00e9get Han\u00f3ch N\u00edssz\u00e1n\u00ed vezeti, a Magyarorsz\u00e1gr\u00f3l l\u00e1that\u00f3 v\u00e9gs\u0151 tulajdonos pedig k\u00e9t, Belize-ben azonos c\u00edmre bejegyzett c\u00e9g. Az orsz\u00e1g kedvelt offshore-helysz\u00edn, ezek tulajdonosi szerkezete itthonr\u00f3l nem ismerhet\u0151 meg.<\/p>\n<p>Nem annyiba ker\u00fclt<\/p>\n<p>H\u00e1rom \u00e9ve a h\u00edrek mintegy 75 milli\u00e1rd forintos beruh\u00e1z\u00e1sr\u00f3l <a href=\"https:\/\/telex.hu\/g7\/kozelet\/2023\/05\/25\/nem-hasznalnak-forma-1-re-a-75-milliardert-epitett-balatoni-forma-1-es-palyat-es-nem-ez-az-egyetlen-furcsasag\" class=\"\" rel=\"nofollow noopener\" target=\"_blank\">sz\u00f3ltak<\/a>. Ma m\u00e1r azonban a c\u00e9gbesz\u00e1mol\u00f3kb\u00f3l tudjuk, hogy alig 16 milli\u00e1rd forintot k\u00f6lthettek a p\u00e1ly\u00e1ra. Noha mag\u00e1r\u00f3l az \u00e9p\u00edt\u00e9sr\u0151l azt \u00e1ll\u00edtott\u00e1k, nem \u00e1llami p\u00e9nzb\u0151l finansz\u00edrozt\u00e1k, a jogok megszerz\u00e9se, az esem\u00e9nyszervez\u00e9s \u00e9s a prom\u00f3ci\u00f3 jelent\u0151s \u00e1llami forr\u00e1sokat em\u00e9sztett fel a korm\u00e1nyhat\u00e1rozatok alapj\u00e1n.<\/p>\n<p>A finansz\u00edroz\u00e1sr\u00f3l mind\u00f6ssze annyit k\u00f6z\u00f6ltek a G7 kor\u00e1bbi megkeres\u00e9s\u00e9re, hogy az (elvileg) mintegy 200 milli\u00f3 eur\u00f3s beruh\u00e1z\u00e1st nemzetk\u00f6zi csal\u00e1di vagyonkezel\u0151k befektet\u00e9seib\u0151l finansz\u00edrozt\u00e1k. A BPC Management Zrt. megkeres\u00e9s\u00fcnkre most azt k\u00f6z\u00f6lte, hogy a p\u00e1lya teljes eg\u00e9sz\u00e9ben nemzetk\u00f6zi mag\u00e1nbefektet\u0151k mag\u00e1nt\u0151k\u00e9j\u00e9b\u0151l \u00e9p\u00fclt, amelyben \u00e1ll\u00edt\u00e1suk szerint magyar befektet\u0151 nem vett r\u00e9szt. Ennek val\u00f3s\u00e1gtartalm\u00e1t azonban nem tudjuk ellen\u0151rizni, a v\u00e9gs\u0151 haszonh\u00faz\u00f3kat pedig nem nevezt\u00e9k meg.<\/p>\n<p>A fejleszt\u0151\u202f2023-ban azt <a href=\"https:\/\/telex.hu\/g7\/kozelet\/2023\/05\/25\/nem-hasznalnak-forma-1-re-a-75-milliardert-epitett-balatoni-forma-1-es-palyat-es-nem-ez-az-egyetlen-furcsasag\" class=\"\" rel=\"nofollow noopener\" target=\"_blank\">\u00e1ll\u00edtotta<\/a>, hogy a beruh\u00e1z\u00e1s \u00e9vi 7\u20139 sz\u00e1zal\u00e9kos hozamot termelhet, ami 75 milli\u00e1rd forintos beruh\u00e1z\u00e1si \u00e9rt\u00e9kn\u00e9l \u00e9vente nagyj\u00e1b\u00f3l 5\u20137 milli\u00e1rd forintos profitot jelentene. Ennek abszurdit\u00e1s\u00e1t tal\u00e1n az szeml\u00e9ltetheti, hogy a Hungaroring legutols\u00f3 \u00e1rbev\u00e9tele (teh\u00e1t messze nem a nyeres\u00e9ge) volt 14 milli\u00e1rd forint.<\/p>\n<p>\u00c1llami milli\u00e1rdok<\/p>\n<p>A G7 rendelkez\u00e9s\u00e9re \u00e1ll\u00f3 dokumentumok szerint a beruh\u00e1z\u00e1s megt\u00e9r\u00fcl\u00e9s\u00e9t j\u00f3 es\u00e9llyel \u00e1llami forr\u00e1sokt\u00f3l v\u00e1rhatt\u00e1k. A magyar \u00e1llami (id\u0151k\u00f6zben felsz\u00e1mol\u00e1s al\u00e1 ker\u00fclt) aut\u00f3sport-\u00fcgyn\u00f6ks\u00e9g, a HUMDA ugyanis<\/p>\n<p>t\u00f6bb mint 21 milli\u00e1rd forintos k\u00f6telezetts\u00e9gv\u00e1llal\u00e1st tett a mag\u00e1np\u00e1lya haszn\u00e1lat\u00e1hoz kapcsol\u00f3dva.<\/p>\n<p>A Palkovics L\u00e1szl\u00f3 nev\u00e9vel f\u00e9mjelzett HUMDA Magyar Mobilit\u00e1s-fejleszt\u00e9si \u00dcgyn\u00f6ks\u00e9g Zrt. a BPC Management Zrt.-vel k\u00f6t\u00f6tt p\u00e1lyahaszn\u00e1lati meg\u00e1llapod\u00e1st. A pap\u00edron puszta ingatlanb\u00e9rletnek be\u00e1ll\u00edtott \u00fcgylet c\u00e9lja az volt, hogy a Balaton Park Circuit adjon otthont a MotoGP \u00e9s a World Superbike (WSBK) magyarorsz\u00e1gi futamainak.<\/p>\n<p>A meg\u00e1llapod\u00e1s \u00e9s annak el\u0151k\u00e9sz\u00edtett m\u00f3dos\u00edt\u00e1sai alapj\u00e1n a HUMDA olyan gigantikus fizet\u00e9si k\u00f6telezetts\u00e9geket v\u00e1llalt mag\u00e1ra, amelyek m\u00e9rt\u00e9ke messze t\u00falmutat a piaci b\u00e9rleti d\u00edjakon:<\/p>\n<p>MotoGP-versenynapok b\u00e9rlete: 2025-ben 11,8 milli\u00f3 eur\u00f3t (4,7 milli\u00e1rd forint), 2026-ban 5,3 milli\u00f3 eur\u00f3t (2,1 milli\u00e1rd forint), 2027-ben pedig 4,3 milli\u00f3 eur\u00f3t (1,7 milli\u00e1rd forint) fizettek volna ki a p\u00e1ly\u00e1nak.Superbike-futamok 10 \u00e9ves keretszerz\u0151d\u00e9se: 2025 \u00e9s 2034 k\u00f6z\u00f6tt \u00e9vente 2,8 milli\u00f3 eur\u00f3, azaz a teljes id\u0151szakra 27,6 milli\u00f3 eur\u00f3 (11 milli\u00e1rd forint) haszn\u00e1lati d\u00edjat k\u00f6t\u00f6ttek le.Kieg\u00e9sz\u00edt\u0151 meg\u00e1llapod\u00e1sokat k\u00f6t\u00f6ttek tov\u00e1bbi 6,7 milli\u00f3 eur\u00f3 (2,66 milli\u00e1rd forint) \u00e9rt\u00e9kben MotoE-futamok \u00e9s megn\u00f6vekedett ter\u00fclethaszn\u00e1lat jogc\u00edmen.A MotoGP- \u00e9s Superbike-versenyek \u2013 a nemzetk\u00f6zi jogtulajdonosokat illet\u0151 \u2013 jogd\u00edj\u00e1t \u00e9vi \u00f6t-, illetve h\u00e1romsz\u00e1zal\u00e9kos maxim\u00e1lis index\u00e1l\u00e1ssal t\u00edz \u00e9vre v\u00e1llalt\u00e1k. El\u0151bbi k\u00f6zel \u00e9vi 4 milli\u00e1rd forint, ut\u00f3bbi 370 milli\u00f3 forint volt 2025-re.De m\u00e9g mindezeken fel\u00fcl a versenyp\u00e1lya bek\u00f6t\u0151\u00fatj\u00e1t is a HUMDA \u00e9p\u00edtette meg, 283 milli\u00f3 forint\u00e9rt, ezt az al\u00e1bbi \u00f6sszegz\u00e9sben fel sem t\u00fcntett\u00fck.<\/p>\n<p>Mint l\u00e1tszik, a HUMDA Zrt. \u00e1ltal v\u00e1llalt teljes csomag \u00edgy \u00f6sszess\u00e9g\u00e9ben, index\u00e1lva k\u00f6zel 70 milli\u00e1rd forintot tett ki, jogd\u00edjak n\u00e9lk\u00fcl pedig 21 milli\u00e1rdot. Ebb\u0151l 2025\u20132026-ra 19,7 milli\u00e1rd forint jutott, jogd\u00edjak n\u00e9lk\u00fcl 11,3 milli\u00e1rd.<\/p>\n<p>A megismert dokumentumok alapj\u00e1n az rajzol\u00f3dik ki, hogy messze nagyobb \u00f6sszegeket biztos\u00edtottak ann\u00e1l, mint ami puszt\u00e1n a p\u00e1lya haszn\u00e1lata miatt sz\u00fcks\u00e9ges lenne. A 2025-\u00f6s \u00e9vre meg\u00e1llap\u00edtott haszn\u00e1lati d\u00edj jelent\u0151sen magasabb volt \u2013 t\u00f6bb mint a k\u00e9tszerese \u2013 a k\u00e9s\u0151bbi \u00e9vekhez k\u00e9pest.<\/p>\n<p>A szerz\u0151d\u00e9ses felt\u00e9telek szerint a HUMDA ezt a d\u00edjat nem a p\u00e1lya t\u00e9nyleges haszn\u00e1latakor, hanem a p\u00e1lya m\u0171szaki \u00e1talak\u00edt\u00e1s\u00e1nak kivitelez\u00e9si m\u00e9rf\u00f6ldk\u00f6veihez igaz\u00edtva volt k\u00f6teles t\u00f6rleszteni. A BPC Management Zrt. ugyanis v\u00e1llalta, hogy a FIM (Nemzetk\u00f6zi Motorker\u00e9kp\u00e1r-sz\u00f6vets\u00e9g) el\u0151\u00edr\u00e1sainak megfelel\u0151en \u00e1t\u00e9p\u00edti a p\u00e1ly\u00e1t (buk\u00f3terek, betonszeg\u00e9lyek, zajv\u00e9d\u0151 falak l\u00e9tes\u00edt\u00e9se), hogy megkapja a versenyekhez sz\u00fcks\u00e9ges A licencet.<\/p>\n<p>Ezzel a magyar \u00e1llami c\u00e9g b\u00e9rleti d\u00edjnak \u00e1lc\u00e1zva tulajdonk\u00e9ppen egy mag\u00e1nberuh\u00e1z\u00e1s \u00e9p\u00edtkez\u00e9s\u00e9t finansz\u00edrozta k\u00f6zp\u00e9nzb\u0151l.<\/p>\n<p>A BPC Management Zrt. szerint a Balaton Park Circuit \u00e9s a kapcsol\u00f3d\u00f3 c\u00e9gek semmilyen t\u00e1mogat\u00e1st vagy szubvenci\u00f3t nem kaptak \u00e9s nem is ig\u00e9nyeltek az \u00e1llamt\u00f3l, az EU-t\u00f3l, bankokt\u00f3l vagy m\u00e1s szervezett\u0151l; a HUMDA Zrt. csak egy volt a sok \u00fcgyfel\u00fck k\u00f6z\u00fcl. (A bev\u00e9teli adatok szerint azonban, mint k\u00e9s\u0151bb l\u00e1tni fogjuk, messze a legfontosabb.)<\/p>\n<p>\u00c1ll\u00edt\u00e1suk szerint a HUMDA a MotoGP \u00e9s a World Superbike jogtulajdonosak\u00e9nt \u00e9s szervez\u0151jek\u00e9nt a p\u00e1lya \u00e9s a k\u00f6rnyez\u0151 ter\u00fcletek haszn\u00e1lat\u00e1\u00e9rt, a sport-, orvosi \u00e9s biztons\u00e1gi szolg\u00e1ltat\u00e1sok\u00e9rt, valamint a FIM \u00e1ltal el\u0151\u00edrt A licenc megszerz\u00e9s\u00e9hez sz\u00fcks\u00e9ges \u00e1talak\u00edt\u00e1sok\u00e9rt fizetett haszn\u00e1lati d\u00edjat.<\/p>\n<p>Egyoldal\u00fa szerz\u0151d\u00e9s<\/p>\n<p>A meg\u00e1llapod\u00e1sokat k\u00f6zbeszerz\u00e9s n\u00e9lk\u00fcl k\u00f6t\u00f6tt\u00e9k meg. A t\u00f6rv\u00e9ny f\u0151 szab\u00e1ly szerint mentes\u00edti a megl\u00e9v\u0151 ingatlanok b\u00e9rlet\u00e9t a k\u00f6zbeszerz\u00e9si k\u00f6telezetts\u00e9g al\u00f3l. Mivel a megismert meg\u00e1llapod\u00e1sban a p\u00e1lya \u00e1t\u00e9p\u00edt\u00e9se \u00e9s m\u0171szaki specifik\u00e1ci\u00f3ja volt a b\u00e9rlet el\u0151felt\u00e9tele \u2013 amit a BPC a HUMDA k\u00f6zvetlen megrendel\u00e9s\u00e9re \u00e9s gazdas\u00e1gi \u00e9rdek\u00e9ben v\u00e9gzett \u2013, az \u00fcgylet jogi \u00e9rtelm\u00e9ben \u00e9p\u00edt\u00e9si beruh\u00e1z\u00e1snak min\u0151s\u00fclhet.<\/p>\n<p>A magyar \u00e9s az uni\u00f3s joggyakorlat szerint, ha egy szerz\u0151d\u00e9s b\u00e9rleti \u00e9s \u00e9p\u00edt\u00e9si elemeket is tartalmaz, arra k\u00f6telez\u0151en k\u00f6zbeszerz\u00e9si elj\u00e1r\u00e1st kell lefolytatni.<\/p>\n<p>Mivel ezt a HUMDA mell\u0151zte, a meg\u00e1llapod\u00e1s a t\u00f6rv\u00e9ny erej\u00e9n\u00e9l fogva semmis lehet.<\/p>\n<p>A szerz\u0151d\u00e9s szerkezete teljes m\u00e9rt\u00e9kben a mag\u00e1nbefektet\u0151nek kedvezett az \u00e1llami \u00fcgyn\u00f6ks\u00e9ggel szemben a megismert jogi v\u00e9lem\u00e9nyek szerint. A meg\u00e1llapod\u00e1s szerint p\u00e9ld\u00e1ul a nemzetk\u00f6zi sz\u00f6vets\u00e9g biztons\u00e1gi el\u0151\u00edr\u00e1saihoz kapcsol\u00f3d\u00f3 \u00e1t\u00e9p\u00edt\u00e9si sz\u00e1ml\u00e1kat a HUMDA-nak kellene \u00e1llnia. R\u00e1ad\u00e1sul, ha az \u00e1talak\u00edt\u00e1s 10 napn\u00e1l tov\u00e1bb tart, a HUMDA a munk\u00e1latok alatt is k\u00f6teles lett volna teljes napid\u00edjat fizetni a p\u00e1lyatulajdonosnak.<\/p>\n<p>Amennyiben a BPC nem tudta volna elv\u00e9gezni az \u00e1talak\u00edt\u00e1sokat, \u00e9s a p\u00e1lya elbukta volna a licencet, a HUMDA el\u00e1llhatott volna a szerz\u0151d\u00e9st\u0151l, a BPC pedig mind\u00f6ssze f\u00e9lmilli\u00f3 eur\u00f3 k\u00f6tb\u00e9r megfizet\u00e9s\u00e9re lett volna k\u00f6teles. Ez az \u00f6sszeg elt\u00f6rp\u00fcl a mellett a hatalmas k\u00e1rt\u00e9r\u00edt\u00e9si \u00e9s k\u00f6tb\u00e9rk\u00f6telezetts\u00e9g mellett, amit a HUMDA-nak kellett volna kifizetnie a nemzetk\u00f6zi jogtulajdonosnak a futam meghi\u00fasul\u00e1sa miatt.<\/p>\n<p>Piaci alapon nehezen \u00e9rtelmezhet\u0151<\/p>\n<p>A BPC Management Zrt.-vel k\u00f6t\u00f6tt szerz\u0151d\u00e9sek szerint 12,4 milli\u00e1rd forint kifizet\u00e9s\u00e9t v\u00e1llalta az \u00e1llami HUMDA. A BPC Management Zrt. tavalyi \u00e1rbev\u00e9tel\u00e9ben 9,9 milli\u00e1rd forint jelent meg \u2013 az elt\u00e9r\u00e9seket az elt\u00e9r\u0151 \u00e1rfolyamok is okozhatt\u00e1k r\u00e9szben. A t\u00e1rsas\u00e1g a besz\u00e1mol\u00f3j\u00e1ban nem r\u00e9szletezi a p\u00e9nz\u00fcgyi adatait, \u00edgy nem tudni, mennyi volt a jegy\u00e1rbev\u00e9tel, mennyi sz\u00e1rmazott az \u00e1llami t\u00e1rsas\u00e1gt\u00f3l.<\/p>\n<p>A BPC Management Zrt. 370 milli\u00f3 forint ad\u00f3zott eredm\u00e9nyt \u00e9rt el, \u00e9s mivel a bev\u00e9tel t\u00falnyom\u00f3 t\u00f6bbs\u00e9ge a HUMDA-t\u00f3l sz\u00e1rmazhatott, k\u00e9ts\u00e9ges, hogy piaci alapon, \u00e1llami szerz\u0151d\u00e9sek n\u00e9lk\u00fcl \u00e9letk\u00e9pes lehetett volna-e a motorversenyek szervez\u00e9se.<\/p>\n<p>A p\u00e1ly\u00e1t tulajdonl\u00f3 European R.M.S. Federazione Kft. p\u00e9nz\u00fcgyi adatai nem \u00e9rhet\u0151k el 2025-re, mert a t\u00e1rsas\u00e1g nem adott le p\u00e9nz\u00fcgyi besz\u00e1mol\u00f3t, aminek m\u00e1jus v\u00e9g\u00e9n volt a hat\u00e1rideje. K\u00e9rd\u00e9s\u00fcnkre a c\u00e9gekn\u00e9l elmondt\u00e1k, hogy a 2025-\u00f6s p\u00e9nz\u00fcgyi besz\u00e1mol\u00f3jukat hamarosan beny\u00fajtj\u00e1k, de nem adtak indokl\u00e1st, hogy mi\u00e9rt k\u00e9snek.*<\/p>\n<p>A megkeres\u00e9skor m\u00e9g a BPC Management tavalyi besz\u00e1mol\u00f3ja sem volt ismert.<\/p>\n<p>A 2024. december 31-i adatok szerint az \u00f6sszes befektetett eszk\u00f6z \u00e9rt\u00e9ke 16,5 milli\u00e1rd forint volt. Ebben benne van a p\u00e1lya \u00e9s a telek is a sz\u00e1mviteli szab\u00e1lyok szerint. A c\u00e9g m\u00e1r ekkor sem tartotta be az \u00f6sszes k\u00f6zz\u00e9t\u00e9teli szab\u00e1lyt: a r\u00e9szleteket \u00e9s a k\u00f6nyvel\u0151 jelent\u00e9s\u00e9t tartalmaz\u00f3 kieg\u00e9sz\u00edt\u0151 mell\u00e9klet is hi\u00e1nyzik.<\/p>\n<p>B\u00facs\u00fa k\u00e9t \u00e9v ut\u00e1n<\/p>\n<p>Tavaly \u00e9s id\u00e9n megrendezt\u00e9k Balatonf\u0151kaj\u00e1ron a MotoGP-futamot, a Nemzetk\u00f6zi Motorsportsz\u00f6vets\u00e9g a 2027-es szezont\u00f3l azonban t\u00f6r\u00f6lte a magyar helysz\u00ednt. A verseny komoly kritik\u00e1t kapott p\u00e9ld\u00e1ul <a href=\"https:\/\/www.gpone.com\/en\/2026\/06\/04\/motogp\/bagnaia-from-riches-to-rags-balaton-is-the-worst-track-there-is.html\" target=\"_blank\" rel=\"nofollow noopener\">versenyz\u0151k<\/a> \u00e9s <a href=\"https:\/\/www.facebook.com\/groups\/1688848208039808\/posts\/4097812417143363\/\" target=\"_blank\" rel=\"nofollow noopener\">rajong\u00f3k<\/a> <a href=\"https:\/\/www.blikk.hu\/sport\/balaton-park-circuit-eletveszely-motogp-magyar-nagyydij\/szw336b\" target=\"_blank\" rel=\"nofollow noopener\">visszajelz\u00e9sei<\/a> alapj\u00e1n. A Moto GP k\u00e9tszeres bajnoka, <a href=\"https:\/\/www.motorsport.com\/motogp\/news\/francesco-bagnaia-balaton-park-motogp\/10826702\/\" target=\"_blank\" rel=\"nofollow noopener\">Francesco Bagnaia<\/a> szerint csak egy \u00e1tmeneti p\u00e1lya volt, \u00e9s nem t\u00fal ide\u00e1lis, \u00fagy fogalmazott, hogy egy szokatlan p\u00e1ly\u00e1t csin\u00e1ltak.<\/p>\n<p>Nem val\u00f3sz\u00edn\u0171, hogy nagyobb motorversenyeket rendezn\u00e9nek a j\u00f6v\u0151ben a p\u00e1ly\u00e1n, amit az is mutathat, hogy az aut\u00f3p\u00e1ly\u00e1r\u00f3l is l\u00e1that\u00f3, saj\u00e1t k\u00f6zl\u00e9s\u00fck szerint 120 ezer <a href=\"https:\/\/www.balatonparkcircuit.com\/the-venue\" target=\"_blank\" rel=\"nofollow noopener\">f\u00e9r\u0151hely<\/a> nagy r\u00e9sz\u00e9t elbontott\u00e1k. Igaz, ezek mobil lel\u00e1t\u00f3rendszerek voltak, \u00e1lland\u00f3an alig 10 ezer n\u00e9z\u0151t tudnak <a href=\"http:\/\/www.racingcircuits.info\/europe\/hungary\/balaton-park.html\" target=\"_blank\" rel=\"nofollow noopener\">fogadni<\/a>. (A tavalyi MotoGP-futamra 80 ezren <a href=\"http:\/\/www.motogpczechia.com\/en\/blog\/brno-becomes-the-fifth-most-attended-race-of-the-season?\" target=\"_blank\" rel=\"nofollow noopener\">l\u00e1togattak ki<\/a>.) A mobil lel\u00e1t\u00f3k nem is a p\u00e1ly\u00e1hoz tartoztak: a HUMDA a Lounge-csoport egyik c\u00e9g\u00e9n kereszt\u00fcl szerezte be, \u00e9s \u0151k vihett\u00e9k el a p\u00e1ly\u00e1r\u00f3l.<\/p>\n<p>A j\u00f6v\u0151t illet\u0151en legink\u00e1bb az a k\u00e9rd\u00e9s, hogy melyik c\u00e9gnek rosszabbak a kil\u00e1t\u00e1sai. A HUMDA felsz\u00e1mol\u00e1s alatt \u00e1ll, az ebben a t\u00f6rt\u00e9netben csak mell\u00e9kszerepl\u0151 Bal\u00e1sy-f\u00e9le Lounge c\u00e9gek j\u00f6v\u0151je a korm\u00e1nyt\u00f3l f\u00fcgg, m\u00edg a p\u00e1ly\u00e1t m\u0171k\u00f6dtet\u0151 \u00e9s birtokl\u00f3 v\u00e1llalkoz\u00e1soknak minden bizonnyal \u00e1llami mank\u00f3 n\u00e9lk\u00fcl kell majd a tov\u00e1bbi \u00e9letk\u00e9pess\u00e9g\u00fcket bizony\u00edtaniuk.<\/p>\n","protected":false},"excerpt":{"rendered":"A magyar \u00e1llam k\u00f6zel h\u00fasz \u00e9ven \u00e1t pr\u00f3b\u00e1lt MotoGP-futamot Magyarorsz\u00e1gra hozni. Az \u00fat S\u00e1volyt\u00f3l Hajd\u00fan\u00e1n\u00e1son \u00e1t Balatonf\u0151kaj\u00e1rig vezetett.&hellip;\n","protected":false},"author":2,"featured_media":230839,"comment_status":"","ping_status":"","sticky":false,"template":"","format":"standard","meta":{"footnotes":"","_share_on_mastodon":"0"},"categories":[14],"tags":[22650,29867,61033,18428,61034,44,26144,42,40,43,41,5013,1627,45,131,3037],"class_list":["post-230838","post","type-post","status-publish","format-standard","has-post-thumbnail","category-sport","tag-balaton-park-circuit","tag-balatonfokajar","tag-chanoch-nissany","tag-hajdunanas","tag-hanoch-nisszani","tag-hu","tag-humda","tag-hungarian","tag-hungary","tag-magyar","tag-magyarorszag","tag-motogp","tag-palkovics-laszlo","tag-sport","tag-sports","tag-vallalat"],"share_on_mastodon":{"url":"https:\/\/pubeurope.com\/@hu\/117205126505876779","error":""},"_links":{"self":[{"href":"https:\/\/www.europesays.com\/hu\/wp-json\/wp\/v2\/posts\/230838","targetHints":{"allow":["GET"]}}],"collection":[{"href":"https:\/\/www.europesays.com\/hu\/wp-json\/wp\/v2\/posts"}],"about":[{"href":"https:\/\/www.europesays.com\/hu\/wp-json\/wp\/v2\/types\/post"}],"author":[{"embeddable":true,"href":"https:\/\/www.europesays.com\/hu\/wp-json\/wp\/v2\/users\/2"}],"replies":[{"embeddable":true,"href":"https:\/\/www.europesays.com\/hu\/wp-json\/wp\/v2\/comments?post=230838"}],"version-history":[{"count":0,"href":"https:\/\/www.europesays.com\/hu\/wp-json\/wp\/v2\/posts\/230838\/revisions"}],"wp:featuredmedia":[{"embeddable":true,"href":"https:\/\/www.europesays.com\/hu\/wp-json\/wp\/v2\/media\/230839"}],"wp:attachment":[{"href":"https:\/\/www.europesays.com\/hu\/wp-json\/wp\/v2\/media?parent=230838"}],"wp:term":[{"taxonomy":"category","embeddable":true,"href":"https:\/\/www.europesays.com\/hu\/wp-json\/wp\/v2\/categories?post=230838"},{"taxonomy":"post_tag","embeddable":true,"href":"https:\/\/www.europesays.com\/hu\/wp-json\/wp\/v2\/tags?post=230838"}],"curies":[{"name":"wp","href":"https:\/\/api.w.org\/{rel}","templated":true}]}}