{"id":230844,"date":"2026-09-03T04:08:09","date_gmt":"2026-09-03T04:08:09","guid":{"rendered":"https:\/\/www.europesays.com\/hu\/230844\/"},"modified":"2026-09-03T04:08:09","modified_gmt":"2026-09-03T04:08:09","slug":"telex-itt-vannak-az-orszag-legfejlettebb-telepulesei","status":"publish","type":"post","link":"https:\/\/www.europesays.com\/hu\/230844\/","title":{"rendered":"Telex: Itt vannak az orsz\u00e1g legfejlettebb telep\u00fcl\u00e9sei"},"content":{"rendered":"<p>Szinte minden magyarorsz\u00e1gi telep\u00fcl\u00e9s fejl\u0151d\u00f6tt 2014 \u00f3ta, de a fejl\u0151d\u00e9s \u00fctem\u00e9ben el\u00e9g nagy k\u00fcl\u00f6nbs\u00e9gek vannak, der\u00fcl ki az Egyens\u00faly Int\u00e9zet 2026-os Telep\u00fcl\u00e9sindex\u00e9b\u0151l. A megyesz\u00e9khelyek k\u00f6z\u00f6tt el\u0151ret\u00f6rtek az iparv\u00e1rosok, a nagyv\u00e1rosokn\u00e1l kisebb, de 15 ezer lakos feletti telep\u00fcl\u00e9sek pedig legink\u00e1bb az energetikai \u00e9s a logisztikai k\u00f6zpont jelleg\u00fcknek k\u00f6sz\u00f6nhett\u00e9k a fejl\u0151d\u00e9s\u00fcket.<\/p>\n<p>Egy telep\u00fcl\u00e9s dinamikus fejl\u0151d\u00e9s\u00e9hez k\u00e9t t\u00e9nyez\u0151re van a legnagyobb sz\u00fcks\u00e9g: min\u00e9l magasabb a diplom\u00e1sok ar\u00e1nya, ann\u00e1l jobban fejl\u0151dik egy telep\u00fcl\u00e9s, a m\u00e1sodik legfontosabb t\u00e9nyez\u0151 pedig a Budapesthez val\u00f3 k\u00f6zels\u00e9g. Az Egyens\u00faly Int\u00e9zet szerint kulcsfontoss\u00e1g\u00fa a diplom\u00e1s lakoss\u00e1g helyben tart\u00e1sa \u00e9s odavonz\u00e1sa, ha egy telep\u00fcl\u00e9s hossz\u00fa t\u00e1von nagy fejl\u0151d\u00e9si p\u00e1ly\u00e1t szeretne befutni.<\/p>\n<p>Az Egyens\u00faly Int\u00e9zet 2024-ben l\u00e9trehozott Telep\u00fcl\u00e9sindexe 3154 magyar telep\u00fcl\u00e9s \u00e9s 23 budapesti ker\u00fclet fejletts\u00e9g\u00e9t hasonl\u00edtja \u00f6ssze \u00e9s \u00e1ll\u00edtja sorrendbe, t\u00f6bb mint 360 ezer nyilv\u00e1nosan hozz\u00e1f\u00e9rhet\u0151 statisztikai adat \u00e9s 53 indik\u00e1tor alapj\u00e1n. A teljes lista <a href=\"https:\/\/telepulesindex.hu\/\" target=\"_blank\" rel=\"nofollow noopener\">ezen a honlapon<\/a> \u00e9rhet\u0151 el, ahol mindenki r\u00e1kereshet saj\u00e1t lakhely\u00e9re is. Az indexet \u00e9vente friss\u00edtik, a telep\u00fcl\u00e9sek fejletts\u00e9g\u00e9t pedig kateg\u00f3ri\u00e1nk\u00e9nt \u00e9rt\u00e9kelik. A legfejlettebb \u00e9s a leggyorsabban fejl\u0151d\u0151 telep\u00fcl\u00e9seket list\u00e1z\u00f3 elemz\u00e9sen t\u00fal \u00f6sszegy\u0171jt\u00f6tt\u00fck a tanulm\u00e1ny legfontosabb \u00e1ll\u00edt\u00e1sait.<\/p>\n<p>Felt\u00f6r\u0151 iparv\u00e1rosok, p\u00f6rg\u0151 turizmus<\/p>\n<p>A fejletts\u00e9gi rangsorban a f\u0151v\u00e1rosi ker\u00fcletek k\u00f6z\u00f6tt a turisztikai \u00e9s \u00fczleti k\u00f6zpontk\u00e9nt m\u0171k\u00f6d\u0151 V. ker\u00fclet (Belv\u00e1ros-Lip\u00f3tv\u00e1ros) ker\u00fclt az els\u0151 helyre, ami nemcsak a legfejlettebb, hanem a legdinamikusabban fejl\u0151d\u0151 v\u00e1rosr\u00e9sz is lett. A rangsorban a VI. ker\u00fclet (Ter\u00e9zv\u00e1ros) k\u00f6veti, harmadik helyen a t\u00f6rt\u00e9nelmi hagyom\u00e1nyokban \u00e9s preszt\u00edzsberuh\u00e1z\u00e1sokban b\u0151velked\u0151 I. ker\u00fclet v\u00e9gzett.<\/p>\n<p>A fejl\u0151d\u00e9s \u00fctem\u00e9t n\u00e9zve az V. ker\u00fclet mellett k\u00e9t m\u00e1sik v\u00e1rosr\u00e9sz emelkedik ki: a nagyszab\u00e1s\u00fa v\u00e1rosrehabilit\u00e1ci\u00f3s programokon \u00e1tesett VIII. ker\u00fclet \u00e9s a XI. ker\u00fclet, ahol t\u00f6bb \u00faj lak\u00f3- \u00e9s irodapark is \u00e9p\u00fclt az el\u0151z\u0151 \u00e9vekben.<\/p>\n<p>A megyesz\u00e9khelyek k\u00f6z\u00f6tt Sz\u00e9kesfeh\u00e9rv\u00e1r v\u00e9gzett els\u0151k\u00e9nt, ami er\u0151s ipari b\u00e1zis\u00e1nak \u00e9s kedvez\u0151 elhelyezked\u00e9s\u00e9nek k\u00f6sz\u00f6nhet\u0151en 2014 \u00f3ta \u0151rzi a poz\u00edci\u00f3j\u00e1t. M\u00f6g\u00f6tte helycsere t\u00f6rt\u00e9nt, Veszpr\u00e9m gazdas\u00e1gi \u00e9s kultur\u00e1lis er\u0151s\u00f6d\u00e9se miatt a harmadikr\u00f3l a m\u00e1sodik helyre ugrott, a kor\u00e1bban m\u00e1sodik helyen v\u00e9gz\u0151 Eger a harmadik helyre cs\u00faszott vissza.<\/p>\n<p>Nagyot v\u00e1ltozott a fejl\u0151d\u00e9si dinamika rangsora a nagyv\u00e1rosokn\u00e1l: itt Miskolc v\u00e9gzett az els\u0151 helyen,<\/p>\n<p>megel\u0151zve a szint\u00e9n nagy fejl\u0151d\u00e9st felmutat\u00f3 P\u00e9cset \u00e9s Debrecent. Az ugr\u00e1sszer\u0171 fejl\u0151d\u00e9s Miskolcn\u00e1l a legfejlettebb nagyv\u00e1rosok rangsor\u00e1ban is megl\u00e1tszik, a megyesz\u00e9khely n\u00e9gy poz\u00edci\u00f3t jav\u00edtva a tizedik helyen \u00e1ll a megyesz\u00e9khelyek mez\u0151ny\u00e9ben.<\/p>\n<p>A 15 ezer f\u0151 feletti lakoss\u00e1g\u00fa v\u00e1rosokn\u00e1l a rangsort legink\u00e1bb a gazdas\u00e1gi potenci\u00e1l alak\u00edtja, azon bel\u00fcl is legink\u00e1bb az energetika \u00e9s a logisztika h\u00fazza a fejl\u0151d\u00e9st. A fejl\u0151d\u00e9si rangsort az olajfinom\u00edt\u00f3j\u00e1r\u00f3l ismert Sz\u00e1zhalombatta vezeti, a 2014-es hatodik helyr\u0151l torn\u00e1zta fel mag\u00e1t az els\u0151 helyre. Azt k\u00f6veti Buda\u00f6rs, ami a budapesti agglomer\u00e1ci\u00f3 logisztikai \u00e9s kereskedelmi k\u00f6zpontja, harmadik helyen az atomer\u0151m\u0171nek k\u00f6sz\u00f6nhet\u0151en kiemelked\u0151 bev\u00e9tellel b\u00edr\u00f3 Paks \u00e1ll.<\/p>\n<p>15 ezer f\u0151 alatt Balatonf\u00fcred emelkedik ki, a kisv\u00e1ros mindk\u00e9t rangsort vezeti, a tanulm\u00e1ny szerint a v\u00e1ros helyez\u00e9se a min\u0151s\u00e9gi turizmus \u00e9s tudatos v\u00e1rosfejleszt\u00e9s gazdas\u00e1g\u00e9l\u00e9nk\u00edt\u0151 hat\u00e1s\u00e1t mutatja. A fejletts\u00e9gi list\u00e1n a vegyipar\u00e1r\u00f3l ismert Tisza\u00fajv\u00e1ros \u00e1ll a m\u00e1sodik helyen, harmadik helyre a f\u0151v\u00e1rosi agglomer\u00e1ci\u00f3ban tal\u00e1lhat\u00f3 T\u00f6r\u00f6kb\u00e1lint ker\u00fclt. A fejl\u0151d\u00e9s m\u00e9rt\u00e9k\u00e9t tekintve Asz\u00f3d \u00e9s Balatonbogl\u00e1r k\u00f6veti Balatonf\u00fcredet.<\/p>\n<p>A falvak abszol\u00fat gy\u0151ztese unortodox utat j\u00e1rt be<\/p>\n<p>A legkisebb, \u00f6tezer lakos alatti kistelep\u00fcl\u00e9sek kateg\u00f3ri\u00e1ja hozta a legl\u00e1tv\u00e1nyosabb elmozdul\u00e1sokat, viszont a dobog\u00f3s helyezettek k\u00f6z\u00f6tt szinte minden telep\u00fcl\u00e9st a turizmus h\u00fazott felfel\u00e9, az abszol\u00fat els\u0151 helyezett viszont a NER-nek k\u00f6sz\u00f6nheti a sikersz\u00e9ri\u00e1t.<\/p>\n<p>A fejletts\u00e9gi rangsor els\u0151 hely\u00e9t Felcs\u00fat vette \u00e1t, aminek a fel\u00edvel\u00e9se 2014 \u00f3ta tart, kor\u00e1bban csup\u00e1n az 59. helyen \u00e1llt.<\/p>\n<p>A NER szimbolikus k\u00f6zpontj\u00e1v\u00e1 v\u00e1lt falu h\u00faz\u00f3mutat\u00f3i a szelekt\u00edv hullad\u00e9kgy\u0171jt\u00e9s, a gimn\u00e1ziumi tanul\u00f3k sz\u00e1ma \u00e9s a lakosok j\u00f6vedelme volt. <a href=\"https:\/\/telex.hu\/gazdasag\/2026\/01\/20\/egy-fore-juto-tokejovedelem-magyarorszag-2024-felcsut-budapest-2024-gki\" class=\"\" rel=\"nofollow noopener\" target=\"_blank\">Felcs\u00fat egy\u00e9bk\u00e9nt az egy f\u0151re jut\u00f3 j\u00f6vedelmi list\u00e1n<\/a> is kiemelked\u0151en j\u00f3l szerepelt, a faluban egymilli\u00e1rd forint jutott \u00e1tlagosan egy t\u0151k\u00e9sre.<\/p>\n<p>A k\u00f6r\u00fcl\u00f6tte elhelyezked\u0151 falvak sorsa viszont kev\u00e9sb\u00e9 szerencs\u00e9sen alakult: Sz\u00e1r p\u00e9ld\u00e1ul t\u00f6bb mint 200 helyet cs\u00faszott a rangsorban, a k\u00f6zeli Sz\u00e1rliget pedig 590 hellyel h\u00e1tr\u00e9bb v\u00e9gzett, \u00edgy ebben az esetben nem besz\u00e9lhet\u00fcnk arr\u00f3l, hogy a dinamikusan fejl\u0151d\u0151 falu mag\u00e1val h\u00fazta a k\u00f6rnyezet\u00e9t is.<\/p>\n<p>A m\u00e1sodik helyezett gy\u00f3gyturizmus\u00e1ra \u00e9p\u00edt\u0151, nemzetk\u00f6zileg is ismert H\u00e9v\u00edz, m\u00edg a harmadik Tihany. Ami a fejl\u0151d\u00e9s temp\u00f3j\u00e1t illeti, a dinamikai list\u00e1t itt is Felcs\u00fat vezeti. A fejl\u0151d\u00e9si \u00fctemet tekintve a m\u00e1sodik helyet a Balaton-parti Sz\u00e1nt\u00f3d szerezte meg, a harmadikon a Veszpr\u00e9m megyei, gazdas\u00e1gilag rendk\u00edv\u00fcl akt\u00edv Nemesv\u00e1mos v\u00e9gzett.<\/p>\n<p>A visszaes\u0151k<\/p>\n<p>Az eg\u00e9sz orsz\u00e1gban mind\u00f6ssze 24 kistelep\u00fcl\u00e9s esett vissza 2014 \u00f3ta, ez a mez\u0151ny kevesebb mint 1 sz\u00e1zal\u00e9k\u00e1t jelenti. 15 ezer f\u0151 feletti v\u00e1rosok k\u00f6z\u00fcl 2014 \u00f3ta egyetlen telep\u00fcl\u00e9s sem esett vissza, \u00f6sszess\u00e9g\u00e9ben mindegyik jav\u00edtott az indexpontsz\u00e1m\u00e1n.<\/p>\n<p>A legnagyobb zuhan\u00e1st (\u22125,06 pont) a 27 f\u0151s Sima produk\u00e1lta, ott nagyj\u00e1b\u00f3l egy csal\u00e1d elk\u00f6lt\u00f6z\u00e9se is f\u00f6ldcsuszaml\u00e1s-szer\u0171en megbolygatja a statisztik\u00e1t. A visszaes\u0151k nem a nyomorg\u00f3 falvak voltak, jellemz\u0151en az \u00e1tlagn\u00e1l fejlettebb helyzetb\u0151l indultak, hanyatl\u00e1suk oka pedig sokszor pr\u00f3zai volt: bez\u00e1rt a bolt, le\u00e9p\u00fclt a szoci\u00e1lis ell\u00e1t\u00e1s, p\u00e9ld\u00e1ul ellehetetlen\u00fclt vagy megsz\u0171nt a h\u00e1zi seg\u00edts\u00e9gny\u00fajt\u00e1s. Rajka az egyetlen telep\u00fcl\u00e9s a kistelep\u00fcl\u00e9si kateg\u00f3ri\u00e1n k\u00edv\u00fcl, ahol egy\u00e1ltal\u00e1n cs\u00f6kkent a pontsz\u00e1m. Ennek oka, hogy a hat\u00e1r menti telep\u00fcl\u00e9s lakoss\u00e1ga robban\u00e1sszer\u0171en n\u0151tt, de az infrastrukt\u00fara nem k\u00f6vette ezt, k\u00f6zben sokan Szlov\u00e1ki\u00e1ban dolgoznak \u00e9s ott ad\u00f3znak.<\/p>\n<p>A Telep\u00fcl\u00e9sindex egyik legfontosabb tanuls\u00e1ga, hogy m\u00edg a nagyobb v\u00e1rosokn\u00e1l \u00e9s megyesz\u00e9khelyekn\u00e9l a fejletts\u00e9gi k\u00fcl\u00f6nbs\u00e9gek cs\u00f6kken\u00e9se figyelhet\u0151 meg, addig a kisv\u00e1rosok, nagyobb k\u00f6zs\u00e9gek \u00e9s kistelep\u00fcl\u00e9sek k\u00f6r\u00e9ben er\u0151s\u00f6dtek a fejletts\u00e9gbeli egyenl\u0151tlens\u00e9gek. A 15 legelmaradottabb kistelep\u00fcl\u00e9s els\u0151sorban Borsod-Aba\u00faj-Zempl\u00e9nben, Barany\u00e1ban \u00e9s a zalai apr\u00f3falvas t\u00e9rs\u00e9gben tal\u00e1lhat\u00f3. Az orsz\u00e1g legkev\u00e9sb\u00e9 fejlett telep\u00fcl\u00e9se jelenleg a k\u00f6zel 600 f\u0151s Cseny\u00e9te, ezt Szak\u00e1csi, B\u00f3dvalenke \u00e9s Gadna k\u00f6veti. A n\u00e9gy telep\u00fcl\u00e9s Borsod \u00e9szaki r\u00e9sz\u00e9n, a szlov\u00e1k hat\u00e1rhoz k\u00f6zel tal\u00e1lhat\u00f3.<\/p>\n<p>\u00c9rdekes r\u00e9szlet, hogy a szolidarit\u00e1si ad\u00f3 t\u00f6bb telep\u00fcl\u00e9sn\u00e9l relat\u00edv visszaes\u00e9st okozott, Buda\u00f6rs ez\u00e9rt vesztette el kor\u00e1bbi els\u0151 helyez\u00e9s\u00e9t, tov\u00e1bb\u00e1 Tiszak\u00e9cske 14, Bugyi 12, Kazincbarcika pedig 8 helyet cs\u00faszott vissza \u2013 \u00f6sszess\u00e9g\u00e9ben teh\u00e1t nem lett rosszabb a helyzet\u00fck, de a t\u00f6bbiekhez k\u00e9pest romlott a helyez\u00e9s\u00fck. A szolidarit\u00e1si hozz\u00e1j\u00e1rul\u00e1s 2017 \u00f3ta <a href=\"https:\/\/szabad.ahang.hu\/petitions\/a-kormany-tetelesen-szamoljon-el-a-szolidaritasi-hozzajarulas-neven-beszedett-extra-adoval#:~:text=A%20Szolidarit%C3%A1si%20Hozz%C3%A1j%C3%A1rul%C3%A1si%20ad%C3%B3t%202012%2Dben%20vezett%C3%A9k%20be,volt%2C%20hogy%20a%20gazdagabb%2C%20nagyobb%20bev%C3%A9tel%C5%B1%20%C3%B6nkorm%C3%A1nyzatok\" target=\"_blank\" rel=\"nofollow noopener\">l\u00e9tezik<\/a>, \u00e9s elm\u00e9letileg az a c\u00e9lja, hogy a helyi ipar\u0171z\u00e9si ad\u00f3 \u00fajraoszt\u00e1s\u00e1val seg\u00edtse a szeg\u00e9nyebb \u00f6nkorm\u00e1nyzatokat.<\/p>\n<p>Az ut\u00f3bbi \u00e9vekben az a helyzet alakult ki, hogy a telep\u00fcl\u00e9sek 4 sz\u00e1zal\u00e9ka <a href=\"https:\/\/444.hu\/2026\/04\/16\/egyre-tobb-varos-tagadja-meg-a-szolidaritasi-hozzajarulas-befizeteset\" target=\"_blank\" rel=\"nofollow noopener\">fizette<\/a> a szolidarit\u00e1si ad\u00f3 60 sz\u00e1zal\u00e9k\u00e1t, amit a korm\u00e1ny a k\u00f6lts\u00e9gvet\u00e9s befoltoz\u00e1s\u00e1ra haszn\u00e1lt. Id\u00e9n <a href=\"https:\/\/telex.hu\/g7\/kozelet\/2026\/04\/17\/szolidaritasi-hozzajarulas-koltsegvetes-onkormanyzat-kormany-tisza\" class=\"\" rel=\"nofollow noopener\" target=\"_blank\">\u00e1prilisban t\u00f6bb v\u00e1ros bojkott\u00e1lta az ad\u00f3 befizet\u00e9s\u00e9t,<\/a> k\u00f6zt\u00fck Szolnok, \u00c9rd, Nagykanizsa, Orosh\u00e1za, Ajka, Szentes, H\u00f3dmez\u0151v\u00e1s\u00e1rhely \u00e9s a f\u0151v\u00e1ros XVIII. ker\u00fclete. A v\u00e1rosvezet\u0151k arra hivatkoztak, hogy ne a lek\u00f6sz\u00f6n\u0151 korm\u00e1ny rendelkezzen az \u00f6sszegr\u0151l, valamint rem\u00e9ny\u00fcket fejezt\u00e9k ki, hogy a Tisza-korm\u00e1ny alatt visszakapj\u00e1k az \u00f6nkorm\u00e1nyzatok az auton\u00f3mi\u00e1jukat.<\/p>\n<p>A tanulm\u00e1nyb\u00f3l az is kider\u00fcl, hogy 2014 \u00f3ta az eg\u00e9sz orsz\u00e1gban mind\u00f6ssze n\u00e9h\u00e1ny kistelep\u00fcl\u00e9s indult el \u00e9rdemben lefel\u00e9 a lejt\u0151n. A visszafejl\u0151d\u00e9s jellemz\u0151en a kor\u00e1bban kedvez\u0151bb helyzet\u0171 telep\u00fcl\u00e9sek poz\u00edci\u00f3veszt\u00e9s\u00e9t mutatja meg, nem pedig a perif\u00e9ri\u00e1k tov\u00e1bbi gyeng\u00fcl\u00e9s\u00e9t. Az is meglep\u0151nek hathat, hogy a turisztikai-vend\u00e9gl\u00e1t\u00f3 telep\u00fcl\u00e9sek a legkisebb csoport (mind\u00f6ssze 124 telep\u00fcl\u00e9s), m\u00e9gis \u0151k fejl\u0151dtek a leggyorsabban (+3,3 \u00e1tlag).<\/p>\n<p>N\u0151tt a k\u00f6zbiztons\u00e1g, de itt is vannak leszakad\u00f3k<\/p>\n<p>Az interakt\u00edv t\u00e9rk\u00e9p el\u0151fizet\u00e9ses verzi\u00f3j\u00e1ban a t\u00f6bb tucat indik\u00e1torra is lehet sz\u0171rni. Mi a k\u00f6zbiztons\u00e1g alakul\u00e1s\u00e1ra kerest\u00fcnk r\u00e1, amib\u0151l kider\u00fclt, hogy az ezer f\u0151re jut\u00f3 b\u0171ncselekm\u00e9nyekre sz\u0171rve 2014 \u00f3ta a Borsod megyei Debr\u00e9t\u00e9n (+195), a zalai Gy\u0171r\u0171s\u00f6n (+128) \u00e9s a szint\u00e9n zalai Pusztaap\u00e1tin (+75) n\u0151tt meg jelent\u0151sen a b\u0171ncselekm\u00e9nyek sz\u00e1ma, a k\u00f6zbiztons\u00e1g viszont nagym\u00e9rt\u00e9kben javult a baranyai K\u00f3r\u00f3son (\u2013346), a Fej\u00e9r megyei, Felcs\u00fathoz szint\u00e9n k\u00f6zel es\u0151 Alcs\u00fatdobozon (\u2013293) \u00e9s a zalai Lendvajakabf\u00e1n (\u2013250).<\/p>\n<p>Az Egyens\u00faly Int\u00e9zet elemz\u00e9se r\u00e1vil\u00e1g\u00edt az agglomer\u00e1ci\u00f3s telep\u00fcl\u00e9sek egyik legs\u00falyosabb \u00e1rnyoldal\u00e1ra, azaz hogy a n\u00e9pess\u00e9grobban\u00e1st a helyi infrastrukt\u00fara sokszor k\u00e9ptelen k\u00f6vetni. A j\u00f3m\u00f3d\u00fa agglomer\u00e1ci\u00f3s telep\u00fcl\u00e9sek hi\u00e1ba vonzz\u00e1k be a magas j\u00f6vedelm\u0171 \u00e9s k\u00e9pzett lakoss\u00e1got, a helyi szolg\u00e1ltat\u00e1sok hamar t\u00falterheltt\u00e9 v\u00e1lnak. A gyorsan n\u00f6vekv\u0151 lakoss\u00e1g ig\u00e9nyeivel a helyi eg\u00e9szs\u00e9g\u00fcgyi ell\u00e1t\u00e1s, a k\u00f6zoktat\u00e1s, a kiskereskedelem \u00e9s a szoci\u00e1lis h\u00e1l\u00f3zat egy id\u0151 ut\u00e1n m\u00e1r nem tud l\u00e9p\u00e9st tartani. Emiatt hi\u00e1ba dinamikus a bek\u00f6lt\u00f6z\u00e9si hull\u00e1m, megfelel\u0151 infrastrukt\u00fara \u00e9s szolg\u00e1ltat\u00e1si b\u0151v\u00edt\u00e9s n\u00e9lk\u00fcl a telep\u00fcl\u00e9sek visszacs\u00faszhatnak a fejletts\u00e9gi szempontok alapj\u00e1n.<\/p>\n<p>A Telep\u00fcl\u00e9sindexszel r\u00e9szletesen a Magyarorsz\u00e1g J\u00f6v\u0151 Id\u0151ben podcast hamarosan megjelen\u0151 ad\u00e1s\u00e1ban is foglalkoztunk.<\/p>\n","protected":false},"excerpt":{"rendered":"Szinte minden magyarorsz\u00e1gi telep\u00fcl\u00e9s fejl\u0151d\u00f6tt 2014 \u00f3ta, de a fejl\u0151d\u00e9s \u00fctem\u00e9ben el\u00e9g nagy k\u00fcl\u00f6nbs\u00e9gek vannak, der\u00fcl ki az&hellip;\n","protected":false},"author":2,"featured_media":230845,"comment_status":"","ping_status":"","sticky":false,"template":"","format":"standard","meta":{"footnotes":"","_share_on_mastodon":"0"},"categories":[6],"tags":[4891,73,8365,1617,8351,7760,63,44,42,40,43,41,8369,15150,1240,12325],"class_list":["post-230844","post","type-post","status-publish","format-standard","has-post-thumbnail","category-magyarorszag","tag-balaton","tag-budapest","tag-egyensuly-intezet","tag-energetika","tag-fejlesztes","tag-felcsut","tag-gazdasag","tag-hu","tag-hungarian","tag-hungary","tag-magyar","tag-magyarorszag","tag-magyarorszag-jovo-idoben","tag-telepules","tag-turizmus","tag-varosok"],"share_on_mastodon":{"url":"https:\/\/pubeurope.com\/@hu\/117205146283940131","error":""},"_links":{"self":[{"href":"https:\/\/www.europesays.com\/hu\/wp-json\/wp\/v2\/posts\/230844","targetHints":{"allow":["GET"]}}],"collection":[{"href":"https:\/\/www.europesays.com\/hu\/wp-json\/wp\/v2\/posts"}],"about":[{"href":"https:\/\/www.europesays.com\/hu\/wp-json\/wp\/v2\/types\/post"}],"author":[{"embeddable":true,"href":"https:\/\/www.europesays.com\/hu\/wp-json\/wp\/v2\/users\/2"}],"replies":[{"embeddable":true,"href":"https:\/\/www.europesays.com\/hu\/wp-json\/wp\/v2\/comments?post=230844"}],"version-history":[{"count":0,"href":"https:\/\/www.europesays.com\/hu\/wp-json\/wp\/v2\/posts\/230844\/revisions"}],"wp:featuredmedia":[{"embeddable":true,"href":"https:\/\/www.europesays.com\/hu\/wp-json\/wp\/v2\/media\/230845"}],"wp:attachment":[{"href":"https:\/\/www.europesays.com\/hu\/wp-json\/wp\/v2\/media?parent=230844"}],"wp:term":[{"taxonomy":"category","embeddable":true,"href":"https:\/\/www.europesays.com\/hu\/wp-json\/wp\/v2\/categories?post=230844"},{"taxonomy":"post_tag","embeddable":true,"href":"https:\/\/www.europesays.com\/hu\/wp-json\/wp\/v2\/tags?post=230844"}],"curies":[{"name":"wp","href":"https:\/\/api.w.org\/{rel}","templated":true}]}}