{"id":230846,"date":"2026-09-03T04:09:11","date_gmt":"2026-09-03T04:09:11","guid":{"rendered":"https:\/\/www.europesays.com\/hu\/230846\/"},"modified":"2026-09-03T04:09:11","modified_gmt":"2026-09-03T04:09:11","slug":"egyszerre-remegtek-meg-a-vilag-kotvenypiacai-komoly-figyelmeztetest-kaptak-a-befektetok","status":"publish","type":"post","link":"https:\/\/www.europesays.com\/hu\/230846\/","title":{"rendered":"Egyszerre remegtek meg a vil\u00e1g k\u00f6tv\u00e9nypiacai &#8211; komoly figyelmeztet\u00e9st kaptak a befektet\u0151k"},"content":{"rendered":"<p> &#13;<br \/>\n\t&#13;<br \/>\n\t\t\t\t&#13;<br \/>\n\t\t&#13;<br \/>\n\t\t&#13;<br \/>\n\t\t&#13;<br \/>\n&#13;<\/p>\n<p>\tEgyszerre remegtek meg a vil\u00e1g k\u00f6tv\u00e9nypiacai &#8211; komoly figyelmeztet\u00e9st kaptak a befektet\u0151k | Fintech.hu<\/p>\n<p>&#13;<br \/>\n&#13;<br \/>\n&#13;<br \/>\n&#13;<br \/>\n&#13;<br \/>\n&#13;<br \/>\n&#13;<br \/>\n&#13;<br \/>\n&#13;<br \/>\n&#13;<br \/>\n&#13;<\/p>\n<p>\t\t\t&#13;<br \/>\n&#13;<br \/>\n&#13;<br \/>\n&#13;<br \/>\n&#13;<\/p>\n<p><a itemprop=\"item\" href=\"https:\/\/fintech.hu\" rel=\"home nofollow noopener\" target=\"_blank\">Kezd\u0151lap<\/a><a itemprop=\"item\" href=\"https:\/\/fintech.hu\/category\/hirek\/\" rel=\"nofollow noopener\" target=\"_blank\">H\u00edrek<\/a>Egyszerre remegtek meg a vil\u00e1g k\u00f6tv\u00e9nypiacai \u2013 komoly figyelmeztet\u00e9st kaptak a befektet\u0151k<\/p>\n<p>\t\t&#13;<br \/>\n\t\t&#13;<\/p>\n<p>\t\t&#13;<\/p>\n<p>&#13;<br \/>\n&#13;<\/p>\n<p>!function(f,b,e,v,n,t,s)<br \/>\n{if(f.fbq)return;n=f.fbq=function(){n.callMethod?<br \/>\nn.callMethod.apply(n,arguments):n.queue.push(arguments)};<br \/>\nif(!f._fbq)f._fbq=n;n.push=n;n.loaded=!0;n.version=&#8217;2.0&#8242;;<br \/>\nn.queue=[];t=b.createElement(e);t.async=!0;<br \/>\nt.src=v;s=b.getElementsByTagName(e)[0];<br \/>\ns.parentNode.insertBefore(t,s)}(window,document,&#8217;script&#8217;,<br \/>\n&#8216;https:\/\/connect.facebook.net\/en_US\/fbevents.js&#8217;);<br \/>\n fbq(&#8216;init&#8217;, &#8216;179055442707086&#8217;);<br \/>\nfbq(&#8216;track&#8217;, &#8216;PageView&#8217;);<\/p>\n","protected":false},"excerpt":{"rendered":"&#13; &#13; &#13; &#13; &#13; &#13; &#13; Egyszerre remegtek meg a vil\u00e1g k\u00f6tv\u00e9nypiacai &#8211; komoly figyelmeztet\u00e9st kaptak a&hellip;\n","protected":false},"author":2,"featured_media":230847,"comment_status":"","ping_status":"","sticky":false,"template":"","format":"standard","meta":{"footnotes":"","_share_on_mastodon":"0"},"categories":[33],"tags":[5399,38,35,37,12907,44,42,40,3279,5461,43,41,34,7670,36,39],"class_list":["post-230846","post","type-post","status-publish","format-standard","has-post-thumbnail","category-hirek","tag-allamadossag","tag-focimek","tag-headlines","tag-hirek","tag-hozam","tag-hu","tag-hungarian","tag-hungary","tag-inflacio","tag-kotvenypiac","tag-magyar","tag-magyarorszag","tag-news","tag-reszveny","tag-top-stories","tag-vezeto-hirek"],"share_on_mastodon":{"url":"https:\/\/pubeurope.com\/@hu\/117205151335568885","error":""},"_links":{"self":[{"href":"https:\/\/www.europesays.com\/hu\/wp-json\/wp\/v2\/posts\/230846","targetHints":{"allow":["GET"]}}],"collection":[{"href":"https:\/\/www.europesays.com\/hu\/wp-json\/wp\/v2\/posts"}],"about":[{"href":"https:\/\/www.europesays.com\/hu\/wp-json\/wp\/v2\/types\/post"}],"author":[{"embeddable":true,"href":"https:\/\/www.europesays.com\/hu\/wp-json\/wp\/v2\/users\/2"}],"replies":[{"embeddable":true,"href":"https:\/\/www.europesays.com\/hu\/wp-json\/wp\/v2\/comments?post=230846"}],"version-history":[{"count":0,"href":"https:\/\/www.europesays.com\/hu\/wp-json\/wp\/v2\/posts\/230846\/revisions"}],"wp:featuredmedia":[{"embeddable":true,"href":"https:\/\/www.europesays.com\/hu\/wp-json\/wp\/v2\/media\/230847"}],"wp:attachment":[{"href":"https:\/\/www.europesays.com\/hu\/wp-json\/wp\/v2\/media?parent=230846"}],"wp:term":[{"taxonomy":"category","embeddable":true,"href":"https:\/\/www.europesays.com\/hu\/wp-json\/wp\/v2\/categories?post=230846"},{"taxonomy":"post_tag","embeddable":true,"href":"https:\/\/www.europesays.com\/hu\/wp-json\/wp\/v2\/tags?post=230846"}],"curies":[{"name":"wp","href":"https:\/\/api.w.org\/{rel}","templated":true}]}}