{"id":230856,"date":"2026-09-03T04:22:08","date_gmt":"2026-09-03T04:22:08","guid":{"rendered":"https:\/\/www.europesays.com\/hu\/230856\/"},"modified":"2026-09-03T04:22:08","modified_gmt":"2026-09-03T04:22:08","slug":"londonban-fotoztak-le-orban-rahelt-es-tiborcz-istvant","status":"publish","type":"post","link":"https:\/\/www.europesays.com\/hu\/230856\/","title":{"rendered":"Londonban fot\u00f3zt\u00e1k le Orb\u00e1n R\u00e1helt \u00e9s Tiborcz Istv\u00e1nt"},"content":{"rendered":"<p>Londonban van Orb\u00e1n R\u00e1hel \u00e9s Tiborcz Istv\u00e1n. Egy szemtan\u00fa szerint a h\u00e1zasp\u00e1r egy magyar rendsz\u00e1m\u00fa luxusterepj\u00e1r\u00f3val k\u00f6zlekedik a brit utc\u00e1kon.<\/p>\n<p>Orb\u00e1n R\u00e1helt \u00e9s f\u00e9rj\u00e9t, Tiborcz Istv\u00e1nt kedd este fot\u00f3zt\u00e1k le a londoni Tavistock Streeten. A h\u00e1zasp\u00e1rt a <a href=\"https:\/\/www.facebook.com\/kontrollponthu\/posts\/pfbid02dsqNEZoK7vxqBwWs7q4cAfswNxEZspBwxfuih61BUvmwMmGc8aC7VU5uAtHcwvril\" target=\"_blank\" rel=\"noopener noreferrer nofollow\">Kontroll<\/a> egyik olvas\u00f3ja sz\u00farta ki, amint egy Mercedes G-oszt\u00e1ly m\u00e1rk\u00e1j\u00fa terepj\u00e1r\u00f3t hagynak el.<\/p>\n<p>Londonban kapt\u00e1k lencsev\u00e9gre Orb\u00e1n R\u00e1helt \u00e9s f\u00e9rj\u00e9t, Tiborcz Istv\u00e1nt:<\/p>\n<p>\u201eAz aut\u00f3b\u00f3l k\u00e9t otthon ismert szem\u00e9ly sz\u00e1llt: Orb\u00e1n R\u00e1hel \u00e9s Tiborcz Istv\u00e1n\u201d \u2013 fogalmazott a <a href=\"https:\/\/www.facebook.com\/kontrollponthu\/posts\/122243179616506056?ref=embed_post\" target=\"_blank\" rel=\"noopener noreferrer nofollow\">Kontrollnak k\u00fcld\u00f6tt besz\u00e1mol\u00f3j\u00e1ban<\/a> az olvas\u00f3, aki le is fot\u00f3zta \u0151ket.<\/p>\n<p>A Mercedes G-oszt\u00e1ly \u00fajkori \u00e1ra a felszerelts\u00e9gt\u0151l f\u00fcgg\u0151en 55 \u00e9s 84 milli\u00f3 forint k\u00f6z\u00f6tt van \u2013 jegyezte meg a port\u00e1l.<\/p>\n<p>Ezel\u0151tt m\u00e9g Horv\u00e1torsz\u00e1gban nyaralt Tiborcz<\/p>\n<p><a href=\"https:\/\/nlc.hu\/ezvan\/20260821\/orban-viktor-vis-szigete-nyaralas\/\" target=\"_blank\" rel=\"noopener nofollow\">Orb\u00e1n Viktor \u00e9s csal\u00e1dja augusztus v\u00e9g\u00e9n m\u00e9g Horv\u00e1torsz\u00e1gban nyaralt<\/a>. A Fidesz eln\u00f6k\u00e9t a <a href=\"https:\/\/nlc.hu\/sztarok\/20260806\/orban-gaspar-hatszor-utazott-afrikaba-honvedsegi-repulogeppel\/\" target=\"_blank\" rel=\"noopener nofollow\">fi\u00e1val, Orb\u00e1n G\u00e1sp\u00e1rral<\/a> \u00e9s a <a href=\"https:\/\/nlc.hu\/ezvan\/20260616\/tiborcz-istvan-es-orban-rahel-szemelyesen-felugyelte-a-kozpenzmilliardos-galyatetoi-hotel-epiteset\/\" target=\"_blank\" rel=\"noopener nofollow\">vej\u00e9vel, Tiborcz Istv\u00e1nnal<\/a> Vis sziget\u00e9n fot\u00f3zt\u00e1k le. A fot\u00f3k tan\u00fas\u00e1ga szerint haj\u00f3n sz\u00e1lltak meg, Orb\u00e1n\u00e9kr\u00f3l ugyanis egy vide\u00f3 is k\u00e9sz\u00fclt, ahogyan egy gumics\u00f3nakkal egy k\u00f6zeli vitorl\u00e1sra tartanak.<\/p>\n<p>Kiemelt fot\u00f3: MTI\/Bruz\u00e1k No\u00e9mi<\/p>\n","protected":false},"excerpt":{"rendered":"Londonban van Orb\u00e1n R\u00e1hel \u00e9s Tiborcz Istv\u00e1n. Egy szemtan\u00fa szerint a h\u00e1zasp\u00e1r egy magyar rendsz\u00e1m\u00fa luxusterepj\u00e1r\u00f3val k\u00f6zlekedik a&hellip;\n","protected":false},"author":2,"featured_media":230857,"comment_status":"","ping_status":"","sticky":false,"template":"","format":"standard","meta":{"footnotes":"","_share_on_mastodon":"0"},"categories":[6],"tags":[44,42,40,3438,43,41,27853,235,3326],"class_list":["post-230856","post","type-post","status-publish","format-standard","has-post-thumbnail","category-magyarorszag","tag-hu","tag-hungarian","tag-hungary","tag-london","tag-magyar","tag-magyarorszag","tag-orban-rahel","tag-sztarok","tag-tiborcz-istvan"],"share_on_mastodon":{"url":"https:\/\/pubeurope.com\/@hu\/117205201521722453","error":""},"_links":{"self":[{"href":"https:\/\/www.europesays.com\/hu\/wp-json\/wp\/v2\/posts\/230856","targetHints":{"allow":["GET"]}}],"collection":[{"href":"https:\/\/www.europesays.com\/hu\/wp-json\/wp\/v2\/posts"}],"about":[{"href":"https:\/\/www.europesays.com\/hu\/wp-json\/wp\/v2\/types\/post"}],"author":[{"embeddable":true,"href":"https:\/\/www.europesays.com\/hu\/wp-json\/wp\/v2\/users\/2"}],"replies":[{"embeddable":true,"href":"https:\/\/www.europesays.com\/hu\/wp-json\/wp\/v2\/comments?post=230856"}],"version-history":[{"count":0,"href":"https:\/\/www.europesays.com\/hu\/wp-json\/wp\/v2\/posts\/230856\/revisions"}],"wp:featuredmedia":[{"embeddable":true,"href":"https:\/\/www.europesays.com\/hu\/wp-json\/wp\/v2\/media\/230857"}],"wp:attachment":[{"href":"https:\/\/www.europesays.com\/hu\/wp-json\/wp\/v2\/media?parent=230856"}],"wp:term":[{"taxonomy":"category","embeddable":true,"href":"https:\/\/www.europesays.com\/hu\/wp-json\/wp\/v2\/categories?post=230856"},{"taxonomy":"post_tag","embeddable":true,"href":"https:\/\/www.europesays.com\/hu\/wp-json\/wp\/v2\/tags?post=230856"}],"curies":[{"name":"wp","href":"https:\/\/api.w.org\/{rel}","templated":true}]}}