{"id":230858,"date":"2026-09-03T04:23:08","date_gmt":"2026-09-03T04:23:08","guid":{"rendered":"https:\/\/www.europesays.com\/hu\/230858\/"},"modified":"2026-09-03T04:23:08","modified_gmt":"2026-09-03T04:23:08","slug":"boka-janos-szerint-orban-a-jovoben-is-meghatarozo-szereploje-marad-a-fidesznek","status":"publish","type":"post","link":"https:\/\/www.europesays.com\/hu\/230858\/","title":{"rendered":"B\u00f3ka J\u00e1nos szerint Orb\u00e1n a j\u00f6v\u0151ben is meghat\u00e1roz\u00f3 szerepl\u0151je marad a Fidesznek"},"content":{"rendered":"<p>    <a href=\"https:\/\/www.europesays.com\/hu\/wp-content\/uploads\/2026\/09\/8NsTZw338UXgmOWHs.jpeg\" class=\"uwwrama _1chu0ywg _8b6bx65\" rel=\"nofollow\"><\/p>\n<p>  <img decoding=\"async\" loading=\"lazy\" src=\"https:\/\/www.europesays.com\/hu\/wp-content\/uploads\/2026\/09\/8NsTZw338UXgmOWHs.jpeg\"   class=\"_672m2jd _1chu0ywo ta3a4c1ey ta3a4c1aa he2knv4 ta3a4c1ey ta3a4czs\" style=\"--_672m2j6:1.50;--_672m2j5:2560px 1708px\" alt=\"\"\/><\/p>\n<p>      <\/a><\/p>\n<p>\n              B\u00f3ka J\u00e1nos az Orsz\u00e1ggy\u0171l\u00e9sben 2026. augusztus 28-\u00e1n.\n            <\/p>\n<p>\n              Fot\u00f3:<br \/>\n                N\u00e9meth D\u00e1niel\/444\n            <\/p>\n<p class=\"\">\n    A Fidesz frakci\u00f3vezet\u0151je <a href=\"https:\/\/youtu.be\/rAaAtFGwwG8\" target=\"_blank\" rel=\"nofollow noopener\">interj\u00fat adott<\/a> a C\u00d6F\u2013C\u00d6KA podcastj\u00e9nek. (A B\u00e9kemenet-szervez\u0151 C\u00d6F-C\u00d6KA jelenleg egy\u00e9bk\u00e9nt azon az \u00e1ll\u00e1sponton van, hogy <a href=\"https:\/\/444.hu\/2026\/09\/02\/cofcoka-magyarorszag-lehet-hogy-mar-nem-is-letezik\" target=\"_blank\" rel=\"nofollow noopener\">Magyarorsz\u00e1g lehet, hogy m\u00e1r meg is sz\u0171nt<\/a>.) A besz\u00e9lget\u00e9s v\u00e9g\u00e9n a 2030-as parlamenti v\u00e1laszt\u00e1sr\u00f3l B\u00f3ka J\u00e1nos azt mondta:\n  <\/p>\n<p>\u201eNekem az a feladatom, hogy ezek k\u00f6z\u00fcl az alternat\u00edv\u00e1k k\u00f6z\u00fcl egy polg\u00e1ri, konzervat\u00edv, jobboldali alternat\u00edva, az egy szerethet\u0151, v\u00e1laszthat\u00f3 \u00e9s a sikeress\u00e9g es\u00e9ly\u00e9vel indul\u00f3 alternat\u00edva legyen. (\u2026) Ennek a k\u00f6z\u00f6ss\u00e9gnek jelenleg \u00e9s az elm\u00falt \u00e9vtizedekben is meghat\u00e1roz\u00f3 szerepl\u0151je volt Orb\u00e1n Viktor, \u00e9s \u00fagy gondolom, hogy ez \u00edgy marad. \u00cdgy marad a j\u00f6v\u0151ben is, merthogy az \u0151 politikai k\u00e9pess\u00e9ge, az az innov\u00e1ci\u00f3s k\u00e9pess\u00e9ge, meg\u00fajul\u00e1s, az az \u00fajradefini\u00e1l\u00e1s \u00e9s az hogy meghallja, meg\u00e9rzi azt, hogy a magyar emberek elk\u00e9pzel\u00e9se az orsz\u00e1g j\u00f6v\u0151j\u00e9vel kapcsolatban mi, ez szerintem \u00e9rt\u00e9k, ez nek\u00fcnk nem teher, ez \u00e9rt\u00e9k.\u201d<\/p>\n<p class=\"\">\n    Azt elismerte, hogy a jelenlegi alkotm\u00e1nyos berendezked\u00e9s szerint Orb\u00e1n Viktor m\u00e1r nem lehet parlamenti k\u00e9pvisel\u0151 vagy minisztereln\u00f6k, de hozz\u00e1tette:\n  <\/p>\n<p>\u201eHogyha mi kapunk felhatalmaz\u00e1st a v\u00e1laszt\u00f3kt\u00f3l arra, hogy korm\u00e1nyozzunk, \u00e9s kapunk felhatalmaz\u00e1st arra, hogy ak\u00e1r ezeket a szab\u00e1lyokat \u00e1t\u00edrjuk vagy \u00fajra\u00edrjuk, akkor ez tov\u00e1bbi lehet\u0151s\u00e9geket nyit majd meg a j\u00f6v\u0151re.\u201d<\/p>\n<p class=\"\">\n    Eddig egy\u00e9bk\u00e9nt \u00fagy volt, hogy Orb\u00e1n <a href=\"https:\/\/444.hu\/2026\/06\/13\/a-vitnyedi-botrany-arnyekaban-kezdte-tisztujito-kongresszusat-a-fidesz\" target=\"_blank\" rel=\"nofollow noopener\">egy \u00e9vre v\u00e1llalja<\/a> a Fidesz eln\u00f6ki tiszts\u00e9g\u00e9t, de err\u0151l a hat\u00e1rid\u0151r\u0151l az\u00f3ta egyre kevesebb sz\u00f3 esik.\n  <\/p>\n","protected":false},"excerpt":{"rendered":"B\u00f3ka J\u00e1nos az Orsz\u00e1ggy\u0171l\u00e9sben 2026. augusztus 28-\u00e1n. Fot\u00f3: N\u00e9meth D\u00e1niel\/444 A Fidesz frakci\u00f3vezet\u0151je interj\u00fat adott a C\u00d6F\u2013C\u00d6KA podcastj\u00e9nek.&hellip;\n","protected":false},"author":2,"featured_media":230859,"comment_status":"","ping_status":"","sticky":false,"template":"","format":"standard","meta":{"footnotes":"","_share_on_mastodon":"0"},"categories":[33],"tags":[51973,26621,13103,89,38,35,37,44,42,40,43,41,34,66,99,36,61038,39],"class_list":["post-230858","post","type-post","status-publish","format-standard","has-post-thumbnail","category-hirek","tag-51973","tag-alkotmanymodositas","tag-boka-janos","tag-fidesz","tag-focimek","tag-headlines","tag-hirek","tag-hu","tag-hungarian","tag-hungary","tag-magyar","tag-magyarorszag","tag-news","tag-orban-viktor","tag-politika","tag-top-stories","tag-valasztas-2030","tag-vezeto-hirek"],"share_on_mastodon":{"url":"https:\/\/pubeurope.com\/@hu\/117205206453889121","error":""},"_links":{"self":[{"href":"https:\/\/www.europesays.com\/hu\/wp-json\/wp\/v2\/posts\/230858","targetHints":{"allow":["GET"]}}],"collection":[{"href":"https:\/\/www.europesays.com\/hu\/wp-json\/wp\/v2\/posts"}],"about":[{"href":"https:\/\/www.europesays.com\/hu\/wp-json\/wp\/v2\/types\/post"}],"author":[{"embeddable":true,"href":"https:\/\/www.europesays.com\/hu\/wp-json\/wp\/v2\/users\/2"}],"replies":[{"embeddable":true,"href":"https:\/\/www.europesays.com\/hu\/wp-json\/wp\/v2\/comments?post=230858"}],"version-history":[{"count":0,"href":"https:\/\/www.europesays.com\/hu\/wp-json\/wp\/v2\/posts\/230858\/revisions"}],"wp:featuredmedia":[{"embeddable":true,"href":"https:\/\/www.europesays.com\/hu\/wp-json\/wp\/v2\/media\/230859"}],"wp:attachment":[{"href":"https:\/\/www.europesays.com\/hu\/wp-json\/wp\/v2\/media?parent=230858"}],"wp:term":[{"taxonomy":"category","embeddable":true,"href":"https:\/\/www.europesays.com\/hu\/wp-json\/wp\/v2\/categories?post=230858"},{"taxonomy":"post_tag","embeddable":true,"href":"https:\/\/www.europesays.com\/hu\/wp-json\/wp\/v2\/tags?post=230858"}],"curies":[{"name":"wp","href":"https:\/\/api.w.org\/{rel}","templated":true}]}}