{"id":230868,"date":"2026-09-03T04:36:08","date_gmt":"2026-09-03T04:36:08","guid":{"rendered":"https:\/\/www.europesays.com\/hu\/230868\/"},"modified":"2026-09-03T04:36:08","modified_gmt":"2026-09-03T04:36:08","slug":"kiderult-mennyibe-kerult-magyar-peter-paksi-helikopteres-utja","status":"publish","type":"post","link":"https:\/\/www.europesays.com\/hu\/230868\/","title":{"rendered":"Kider\u00fclt, mennyibe ker\u00fclt Magyar P\u00e9ter paksi helikopteres \u00fatja"},"content":{"rendered":"<p>Mint ismert, Magyar P\u00e9ter augusztus 12-\u00e9n a <a href=\"https:\/\/nlc.hu\/ezvan\/20260824\/gripen-lezuhant-szolnok-honvedseg\/\" target=\"_blank\" rel=\"noopener nofollow\">Magyar Honv\u00e9ds\u00e9g<\/a> helikopter\u00e9vel utazott Paksra, Ruszin-Szendi Romulusz honv\u00e9delmi miniszter t\u00e1rsas\u00e1g\u00e1ban. Utaz\u00e1s\u00e1t akkor t\u00f6bbek k\u00f6z\u00f6tt azzal v\u00e9dte, hogy a helikoptereknek \u00e9s a pil\u00f3t\u00e1knak am\u00fagy is teljes\u00edteni\u00fck kell az el\u0151\u00edrt minim\u00e1lis rep\u00fcl\u00e9si id\u0151t. A <a rel=\"nofollow noopener noreferrer\" href=\"https:\/\/nepszava.hu\/3331983_magyar-peter-paks-helikopteres-ut\" target=\"_blank\">N\u00e9pszava \u00e1ltal kik\u00e9rt dokumentumokb\u00f3l<\/a> azonban kider\u00fcl, hogy a Magyar P\u00e9tert sz\u00e1ll\u00edt\u00f3 konkr\u00e9t g\u00e9pre m\u00e1s rep\u00fcl\u00e9s nem volt tervezve, az utat pedig l\u00e9gi szem\u00e9lysz\u00e1ll\u00edt\u00e1si feladatk\u00e9nt, nem pedig gyakorl\u00f3rep\u00fcl\u00e9sk\u00e9nt t\u00fcntett\u00e9k fel.<\/p>\n<p>A kiadott iratok szerint aznap a korm\u00e1nyf\u0151 \u00fatj\u00e1t\u00f3l f\u00fcggetlen\u00fcl is terveztek H145M-es gyakorl\u00f3rep\u00fcl\u00e9seket, de nem azon a konkr\u00e9t helikopteren, amely a minisztereln\u00f6k\u00f6t Paksra sz\u00e1ll\u00edtotta.<\/p>\n<p>Magyar P\u00e9ter kor\u00e1bban azzal v\u00e9dte az \u00fatj\u00e1t, hogy a <a href=\"https:\/\/nlc.hu\/ezvan\/20240922\/arviz-katonai-helikopterrel-mentettek-ki-egy-sulyos-beteget-kisoroszibol\/\" target=\"_blank\" rel=\"noopener nofollow\">helikopternek<\/a> \u00e9s pil\u00f3t\u00e1nak is meg van szabva az \u00e9ves minim\u00e1lis rep\u00fcl\u00e9si ideje, amelyet \u00edgy is nehezen \u00e9rnek el. A lapnak kiadott dokumentumok azonban nem tartalmaznak adatot arr\u00f3l, mekkora \u00e9ves vagy m\u00e1s id\u0151szakra meghat\u00e1rozott rep\u00fclt \u00f3r\u00e1t kellett teljes\u00edteni\u00fck az \u00e9rintett pil\u00f3t\u00e1knak, ebb\u0151l augusztus 12-ig mennyit teljes\u00edtettek, illetve mennyi hi\u00e1nyzott m\u00e9g az el\u0151\u00edrt k\u00f6vetelm\u00e9nyb\u0151l.<\/p>\n<p>Arra sincs adat a kiadott iratokban, hogy a paksi \u00fat 2 \u00f3ra 39 perces rep\u00fcl\u00e9si idej\u00e9t besz\u00e1m\u00edtott\u00e1k-e valamely k\u00f6telez\u0151 vagy j\u00e1rtass\u00e1gfenntart\u00f3 rep\u00fclt\u00f3ra-k\u00f6vetelm\u00e9ny teljes\u00edt\u00e9s\u00e9be.\u00a0<\/p>\n<p>Magyar P\u00e9ter Pakson:<\/p>\n<p><a id=\"galeria-1\" class=\"m-nextGallery _ce_measure_widget _ce_measure_link\" href=\"https:\/\/nlc.hu\/sztarok\/20260903\/magyar-peter-paks-helikopter-koltseg\/?gallery=1\/1\/d-yt20260823034.jpg\" data-ce-measure-widget=\"gallery-open\" rel=\"nofollow noopener\" target=\"_blank\"><\/p>\n<p>\t\t<img decoding=\"async\" width=\"7402\" height=\"4935\" src=\"https:\/\/www.europesays.com\/hu\/wp-content\/uploads\/2026\/09\/d-yt20260823034.jpg\" class=\"m-nextGallery__featureImage wp-image-2179133\" alt=\"\"   loading=\"lazy\"\/>\t<\/p>\n<p><\/a><\/p>\n<p>1,2 milli\u00f3 forint volt az \u00fat \u00f6nk\u00f6lts\u00e9ge<\/p>\n<p>A honv\u00e9ds\u00e9g sz\u00e1m\u00edt\u00e1sa szerint a rep\u00fcl\u00e9s teljes kalkul\u00e1lt \u00f6nk\u00f6lts\u00e9ge 1 226 772 forint volt. Ebben t\u00f6bb mint 390 ezer forintnyi l\u00e9gi\u00fczemanyag-k\u00f6lts\u00e9g, t\u00f6bb mint 138 ezer forint k\u00f6z\u00fati \u00fczemanyagk\u00f6lts\u00e9g, valamint a szem\u00e9lyi juttat\u00e1sok \u00e9s j\u00e1rul\u00e9kok szerepeltek. Ez az \u00f6sszeg azonban nem egy t\u00e9nyleges sz\u00e1mla, hanem egy \u00f6nk\u00f6lts\u00e9gsz\u00e1m\u00edt\u00e1s, azaz \u00f6nmag\u00e1ban nem mutatja meg, hogy pontosan mennyi pluszp\u00e9nz\u00e9be ker\u00fclt az \u00e1llamnak <a href=\"https:\/\/nlc.hu\/ezvan\/20260803\/magyar-peter-paksi-atomeromu-energiatakarekossag\/\" target=\"_blank\" rel=\"noopener nofollow\">Magyar P\u00e9ter paksi \u00fatja<\/a> \u2013 jegyzi meg a lap, hozz\u00e1t\u00e9ve: tov\u00e1bbra sem tiszt\u00e1zott, val\u00f3ban elker\u00fclhetetlen volt-e a helikopteres \u00fat.<\/p>\n<p>Kiemelt fot\u00f3: MTI\/Illy\u00e9s Tibor<\/p>\n","protected":false},"excerpt":{"rendered":"Mint ismert, Magyar P\u00e9ter augusztus 12-\u00e9n a Magyar Honv\u00e9ds\u00e9g helikopter\u00e9vel utazott Paksra, Ruszin-Szendi Romulusz honv\u00e9delmi miniszter t\u00e1rsas\u00e1g\u00e1ban. Utaz\u00e1s\u00e1t&hellip;\n","protected":false},"author":2,"featured_media":230869,"comment_status":"","ping_status":"","sticky":false,"template":"","format":"standard","meta":{"footnotes":"","_share_on_mastodon":"0"},"categories":[6],"tags":[7363,44,42,40,43,944,41,3169,235],"class_list":["post-230868","post","type-post","status-publish","format-standard","has-post-thumbnail","category-magyarorszag","tag-helikopter","tag-hu","tag-hungarian","tag-hungary","tag-magyar","tag-magyar-peter","tag-magyarorszag","tag-paks","tag-sztarok"],"share_on_mastodon":{"url":"https:\/\/pubeurope.com\/@hu\/117205256798412386","error":""},"_links":{"self":[{"href":"https:\/\/www.europesays.com\/hu\/wp-json\/wp\/v2\/posts\/230868","targetHints":{"allow":["GET"]}}],"collection":[{"href":"https:\/\/www.europesays.com\/hu\/wp-json\/wp\/v2\/posts"}],"about":[{"href":"https:\/\/www.europesays.com\/hu\/wp-json\/wp\/v2\/types\/post"}],"author":[{"embeddable":true,"href":"https:\/\/www.europesays.com\/hu\/wp-json\/wp\/v2\/users\/2"}],"replies":[{"embeddable":true,"href":"https:\/\/www.europesays.com\/hu\/wp-json\/wp\/v2\/comments?post=230868"}],"version-history":[{"count":0,"href":"https:\/\/www.europesays.com\/hu\/wp-json\/wp\/v2\/posts\/230868\/revisions"}],"wp:featuredmedia":[{"embeddable":true,"href":"https:\/\/www.europesays.com\/hu\/wp-json\/wp\/v2\/media\/230869"}],"wp:attachment":[{"href":"https:\/\/www.europesays.com\/hu\/wp-json\/wp\/v2\/media?parent=230868"}],"wp:term":[{"taxonomy":"category","embeddable":true,"href":"https:\/\/www.europesays.com\/hu\/wp-json\/wp\/v2\/categories?post=230868"},{"taxonomy":"post_tag","embeddable":true,"href":"https:\/\/www.europesays.com\/hu\/wp-json\/wp\/v2\/tags?post=230868"}],"curies":[{"name":"wp","href":"https:\/\/api.w.org\/{rel}","templated":true}]}}