{"id":230879,"date":"2026-09-03T04:50:11","date_gmt":"2026-09-03T04:50:11","guid":{"rendered":"https:\/\/www.europesays.com\/hu\/230879\/"},"modified":"2026-09-03T04:50:11","modified_gmt":"2026-09-03T04:50:11","slug":"csak-akkor-indulhat-el-barmilyen-folyamat-ha-a-projektvezeto-ur-is-jovahagyta-belso-dokumentumok-tanuskodnak-orban-gaspar-szerepvallalasarol-a-csadi-misszioban","status":"publish","type":"post","link":"https:\/\/www.europesays.com\/hu\/230879\/","title":{"rendered":"\u201eCsak akkor indulhat el b\u00e1rmilyen folyamat, ha a Projektvezet\u0151 \u00far is j\u00f3v\u00e1hagyta\u201d \u2013 bels\u0151 dokumentumok tan\u00faskodnak Orb\u00e1n G\u00e1sp\u00e1r szerepv\u00e1llal\u00e1s\u00e1r\u00f3l a cs\u00e1di misszi\u00f3ban"},"content":{"rendered":"<p>     B\u00e1r titkolni akart\u00e1k, m\u00e1ra mindenki sz\u00e1m\u00e1ra ismert, hogy Orb\u00e1n Viktor fia, Orb\u00e1n G\u00e1sp\u00e1r akt\u00edvan r\u00e9szt vett a cs\u00e1di misszi\u00f3 el\u0151k\u00e9sz\u00edt\u00e9s\u00e9ben. A 444 birtok\u00e1ba ker\u00fclt hivatalos dokumentumokb\u00f3l kider\u00fcl, hogy Orb\u00e1n G\u00e1sp\u00e1r nemcsak \u201e\u00f6sszek\u00f6t\u0151\u201d volt, ahogy Szalay-Bobrovniczky Krist\u00f3f volt honv\u00e9delmi miniszter nagyvonal\u00faan le\u00edrta, val\u00f3j\u00e1ban az \u0151 j\u00f3v\u00e1hagy\u00e1sa n\u00e9lk\u00fcl semmi sem t\u00f6rt\u00e9nhetett. \u0150 dirig\u00e1lt a Hungary Helpsnek \u00e9s a Magyar Agr\u00e1r- \u00e9s \u00c9lettudom\u00e1nyi Egyetemnek (MATE) is a cs\u00e1di teveprojekttel kapcsolatban, \u00e9s az afrikai orsz\u00e1gba utaz\u00f3 orvosmisszi\u00f3t is \u0151 vezette. Orb\u00e1n Viktor k\u00e9tezres korm\u00e1nyhat\u00e1rozatban adott az eddig ismert sz\u00e1zmilli\u00f3k mellett \u00fajabb sz\u00e1zmilli\u00f3 forintot a h\u00e1romhetes orvosmisszi\u00f3ra, ahol a hivatalos dokumentum szerint a \u201emisszi\u00f3vezet\u0151: dr. Orb\u00e1n G\u00e1sp\u00e1r\u201d volt. <\/p>\n<p class=\"\">\n    \u00dagy t\u0171nik, az Orb\u00e1n-korm\u00e1ny nemcsak Orb\u00e1n Viktor l\u00e1nya, Orb\u00e1n R\u00e1hel <a href=\"https:\/\/444.hu\/2026\/08\/31\/szallas-tiborcznal-ebed-a-ner-es-luxusetteremben-megszereztuk-orban-rahel-3-milliardos-influenszertripjenek-dokumentumait\" target=\"_blank\" rel=\"nofollow noopener\">influenszeres<\/a> szerelemprojektj\u00e9re biztos\u00edtott milli\u00e1rdos forr\u00e1sokat, de egy m\u00e1sik minisztereln\u00f6ki csemete, Orb\u00e1n G\u00e1sp\u00e1r projektj\u00e9t is b\u0151s\u00e9gesen megt\u00e1mogatta.\n  <\/p>\n<p class=\"\">\n    A NER-korszak egyik legabszurdabb t\u00f6rt\u00e9nete lett volna a cs\u00e1di misszi\u00f3, amelyet sokan egyenesen Orb\u00e1n G\u00e1sp\u00e1r projektj\u00e9nek tartottak, noha az \u0151 val\u00f3di szerepe kapcs\u00e1n egym\u00e1snak ellentmond\u00f3 nyilatkozatok sz\u00fclettek. \u201eOrb\u00e1n G\u00e1sp\u00e1r katonatiszt. (&#8230;) Oda megy, ahov\u00e1 a parancs szerint mennie kell. \u00c9n rendeltem ki \u00f6sszek\u00f6t\u0151 tisztnek\u201d \u2013 <a href=\"https:\/\/telex.hu\/belfold\/2024\/01\/25\/orban-gaspar-szalay-bobrovniczky-kristof-honvedelmi-miniszter-katonatiszt-szazados-csad-katonai-misszio\" target=\"_blank\" rel=\"nofollow noopener\">mondta<\/a> a volt minisztereln\u00f6k fi\u00e1nak cs\u00e1di misszi\u00f3ban bet\u00f6lt\u00f6tt szerep\u00e9r\u0151l Szalay-Bobrovniczky Krist\u00f3f 2024-ben, m\u00e9g honv\u00e9delmi miniszterk\u00e9nt. Szalay-Bobrovniczky azt is mondta a minisztereln\u00f6k fi\u00e1r\u00f3l, hogy \u201eez egy hadsereg, nem k\u00edv\u00e1ns\u00e1gm\u0171sor, \u00e9s \u0151 feladatot teljes\u00edt\u201d, valamint \u201especi\u00e1lis k\u00e9pzetts\u00e9ge, jogi ismerete \u00e9s nyelvtud\u00e1sa miatt alakulat\u00e1t\u00f3l a miniszteri kabinetbe vez\u00e9nyelve a cs\u00e1di misszi\u00f3 el\u0151k\u00e9sz\u00edt\u00e9s\u00e9ben vesz r\u00e9szt, m\u00e1s katonai \u00e9s civil el\u00f6lj\u00e1r\u00f3kkal egy\u00fcttm\u0171k\u00f6dve\u201d.\n  <\/p>\n<p class=\"\">\n    B\u0151 k\u00e9t \u00e9vvel k\u00e9s\u0151bb a <a href=\"https:\/\/telex.hu\/belfold\/2026\/04\/09\/kormanyinfo-gulyas-gergely-csad-katonai-misszio-honvedelmi-miniszterium-orban-gaspa\" target=\"_blank\" rel=\"nofollow noopener\">Telex<\/a> k\u00e9rd\u00e9s\u00e9re, hogy milyen szerepet t\u00f6lt\u00f6tt be Orb\u00e1n G\u00e1sp\u00e1r a cs\u00e1di misszi\u00f3ban, Guly\u00e1s Gergely Minisztereln\u00f6ks\u00e9get vezet\u0151 miniszter azt mondta: \u201eSemmilyet.\u201d Ennek ellen\u00e9re a sz\u00e1zadosk\u00e9nt is szolg\u00e1l\u00f3 minisztereln\u00f6ki ut\u00f3dot a korm\u00e1nyzati reakci\u00f3kban ink\u00e1bb egyfajta \u00f6sszek\u00f6t\u0151k\u00e9nt, el\u0151k\u00e9sz\u00edt\u0151k\u00e9nt t\u00fcntett\u00e9k fel, akinek a helyismeret\u00e9re \u00e9s a nyelvtud\u00e1s\u00e1ra t\u00e1maszkodnak.\n  <\/p>\n<p class=\"\">\n    Ezt a k\u00e9pet n\u00e9mileg \u00e1rnyalta a katona P\u00e1link\u00e1s Szilveszter, aki a Telexnek kipakol\u00f3 <a href=\"https:\/\/444.hu\/2026\/04\/02\/palinkas-szilveszter-szazados-szerint-a-magyar-honvedseg-moralis-melyponton-van-orban-gaspar-pedig-nagyon-meredek-terveket-osztott-meg-vele\" target=\"_blank\" rel=\"nofollow noopener\">nagyinterj\u00faj\u00e1ban<\/a> arr\u00f3l besz\u00e9lt: azt mondta neki a volt minisztereln\u00f6k fia, hogy az \u00f6nk\u00e9ntes kereszt\u00e9ny misszi\u00f3ja alatt Afrik\u00e1ban megtal\u00e1lta Istent, \u00e9s \u201eaz \u00e9gb\u0151l sz\u00f3lt neki Isten, hogy gyere \u00e9s mentsd meg az afrikai kereszt\u00e9nyeket\u201d. P\u00e1link\u00e1s szerint Orb\u00e1n G\u00e1sp\u00e1r \u201eegyszer csak felker\u00fclt a Karmelit\u00e1ba, kapott egy irod\u00e1t f\u0151hadnagyk\u00e9nt, \u00e9s elkezdte tervezni az afrikai misszi\u00f3j\u00e1t\u201d. K\u00e9s\u0151bb a Magyar Hang <a href=\"https:\/\/hang.hu\/magyar-hang-plusz\/a-szazados-aki-elott-tabornokok-bokaztak-orban-gaspar-csadban-190853\" target=\"_blank\" rel=\"nofollow noopener\">\u00edrt<\/a> arr\u00f3l, hogy a Cs\u00e1dba sz\u00e1ll\u00f3 honv\u00e9ds\u00e9gi rep\u00fcl\u0151n Orb\u00e1n G\u00e1sp\u00e1rnak mint az eg\u00e9sz kik\u00fcldet\u00e9s misszi\u00f3vezet\u0151j\u00e9nek adt\u00e1k \u00e1t a sz\u00f3t.A 444 birtok\u00e1ba ker\u00fclt dokumentumok (egyebek mellett k\u00e9tezres korm\u00e1nyhat\u00e1rozatok, korm\u00e1ny-el\u0151terjeszt\u00e9sek \u00e9s hat\u00e1stanulm\u00e1nyok) szerint a hivatalosan szer\u00e9nyk\u00e9nt bemutatottn\u00e1l sokkal jelent\u0151s\u00e9gteljesebb szerepe volt Orb\u00e1n G\u00e1sp\u00e1rnak a misszi\u00f3ban. Annyira, hogy t\u00f6bb, a t\u00f6rt\u00e9netben kulcsszerepet v\u00e1llal\u00f3 szerepl\u0151nek is gyakorlatilag \u0151 dirig\u00e1lt, az enged\u00e9lye \u00e9s a j\u00f3v\u00e1hagy\u00e1sa n\u00e9lk\u00fcl semmi sem t\u00f6rt\u00e9nhetett.\n  <\/p>\n<p>            Csatlakozz a K\u00f6rh\u00f6z, \u00e9s olvass tov\u00e1bb!<\/p>\n<p class=\"_1dy6oyq4l _1dy6oyq3q\">\n<p>            Ezt a cikket teljes terjedelm\u00e9ben csak el\u0151fizet\u0151ink olvashatj\u00e1k el. L\u00e9gy r\u00e9sze a k\u00f6z\u00f6ss\u00e9g\u00fcnknek, seg\u00edtsd a 444 m\u0171k\u00f6d\u00e9s\u00e9t!<\/p>\n<p>        Megn\u00e9zem a csomagokat<\/p>\n<p>          M\u00e1r el\u0151fizet\u0151nk vagy?<br \/>\n            Jelentkezz be!<\/p>\n","protected":false},"excerpt":{"rendered":"B\u00e1r titkolni akart\u00e1k, m\u00e1ra mindenki sz\u00e1m\u00e1ra ismert, hogy Orb\u00e1n Viktor fia, Orb\u00e1n G\u00e1sp\u00e1r akt\u00edvan r\u00e9szt vett a cs\u00e1di&hellip;\n","protected":false},"author":2,"featured_media":230880,"comment_status":"","ping_status":"","sticky":false,"template":"","format":"standard","meta":{"footnotes":"","_share_on_mastodon":"0"},"categories":[6],"tags":[61042,20736,44,42,40,22740,61043,43,60828,41,20691,66,61041,99],"class_list":["post-230879","post","type-post","status-publish","format-standard","has-post-thumbnail","category-magyarorszag","tag-afrika-munkacsoport","tag-csad","tag-hu","tag-hungarian","tag-hungary","tag-hungary-helps","tag-koordinacios-iroda","tag-magyar","tag-magyar-agrar-es-elettudomanyi-egyetem","tag-magyarorszag","tag-orban-gaspar","tag-orban-viktor","tag-orvosmisszio","tag-politika"],"share_on_mastodon":{"url":"https:\/\/pubeurope.com\/@hu\/117205311312161128","error":""},"_links":{"self":[{"href":"https:\/\/www.europesays.com\/hu\/wp-json\/wp\/v2\/posts\/230879","targetHints":{"allow":["GET"]}}],"collection":[{"href":"https:\/\/www.europesays.com\/hu\/wp-json\/wp\/v2\/posts"}],"about":[{"href":"https:\/\/www.europesays.com\/hu\/wp-json\/wp\/v2\/types\/post"}],"author":[{"embeddable":true,"href":"https:\/\/www.europesays.com\/hu\/wp-json\/wp\/v2\/users\/2"}],"replies":[{"embeddable":true,"href":"https:\/\/www.europesays.com\/hu\/wp-json\/wp\/v2\/comments?post=230879"}],"version-history":[{"count":0,"href":"https:\/\/www.europesays.com\/hu\/wp-json\/wp\/v2\/posts\/230879\/revisions"}],"wp:featuredmedia":[{"embeddable":true,"href":"https:\/\/www.europesays.com\/hu\/wp-json\/wp\/v2\/media\/230880"}],"wp:attachment":[{"href":"https:\/\/www.europesays.com\/hu\/wp-json\/wp\/v2\/media?parent=230879"}],"wp:term":[{"taxonomy":"category","embeddable":true,"href":"https:\/\/www.europesays.com\/hu\/wp-json\/wp\/v2\/categories?post=230879"},{"taxonomy":"post_tag","embeddable":true,"href":"https:\/\/www.europesays.com\/hu\/wp-json\/wp\/v2\/tags?post=230879"}],"curies":[{"name":"wp","href":"https:\/\/api.w.org\/{rel}","templated":true}]}}