{"id":230885,"date":"2026-09-03T04:59:08","date_gmt":"2026-09-03T04:59:08","guid":{"rendered":"https:\/\/www.europesays.com\/hu\/230885\/"},"modified":"2026-09-03T04:59:08","modified_gmt":"2026-09-03T04:59:08","slug":"index-sport-michael-schumacher-esete-into-jelkent-szolgalhat-a-pusztitasra-kesz-izomkolosszus-szamara","status":"publish","type":"post","link":"https:\/\/www.europesays.com\/hu\/230885\/","title":{"rendered":"Index &#8211; Sport &#8211; Michael Schumacher esete int\u0151 jelk\u00e9nt szolg\u00e1lhat a puszt\u00edt\u00e1sra k\u00e9sz izomkolosszus sz\u00e1m\u00e1ra"},"content":{"rendered":"<p>K\u00e9t \u00e9v sz\u00fcnet ut\u00e1n <a href=\"https:\/\/index.hu\/sport\/amerikaifutball\/2026\/08\/31\/nfl-2026-2027-los-angeles-rams-aaron-donald-visszateres\/\" id=\"hyperlink_84720c81bfda1711fe4887339f65e51d\" target=\"_blank\" title=\"A Bossz\u00fa\u00e1ll\u00f3k \u00f3ta nem volt ilyen egyes\u00fcl\u00e9s, a nyugd\u00edjb\u00f3l t\u00e9rt vissza a sz\u00f6rnyeteg\" rel=\"nofollow noopener\">Aaron Donald visszat\u00e9r<\/a> a profi amerikaifutball-liga (NFL) v\u00e9rkering\u00e9s\u00e9be. A 35 \u00e9ves klasszis\u00a0\u2013 akit 2014 \u00e9s 2023 k\u00f6z\u00f6tt h\u00e1romszor v\u00e1lasztottak m\u00e9g az \u00e9v v\u00e9d\u0151j\u00e9nek\u00a0\u2013 az\u00e9rt d\u00f6nt\u00f6tt \u00edgy, mert a Rams a holtszezonban megszerezte a sack-rekordot fel\u00e1ll\u00edt\u00f3 Myles Garrettet, akivel egy\u00fctt az NFL t\u00f6rt\u00e9net\u00e9nek legf\u00e9lelmetesebb p\u00e1ros\u00e1t alkothatj\u00e1k. D\u00f6nt\u00e9s\u00e9ben az is k\u00f6zrej\u00e1tszott, hogy a k\u00f6vetkez\u0151 Super Bowlt a Rams stadionj\u00e1ban rendezik, nagy \u00e1lma, hogy hazai k\u00f6z\u00f6ns\u00e9g el\u0151tt szerezze meg a m\u00e1sodik bajnoki c\u00edm\u00e9t.<\/p>\n<p>Donald 35 \u00e9vesen is <a href=\"https:\/\/www.youtube.com\/shorts\/eWTmjYxGqd8?feature=share\" id=\"hyperlink_f96c7c11c95c9ceccf274d6f428edb62\" rel=\"nofollow noopener\" target=\"_blank\">elk\u00e9peszt\u0151 fizikummal b\u00edr<\/a>, a h\u00edres v\u00e9d\u0151falember minden t\u00e1mad\u00f3falembert el akar majd puszt\u00edtani az \u00fatj\u00e1b\u00f3l, de az\u00e9rt ott lebeg a k\u00e9rd\u00e9s a leveg\u0151ben, hogy ennyi kihagy\u00e1s ut\u00e1n pontosan mire lesz k\u00e9pes a p\u00e1ly\u00e1n.<\/p>\n<p>A m\u00faltban voltak olyanok, akik egy hosszabb pauza ut\u00e1n is domin\u00e1nsak tudtak lenni a saj\u00e1t sport\u00e1gukban, m\u00e1sokn\u00e1l viszont a nagy \u201ecomebackre\u201d csak egy szomor\u00fa l\u00e1bjegyzet eml\u00e9keztet.<\/p>\n<p>                        A var\u00e1zsl\u00f3kn\u00e1l m\u00e1r nem j\u00f6tt \u00f6ssze a var\u00e1zslat<\/p>\n<p>Vegy\u00fck p\u00e9ld\u00e1ul <a href=\"https:\/\/index.hu\/sport\/2021\/06\/03\/muhammad-ali-boksz-portre-evfordulo\/\" id=\"hyperlink_f065e7683bb0fb7ed6c948b4ac52619d\" target=\"_blank\" title=\"Milli\u00f3k szeretik, pedig rossz p\u00e9ldak\u00e9p volt\" rel=\"nofollow noopener\">Muhammad Ali<\/a> eset\u00e9t, aki p\u00e1lyafut\u00e1sa cs\u00facs\u00e1n, 1967-ben megtagadta a katonai szolg\u00e1latot, ez\u00e9rt elvett\u00e9k t\u0151le a vil\u00e1gbajnoki c\u00edm\u00e9t, \u00e9s h\u00e1rom \u00e9vre eltiltott\u00e1k. A visszat\u00e9r\u00e9s\u00e9t k\u00f6vet\u0151en, 1974-ben ker\u00fclt sor a a legend\u00e1s \u201eRumble in the Jungle\u201d m\u00e9rk\u0151z\u00e9sre, amelyen George Foremant legy\u0151zve visszaszerezte a vil\u00e1gbajnoki c\u00edmet.<\/p>\n<p>Nem mellesleg <a href=\"https:\/\/index.hu\/sport\/boksz\/2025\/03\/22\/george-foreman-elhunyt-76-eves-legendas-bunyos-vilagbajnok-olimpiai-bajnok\/\" id=\"hyperlink_5f1cc97c42eac11a503907e78c73bdcf\" target=\"_blank\" title=\"Meghalt George Foreman, minden id\u0151k egyik legnagyobb bokszol\u00f3ja\" rel=\"nofollow noopener\">George Foreman<\/a> is megtapasztalta, milyen visszat\u00e9rni a cs\u00facsra. A legend\u00e1s buny\u00f3s 1977-ben bejelentette a visszavonul\u00e1s\u00e1t, de azt\u00e1n nem b\u00edrt mag\u00e1val, \u00e9s 1987-ben visszat\u00e9rt a ringbe. Majd 1994-ben, 45 \u00e9vesen ki\u00fct\u00f6tte az addig veretlen Michael Moorert, amivel minden id\u0151k legid\u0151sebb neh\u00e9zs\u00faly\u00fa vil\u00e1gbajnoka lett.<\/p>\n<p>A kos\u00e1rlabda egyik legnagyobb ikonja, <a href=\"https:\/\/index.hu\/sport\/kosarlabda\/2023\/02\/17\/jordan-60-mindenidok-legjobb-nba-jatekosa-vagy-mar-lebron-jamese-a-tron\/\" id=\"hyperlink_bcdfb37414a5a3fb2a57068914dc071a\" target=\"_blank\" title=\"M\u00e1r 41 \u00e9ve l\u00e1ttuk, hogy Michael Jordan lesz a legnagyobb\" rel=\"nofollow noopener\">Michael Jordan<\/a> h\u00e1romszor vonult vissza az NBA-t\u0151l. El\u0151sz\u00f6r 1993 okt\u00f3ber\u00e9ben tett \u00edgy, miut\u00e1n sorozatban h\u00e1romszor bajnoki c\u00edmre vezette a Chicago Bullst. Ut\u00e1na belek\u00f3stolt a profi baseballba, majd 1995-ben k\u00f6z\u00f6lte, hogy \u00fajra a Bulls j\u00e1t\u00e9kosa lesz. Ezut\u00e1n ism\u00e9t megcsin\u00e1lta a brav\u00fart, sorozatban h\u00e1rom id\u00e9nyben lett bajnok az illinoisi csapattal.<\/p>\n<p>1999 janu\u00e1rj\u00e1ban megint b\u00facs\u00fat intett a lig\u00e1nak, amiben k\u00f6zrej\u00e1tszott Phil Jackson vezet\u0151edz\u0151 t\u00e1voz\u00e1sa, valamint az, hogy a Bullsn\u00e1l v\u00e9gbemen\u0151 vezet\u0151s\u00e9gi v\u00e1ltoz\u00e1sok nem voltak az \u00edny\u00e9re. 2001-ben azt\u00e1n harmadszor is visszat\u00e9rt a profik k\u00f6z\u00e9, m\u00e9gpedig a Washington Wizards sz\u00edneiben, amelynek akkoriban r\u00e9szv\u00e9nyese is volt. A m\u00e1sodik visszat\u00e9r\u00e9se m\u00e1r nem s\u00fclt el t\u00fal f\u00e9nyesen, mert b\u00e1r a kor\u00e1hoz k\u00e9pest J\u00f3 statisztik\u00e1kat produk\u00e1lt, de a k\u00f6zel\u00e9be sem ker\u00fclt a bajnoki c\u00edmnek az amerikai f\u0151v\u00e1rosban, a csapat m\u00e9g a r\u00e1j\u00e1tsz\u00e1sba sem tudott bejutni vele. De az\u00e9rt m\u00e9g veter\u00e1nk\u00e9nt is k\u00e9pes volt a bolondj\u00e1t j\u00e1ratni az ellenfelekkel:<\/p>\n<p><a href=\"https:\/\/index.hu\/sport\/forma1\/2026\/05\/29\/michael-schumacher-sibaleset-korhaz-formula-1-forma-1-ferrari\/\" id=\"hyperlink_2d64c5441a564fd44b3ce67b67594fe0\" target=\"_blank\" rel=\"nofollow noopener\">Michael Schumacher<\/a> 1991 \u00e9s 2006 k\u00f6z\u00f6tt h\u00e9tszer lett vil\u00e1gbajnok a Formula\u20131-ben, p\u00e1lyafut\u00e1sa els\u0151 r\u00e9sz\u00e9ben 91 futamgy\u0151zelmet aratott. A 2000-es \u00e9vek elej\u00e9n senki nem tudta felvenni a versenyt vele \u00e9s a Ferrarival, m\u00e9g 2006-ban is elk\u00e9peszt\u0151 teljes\u00edtm\u00e9nyre volt k\u00e9pes (aki nem hiszi, n\u00e9zze vissza a <a href=\"https:\/\/www.youtube.com\/watch?v=3uRAKMLYhxU\" id=\"hyperlink_e6168bad102ac1209d49a854b95c4fd9\" rel=\"nofollow noopener\" target=\"_blank\">2006-os Brazil Nagyd\u00edjat<\/a>).<\/p>\n<p>N\u00e9h\u00e1ny \u00e9v pihen\u00e9s ut\u00e1n \u00fagy \u00e9rezte, maradt m\u00e9g benne annyi er\u0151 \u00e9s lend\u00fclet, hogy \u00fajra harcba sz\u00e1lljon a gy\u0151zelmek\u00e9rt a sz\u00e1guld\u00f3 cirkuszban. Sz\u00e1m\u00edt\u00e1sa nem j\u00f6tt be, b\u00e1r valamennyire versenyk\u00e9pes maradt, a kor\u00e1bbi dominanci\u00e1j\u00e1b\u00f3l semmit sem tudott felmutatni, 2010 \u00e9s 2013 k\u00f6z\u00f6tt egyetlen futamot sem tudott megnyerni, dobog\u00f3ra is csak egyszer \u00e1llt fel (Valenci\u00e1ban, 2012-ben). Az\u00e9rt n\u00e9ha-n\u00e9ha el\u0151t\u00f6rt bel\u0151le a zseni, 2012-ben p\u00e9ld\u00e1ul mindenkit leiskol\u00e1zott a Monac\u00f3i Nagyd\u00edj id\u0151m\u00e9r\u0151 edz\u00e9s\u00e9n, a kvalifik\u00e1ci\u00f3 ut\u00e1n Lewis Hamilton <a href=\"https:\/\/www.theguardian.com\/sport\/2012\/may\/26\/michael-schumacher-qualifying-monaco-gp\" id=\"hyperlink_103de63471ac943282124df2e457f79a\" rel=\"nofollow noopener\" target=\"_blank\">\u00edgy komment\u00e1lta<\/a> a <a href=\"https:\/\/www.youtube.com\/watch?v=RhemGJgwdpM\" id=\"hyperlink_1efc08da88928e518b7884408066cc76\" rel=\"nofollow noopener\" target=\"_blank\">zseni\u00e1lisan \u00f6sszerakott k\u00f6rt<\/a>:<\/p>\n<p>Nem rossz egy oldtimert\u0151l! Nagyon \u00f6r\u00fcl\u00f6k neki, hogy ilyen eredm\u00e9nyt \u00e9rt el, nem v\u00e9letlen\u00fcl nyert m\u00e1r itt \u00f6tsz\u00f6r<\/p>\n<p>A m\u00e1sodik visszavonul\u00e1sa el\u0151tt Schumacher is elismerte, hogy jobb eredm\u00e9nyekben rem\u00e9nykedett a visszat\u00e9r\u00e9se ut\u00e1n. \u201eK\u00e9t teljesen k\u00fcl\u00f6nb\u00f6z\u0151 karrierem volt: az egyikben mindent megnyertem, a m\u00e1sikban pedig r\u00e1j\u00f6ttem, mit jelent a veres\u00e9g\u201d \u2013 <a href=\"https:\/\/www.skysports.com\/f1\/news\/12472\/8175067\/michael-schumacher-says-he-wont-compete-in-any-other-form-of-motorsport-when-he-retires-from-f1-at-the-end-of-the-season\" id=\"hyperlink_196f7b42635e0d85121c422ed27343fc\" rel=\"nofollow noopener\" target=\"_blank\">nyilatkozta<\/a> a n\u00e9metek legend\u00e1ja 2012 \u0151sz\u00e9n. Egyes v\u00e9lem\u00e9nyek szerint az\u00e9rt jelent\u0151s szerepe volt abban, hogy a Mercedes gyorsabb\u00e1 v\u00e1lt, ennek gy\u00fcm\u00f6lcs\u00e9t viszont m\u00e1r Lewis Hamiton aratta le 2014-t\u0151l (no meg egyszer <a href=\"https:\/\/index.hu\/sport\/forma1\/2016\/11\/27\/abu-dzabi_utolso_futam_f1_rosberg\/\" id=\"hyperlink_3e0b2d9a451f143a5f01a6c257889389\" target=\"_blank\" title=\"Nico Rosberg a vil\u00e1gbajnok\" rel=\"nofollow noopener\">Nico Rosberg 2016-ban<\/a>), de ez m\u00e1r egy m\u00e1sik sztori.<\/p>\n<p>\n                           <a href=\"https:\/\/dex.hu\/x.php?id=index_sport_cikklink&amp;url=https%3A%2F%2Findex.hu%2Fsport%2Fforma1%2F2023%2F04%2F07%2Fmichael-schumacher-kerpen-manheim-szulofalu-ledozeroljak-szenbanya%2F\" id=\"hyperlink_d6b8cc7465e1e302d8e9b170ae770edd\" target=\"_blank\" title=\"Led\u00f3zerolj\u00e1k Michael Schumacher sz\u00fcl\u0151faluj\u00e1t\" data-recommendation=\"bekezdes_utan\" data-recommendation-preview=\"{&quot;og:title&quot;:&quot;Led\u00f3zerolj\u00e1k Michael Schumacher sz\u00fcl\\u0151faluj\u00e1t&quot;,&quot;og:description&quot;:&quot;A h\u00e9tszeres vil\u00e1gbajnok csal\u00e1di h\u00e1z\u00e1t megk\u00edm\u00e9lik.&quot;,&quot;og:image&quot;:&quot;\\\/\\\/kep.cdn.indexvas.hu\\\/1\\\/0\\\/4833\\\/48339\\\/483396\\\/48339646_3685326_039b724756b03048ff0ef7ed66d73c17_wm.jpg&quot;}\" data-recommendation-id=\"5371016\" rel=\"nofollow noopener\">Michael Schumacher<\/a> 2013 december\u00e9ben szenvedett s\u00falyos s\u00edbalesetet. Az\u00f3ta a nyilv\u00e1noss\u00e1g el\u0151l teljesen elz\u00e1rva \u00e9l, csal\u00e1dja pedig semmilyen inform\u00e1ci\u00f3t nem oszt meg az \u00e1llapot\u00e1r\u00f3l. A sportlegenda k\u00f6zeli hozz\u00e1tartoz\u00f3i t\u00f6bbsz\u00f6r k\u00e9rt\u00e9k az \u00fajs\u00e1g\u00edr\u00f3kat, hogy tarts\u00e1k tiszteletben a h\u00e9tszeres vil\u00e1gbajnok mag\u00e1n\u00e9let\u00e9t.\n                        <\/p>\n<p>                        Super Mario 44 h\u00f3nap kihagy\u00e1s ut\u00e1n is meg\u00e1ll\u00edthatatlan volt<\/p>\n<p>Minden id\u0151k egyik legjobb j\u00e9gkorongoz\u00f3ja, <a href=\"https:\/\/index.hu\/sport\/2011\/04\/03\/rakos_sportolok\/\" id=\"hyperlink_72eb3e28dab76edffc6a15788808f327\" target=\"_blank\" title=\"Kemoter\u00e1pia ut\u00e1n is lehetsz bajnok\" rel=\"nofollow noopener\">Mario Lemieux<\/a> ipari mennyis\u00e9gben termelte a pontokat, de nem tudta megd\u00f6nteni Wayne Gretzky rekordjait, ugyanis rengeteg s\u00e9r\u00fcl\u00e9s h\u00e1tr\u00e1ltatta \u0151t, \u00e9s ha ez nem lett volna el\u00e9g, m\u00e9g a r\u00e1kot is le kellett gy\u0151znie. 1997 tavasz\u00e1n jelentette be, hogy nem j\u00e1tszik t\u00f6bbet a legmagasabb szinten, de 44 h\u00f3nappal k\u00e9s\u0151bb megint az NHL-ben terelgette a korongot a Pittsburgh Penguins mez\u00e9ben (akkor m\u00e1r a franchise t\u00f6bbs\u00e9gi tulajdonos\u00e1nak sz\u00e1m\u00edtott, neki k\u00f6sz\u00f6nhet\u0151, hogy a szervezet nem ment cs\u0151dbe), a visszat\u00e9r\u00e9se napj\u00e1n egy g\u00f3lpassz \u00e9s k\u00e9t asszist ker\u00fclt a neve mell\u00e9.<\/p>\n<p>Sok\u00e1ig kitartott a lend\u00fclete, a 2001-es r\u00e1j\u00e1tsz\u00e1sban v\u00e9g\u00fcl a New Jersey \u00e1ll\u00edtotta meg a Pittsburgh\u00f6t, a Devils 4\u20131-es \u00f6sszes\u00edt\u00e9ssel b\u00facs\u00faztatta a pennsylvaniai alakulatot a Keleti f\u0151csoport d\u00f6nt\u0151j\u00e9ben. Lemieux j\u00e1t\u00e9kosk\u00e9nt k\u00e9tszer (1991, 1992) lett bajnok az NHL-ben, csapattulajdonosk\u00e9nt pedig h\u00e1romszor (2009, 2016, 2017) emelhette magasba a Stanley-kup\u00e1t.<\/p>\n<p><a href=\"https:\/\/index.hu\/sport\/2025\/09\/04\/bjorn-borg-prosztatarak-sved-teniszezo-betegseg\/\" id=\"hyperlink_2351684db8fda99abd15bd72c519ceaf\" target=\"_blank\" title=\"Prosztatar\u00e1kkal diagnosztiz\u00e1lt\u00e1k Bj\u00f6rn Borgot\" rel=\"nofollow noopener\">Bj\u00f6rn Borg<\/a> m\u00e1r 15 \u00e9vesen kiemelked\u0151 teniszez\u0151nek sz\u00e1m\u00edtott, azt\u00e1n a Grand Slam-torn\u00e1kon is villogott, alig 18 \u00e9vesen nyerte meg a Roland Garrost, 20 \u00e9vesen \u00e9s egy h\u00f3naposan pedig Wimbledon kir\u00e1lya lett. Nagyon neh\u00e9z volt legy\u0151zni \u0151t, \u00e9veken \u00e1t domin\u00e1lta a f\u00e9rfi teniszt. Ennek pedig ki\u00e9g\u00e9s lett a v\u00e9ge, 1983 janu\u00e1rj\u00e1ban bejelentette, hogy elege lett a versenyszer\u0171 sportb\u00f3l, pihen\u0151re megy. Ekkor m\u00e9g csak 26 \u00e9ves volt. Nem tudott sok\u00e1ig meglenni otthon, p\u00e1r h\u00e9ttel k\u00e9s\u0151bb Monte-Carl\u00f3ban megint \u00fct\u0151t ragadott, de a m\u00e1sodik k\u00f6rben b\u00facs\u00fazott a versenyt\u0151l. 1991-ben megint megpr\u00f3b\u00e1lkozott a visszat\u00e9r\u00e9ssel, de az akkori er\u0151fesz\u00edt\u00e9seit sem koron\u00e1zta siker, ez\u00e9rt 1993-ban v\u00e9gleg h\u00e1tat ford\u00edtott a tenisznek.<\/p>\n<p><a href=\"https:\/\/index.hu\/sport\/uszas\/2025\/06\/30\/michael-phelps-40.-szuletesnap-uszas-olimpia-egyesult-allamok-kviz\/\" id=\"hyperlink_727dd6f7e48cb4e67b8bca88077cd9a4\" target=\"_blank\" title=\"40 \u00e9ve olyan zseni sz\u00fcletett, amilyet a t\u00f6rt\u00e9nelem m\u00e9g nem l\u00e1tott\" rel=\"nofollow noopener\">Michael Phelps<\/a> az \u00fajkori olimpi\u00e1kon \u00f6sszesen 28 \u00e9rmet nyert, a legsz\u00ednesebb med\u00e1li\u00e1b\u00f3l 23-at vihetett haza. A legend\u00e1s \u00fasz\u00f3 a 2012-es londoni olimpia ut\u00e1n azt mondta, nem akar t\u00f6bb versenyen a v\u00edzbe ugrani, de k\u00e9t \u00e9vvel k\u00e9s\u0151bb meggondolta mag\u00e1t. A 2016-os ri\u00f3i olimpia volt a csereszne a hab tetej\u00e9n Phelps szemsz\u00f6g\u00e9b\u0151l, Braz\u00edli\u00e1ban az amerikai klasszis \u00f6t aranyat \u00e9s egy ez\u00fcst\u00f6t nyert. Majd alig 31 \u00e9vesen v\u00e9gleg visszavonult.<\/p>\n<p>\n                          <a href=\"https:\/\/index.hu\/sport\/amerikaifutball\/2021\/02\/08\/mindenki-atnezett-rajta---sosem-latott-sikereket-ert-el-\/\" id=\"hyperlink_743952cce31d607f25e556f652362e05\" target=\"_blank\" title=\"Mindenki \u00e1tn\u00e9zett rajta \u2013 sosem l\u00e1tott sikereket \u00e9rt el!\" rel=\"nofollow noopener\">Tom Brady<\/a> is be\u00e1llt ebbe a sorba, minden id\u0151k egyik, ha nem a legjobb NFL-es ir\u00e1ny\u00edt\u00f3ja <a href=\"https:\/\/index.hu\/sport\/amerikaifutball\/2022\/03\/14\/bombameglepetes-tom-brady-visszater-nfl-tampa-bay-buccaneers\/\" id=\"hyperlink_67c1e890057309aa0a2a15fb923efa60\" target=\"_blank\" title=\"Bombameglepet\u00e9s: Tom Brady visszat\u00e9r!\" rel=\"nofollow noopener\">40 nap ut\u00e1n gondolta meg mag\u00e1t<\/a>. Erre az \u00fatra l\u00e9pett r\u00e9gi harcost\u00e1rsa, <a href=\"https:\/\/index.hu\/sport\/amerikaifutball\/2017\/11\/27\/en_gronk_konyvkritika\/\" id=\"hyperlink_c85a5ad00d737040f667f01fcf794705\" target=\"_blank\" title=\"Csoda, hogy nem sittes, pankr\u00e1tor, vagy f\u00e9lh\u00fclye lett\" rel=\"nofollow noopener\">Rob Gronkowski<\/a> is, ezeket a t\u00f6rt\u00e9neteket <a href=\"https:\/\/index.hu\/sport\/2022\/03\/22\/muhammad-ali-bjorn-borg-michael-jordan-michael-phelps-michael-schumacher-tom-brady\/\" id=\"hyperlink_1389dcaae8920d734e158fb2f96e0560\" target=\"_blank\" title=\"Ali, Borg, Jordan, Phelps, Schumi \u2013 akikn\u00e9l a visszavonul\u00e1s nem a v\u00e9get jelentette\" rel=\"nofollow noopener\">ebben a cikkben<\/a> dolgoztuk fel.\n                        <\/p>\n<p><a href=\"https:\/\/dex.hu\/x.php?id=googlepref_desktop&amp;url=https:\/\/google.com\/preferences\/source?q=https:\/\/index.hu\" class=\"google-pref-banner \" id=\"googlePrefBanner\" rel=\"nofollow noopener\" target=\"_blank\"><\/p>\n<p>    Itt \u00e1ll\u00edtsa be, hogy az Index az els\u0151k k\u00f6z\u00f6tt legyen a Google-tal\u00e1latokban!<\/p>\n<p><\/a><\/p>\n<p>    <img decoding=\"async\" src=\"https:\/\/index.hu\/assets\/images\/social-follow\/logo-big.svg\" alt=\"Index.hu logo\"\/><\/p>\n<p>K\u00f6vesse az Indexet Facebookon is!<\/p>\n<p>    <a href=\"https:\/\/facebook.com\/Indexhu\" target=\"_blank\" rel=\"nofollow noopener\"><\/p>\n<p>        K\u00f6vetem!<br \/>\n    <\/a><\/p>\n","protected":false},"excerpt":{"rendered":"K\u00e9t \u00e9v sz\u00fcnet ut\u00e1n Aaron Donald visszat\u00e9r a profi amerikaifutball-liga (NFL) v\u00e9rkering\u00e9s\u00e9be. A 35 \u00e9ves klasszis\u00a0\u2013 akit 2014&hellip;\n","protected":false},"author":2,"featured_media":230886,"comment_status":"","ping_status":"","sticky":false,"template":"","format":"standard","meta":{"footnotes":"","_share_on_mastodon":"0"},"categories":[14],"tags":[60463,152,44,42,40,43,41,16537,5071,61044,3012,45,131],"class_list":["post-230885","post","type-post","status-publish","format-standard","has-post-thumbnail","category-sport","tag-aaron-donald","tag-ce-napi","tag-hu","tag-hungarian","tag-hungary","tag-magyar","tag-magyarorszag","tag-michael-jordan","tag-michael-schumacher","tag-muhammad-ali","tag-nfl","tag-sport","tag-sports"],"share_on_mastodon":{"url":"https:\/\/pubeurope.com\/@hu\/117205347069273890","error":""},"_links":{"self":[{"href":"https:\/\/www.europesays.com\/hu\/wp-json\/wp\/v2\/posts\/230885","targetHints":{"allow":["GET"]}}],"collection":[{"href":"https:\/\/www.europesays.com\/hu\/wp-json\/wp\/v2\/posts"}],"about":[{"href":"https:\/\/www.europesays.com\/hu\/wp-json\/wp\/v2\/types\/post"}],"author":[{"embeddable":true,"href":"https:\/\/www.europesays.com\/hu\/wp-json\/wp\/v2\/users\/2"}],"replies":[{"embeddable":true,"href":"https:\/\/www.europesays.com\/hu\/wp-json\/wp\/v2\/comments?post=230885"}],"version-history":[{"count":0,"href":"https:\/\/www.europesays.com\/hu\/wp-json\/wp\/v2\/posts\/230885\/revisions"}],"wp:featuredmedia":[{"embeddable":true,"href":"https:\/\/www.europesays.com\/hu\/wp-json\/wp\/v2\/media\/230886"}],"wp:attachment":[{"href":"https:\/\/www.europesays.com\/hu\/wp-json\/wp\/v2\/media?parent=230885"}],"wp:term":[{"taxonomy":"category","embeddable":true,"href":"https:\/\/www.europesays.com\/hu\/wp-json\/wp\/v2\/categories?post=230885"},{"taxonomy":"post_tag","embeddable":true,"href":"https:\/\/www.europesays.com\/hu\/wp-json\/wp\/v2\/tags?post=230885"}],"curies":[{"name":"wp","href":"https:\/\/api.w.org\/{rel}","templated":true}]}}