{"id":230891,"date":"2026-09-03T05:05:09","date_gmt":"2026-09-03T05:05:09","guid":{"rendered":"https:\/\/www.europesays.com\/hu\/230891\/"},"modified":"2026-09-03T05:05:09","modified_gmt":"2026-09-03T05:05:09","slug":"index-gazdasag-magyarorszag-falai-kozott-rejtozik-egy-oriasi-eromu-egymilliard-kobmeter-gaz-a-tet","status":"publish","type":"post","link":"https:\/\/www.europesays.com\/hu\/230891\/","title":{"rendered":"Index &#8211; Gazdas\u00e1g &#8211; Magyarorsz\u00e1g falai k\u00f6z\u00f6tt rejt\u0151zik egy \u00f3ri\u00e1si \u201eer\u0151m\u0171\u201d, egymilli\u00e1rd k\u00f6bm\u00e9ter g\u00e1z a t\u00e9t"},"content":{"rendered":"<p>Az \u00c9p\u00edt\u00e9si V\u00e1llalkoz\u00f3k Orsz\u00e1gos Szaksz\u00f6vets\u00e9ge (\u00c9VOSZ) \u00fcdv\u00f6zli, hogy Magyarorsz\u00e1g energiastrat\u00e9gi\u00e1j\u00e1nak meg\u00faj\u00edt\u00e1sa kiemelt figyelmet kap. Az energiatermel\u0151 kapacit\u00e1sok b\u0151v\u00edt\u00e9se, ezen bel\u00fcl az atomer\u0151m\u0171vi \u00e9s sz\u00e9ler\u0151m\u0171vi fejleszt\u00e9sek, a villamosenergia-h\u00e1l\u00f3zat korszer\u0171s\u00edt\u00e9se, az energiat\u00e1rol\u00e1s fejleszt\u00e9se \u00e9s a meg\u00fajul\u00f3 energiaforr\u00e1sok nagyobb ar\u00e1ny\u00fa hasznos\u00edt\u00e1sa egyar\u00e1nt fontos feladat. Az \u00c9VOSZ ugyanakkor arra h\u00edvja fel a figyelmet, hogy mindezek mellett nem szabad megfeledkezni a rendelkez\u00e9s\u00fcnkre \u00e1ll\u00f3 egyik leggyorsabban mozg\u00f3s\u00edthat\u00f3 energetikai tartal\u00e9kr\u00f3l: a <a href=\"https:\/\/index.hu\/gazdasag\/2026\/08\/04\/otthon-ingatlan-haz-lakas-hoszigeteles-hutes-hoseg-kanikula-evosz-legkondicionalo\/\" id=\"hyperlink_20a55938c7f8e768633ee9b366fbcfbb\" target=\"_blank\" title=\"Van egy fegyver a h\u0151s\u00e9g ellen, amelyr\u0151l t\u00e9len besz\u00e9l\u00fcnk a legt\u00f6bbet\" data-recommendation=\"bekezdes_utan\" data-recommendation-preview=\"{&quot;og:title&quot;:&quot;Van egy fegyver a h\\u0151s\u00e9g ellen, amelyr\\u0151l t\u00e9len besz\u00e9l\u00fcnk a legt\u00f6bbet&quot;,&quot;og:description&quot;:&quot;Paksnyi \u00e1ramot em\u00e9szthet fel a k\u00e1nikula, \u00edgy lehetne sz\u00e1zmilli\u00e1rdok n\u00e9lk\u00fcl is tomp\u00edtani a ny\u00e1ri energiacs\u00facsot.&quot;,&quot;og:image&quot;:&quot;\\\/\\\/kep.cdn.indexvas.hu\\\/1\\\/0\\\/7084\\\/70844\\\/708446\\\/70844649_5225323_fed2424a18490abf494e0d4e74f99d69_wm.jpg&quot;}\" data-recommendation-id=\"6257895\" rel=\"nofollow noopener\">megl\u00e9v\u0151 \u00e9p\u00fcleteink energiafogyaszt\u00e1s\u00e1nak cs\u00f6kkent\u00e9s\u00e9r\u0151l<\/a>.<\/p>\n<p>                        Gyors eredm\u00e9ny egy megfelel\u0151 korszer\u0171s\u00edt\u00e9ssel<\/p>\n<p>A legolcs\u00f3bb \u00e9s legk\u00f6rnyezetbar\u00e1tabb energia az, amit nem kell megtermelni. Mik\u00f6zben egy \u00faj er\u0151m\u0171, h\u00e1l\u00f3zati beruh\u00e1z\u00e1s vagy m\u00e1s jelent\u0151s energiatermel\u0151 kapacit\u00e1s megval\u00f3s\u00edt\u00e1sa \u00e9veket vehet ig\u00e9nybe, egy megfelel\u0151en kialak\u00edtott \u00e9p\u00fcletenergetikai program hat\u00e1sa m\u00e1r a k\u00f6vetkez\u0151 f\u0171t\u00e9si \u00e9s h\u0171t\u00e9si szezonban megjelenhet.<\/p>\n<p>Az \u00c9VOSZ sz\u00e1m\u00edt\u00e1sai szerint<\/p>\n<p>a hazai \u00e9p\u00fclet\u00e1llom\u00e1ny sz\u00e9les k\u00f6r\u0171 energetikai korszer\u0171s\u00edt\u00e9se t\u00e9len ak\u00e1r egymilli\u00e1rd k\u00f6bm\u00e9terrel m\u00e9rs\u00e9kelhetn\u00e9 Magyarorsz\u00e1g \u00e9ves f\u00f6ldg\u00e1zfelhaszn\u00e1l\u00e1s\u00e1t.<\/p>\n<p>A megfelel\u0151 h\u0151szigetel\u00e9s ugyanakkor nem csak t\u00e9len jelent megtakar\u00edt\u00e1st. Ny\u00e1ron lass\u00edtja az \u00e9p\u00fcletek felmeleged\u00e9s\u00e9t, ez\u00e1ltal jelent\u0151sen cs\u00f6kkentheti a l\u00e9gkondicion\u00e1l\u00e1s energiaig\u00e9ny\u00e9t \u00e9s az elektromos h\u00e1l\u00f3zat terhel\u00e9s\u00e9t is. Az \u00c9VOSZ szeml\u00e9ltet\u0151 becsl\u00e9se szerint<\/p>\n<p>egy orsz\u00e1gos h\u0151hull\u00e1m idej\u00e9n a megfelel\u0151en korszer\u0171s\u00edtett \u00e9p\u00fclet\u00e1llom\u00e1ny a legmelegebb \u00f3r\u00e1kban ak\u00e1r 1000 MW-tal m\u00e9rs\u00e9kelhetn\u00e9 a villamosenergia-rendszer terhel\u00e9s\u00e9t.<\/p>\n<p>Az <a href=\"https:\/\/index.hu\/gazdasag\/2026\/04\/16\/epitoipar-epuletgepeszet-energiaarak-epitoanyag-epitoanyagarak-hormuzi-szoros-fenntarthatosag-energiahatekonysag\/\" id=\"hyperlink_be0d48cec67afbebf9f94c745c8ee554\" target=\"_blank\" title=\"En\u00e9lk\u00fcl a h\u00e1zak csak barlangok, de az \u00fajabb energia\u00e1rsokk mindent bor\u00edthat\" data-recommendation=\"bekezdes_utan\" data-recommendation-preview=\"{\" og:title=\"\" rel=\"nofollow noopener\">\u00e9p\u00fcletek korszer\u0171s\u00edt\u00e9se<\/a> egyszerre cs\u00f6kkenti a t\u00e9li f\u00f6ldg\u00e1z- \u00e9s a ny\u00e1ri villamosenergia-ig\u00e9nyt. R\u00e1ad\u00e1sul azonnal: egy id\u00e9n elv\u00e9gzett h\u0151szigetel\u00e9s hat\u00e1sa m\u00e1r az idei f\u0171t\u00e9si szezonban \u00e9s a k\u00f6vetkez\u0151 ny\u00e1ron jelentkezik, majd minden ezt k\u00f6vet\u0151 \u00e9vben.<\/p>\n<p>A mostani \u00e1rkompenz\u00e1ci\u00f3 m\u00e9rs\u00e9kelheti a h\u00e1ztart\u00e1sok aktu\u00e1lis energiak\u00f6lts\u00e9geit, de tart\u00f3s energiamegtakar\u00edt\u00e1st csak az jelent, ha mag\u00e1t az energiafogyaszt\u00e1st is cs\u00f6kkentj\u00fck. Egy megfelel\u0151en megval\u00f3s\u00edtott h\u0151szigetel\u00e9s \u00e9vtizedeken kereszt\u00fcl m\u00e9rs\u00e9kli az \u00e9p\u00fclet energiaig\u00e9ny\u00e9t, f\u00fcggetlen\u00fcl az energia vil\u00e1gpiaci \u00e1r\u00e1t\u00f3l vagy att\u00f3l, hogy az adott \u00e9p\u00fcletet k\u00e9s\u0151bb g\u00e1zzal, villamos energi\u00e1val, h\u0151szivatty\u00faval vagy m\u00e1s technol\u00f3gi\u00e1val f\u0171tik \u00e9s h\u0171tik<\/p>\n<p>\u2013 hangs\u00falyozta a szaksz\u00f6vets\u00e9g.<\/p>\n<p>                        Minden forint itthon hasznosul<\/p>\n<p>Az <a href=\"https:\/\/index.hu\/gazdasag\/2026\/06\/22\/zoldatallas-klimavaltozas-zoldgazdasag-epitoipar-napelem-hidrogen-cement-epitoanyag-fenntarthatosag-epuletallomany\/\" id=\"hyperlink_27c3489bed776432fab3c0ec9ee0e80e\" target=\"_blank\" title=\"A szakma szerint az Orb\u00e1n-korm\u00e1ny visszavetette a fejl\u0151d\u00e9st, \u00e9veket vesz\u00edtett Magyarorsz\u00e1g a rossz d\u00f6nt\u00e9sek miatt\" data-recommendation=\"bekezdes_utan\" data-recommendation-preview=\"{&quot;og:title&quot;:&quot;A szakma szerint az Orb\u00e1n-korm\u00e1ny visszavetette a fejl\\u0151d\u00e9st, \u00e9veket vesz\u00edtett Magyarorsz\u00e1g a rossz d\u00f6nt\u00e9sek miatt&quot;,&quot;og:description&quot;:&quot;Megfogalmazt\u00e1k k\u00e9r\u00e9seiket a Tisza-korm\u00e1ny fel\u00e9.&quot;,&quot;og:image&quot;:&quot;\\\/\\\/kep.cdn.indexvas.hu\\\/1\\\/0\\\/7003\\\/70031\\\/700319\\\/70031911_5167029_5c9ea7c0b301a29accd7cf886d683d55_wm.jpg&quot;}\" data-recommendation-id=\"6230361\" rel=\"nofollow noopener\">energetikai fejleszt\u00e9sek<\/a> szakmai sorrendje is fontos: el\u0151sz\u00f6r az \u00e9p\u00fclet energiaig\u00e9ny\u00e9t kell cs\u00f6kkenteni a megfelel\u0151 termikus burok kialak\u00edt\u00e1s\u00e1val, majd az alacsonyabb energiaig\u00e9nyhez kell m\u00e9retezni a g\u00e9p\u00e9szeti rendszereket.<\/p>\n<p>Az \u00e9p\u00fcletek energetikai korszer\u0171s\u00edt\u00e9s\u00e9re ford\u00edtott minden egyes forint t\u00f6bbsz\u00f6r\u00f6sen itthon hasznosul. Cs\u00f6kkenti az orsz\u00e1g energiafogyaszt\u00e1s\u00e1t \u00e9s energiaimportj\u00e1t t\u00e9len \u00e9s ny\u00e1ron egyar\u00e1nt, m\u00e9rs\u00e9kli a h\u00e1ztart\u00e1sok rezsik\u00f6lts\u00e9g\u00e9t \u00e9s az energiarendszer terhel\u00e9s\u00e9t.<\/p>\n<p>Mindek\u00f6zben a beruh\u00e1z\u00e1sok jelent\u0151s r\u00e9sze Magyarorsz\u00e1gon val\u00f3sul meg. Rendelkez\u00e9sre \u00e1ll hazai \u00e9p\u00edt\u0151anyag-gy\u00e1rt\u00f3i kapacit\u00e1s, a kivitelez\u00e9si munk\u00e1kat pedig jellemz\u0151en magyar mikro-, kis- \u00e9s k\u00f6z\u00e9pv\u00e1llalkoz\u00e1sok v\u00e9gzik. Az importig\u00e9ny viszonylag alacsony, a r\u00e1ford\u00edtott forr\u00e1s jelent\u0151s r\u00e9sze pedig a magyar gazdas\u00e1gban marad, munk\u00e1t \u00e9s \u00e1rbev\u00e9telt teremt, valamint ad\u00f3- \u00e9s j\u00e1rul\u00e9kbev\u00e9tellel er\u0151s\u00edti a k\u00f6lts\u00e9gvet\u00e9st.<\/p>\n<p>Kev\u00e9s olyan energetikai beruh\u00e1z\u00e1s l\u00e9tezik, amely egyszerre jav\u00edtja az orsz\u00e1g energiabiztons\u00e1g\u00e1t, m\u00e9rs\u00e9kli az importf\u00fcgg\u0151s\u00e9get, er\u0151s\u00edti a k\u00f6lts\u00e9gvet\u00e9st, \u00e9s jelent\u0151s hazai hozz\u00e1adott \u00e9rt\u00e9ket teremt.<\/p>\n<p>\u201eAz \u00c9VOSZ pozit\u00edvnak tartja a Tisza v\u00e1laszt\u00e1si programj\u00e1nak szakpolitikai c\u00e9ljait, amely \u00e9vente 100 ezer magyar otthon energetikai korszer\u0171s\u00edt\u00e9s\u00e9vel sz\u00e1mol. A szakma tapasztalatai alapj\u00e1n ez a gyakorlatban re\u00e1lisan megval\u00f3s\u00edthat\u00f3 nagys\u00e1grend. A hazai \u00e9p\u00edt\u0151anyag-gy\u00e1rt\u00f3i \u00e9s kivitelez\u0151i kapacit\u00e1sok rendelkez\u00e9sre \u00e1llnak ahhoz, hogy Magyarorsz\u00e1g a jelenlegin\u00e9l l\u00e9nyegesen nagyobb l\u00e9pt\u00e9k\u0171 \u00e9p\u00fcletenergetikai programot val\u00f3s\u00edtson meg. Ehhez azonban t\u00f6bb \u00e9vre el\u0151re kisz\u00e1m\u00edthat\u00f3 programokra van sz\u00fcks\u00e9g, hogy a gy\u00e1rt\u00f3k \u00e9s a kivitelez\u0151k megfelel\u0151 kapacit\u00e1ssal, munkaer\u0151vel \u00e9s k\u00e9szletekkel tudjanak felk\u00e9sz\u00fclni\u201d \u2013 hangs\u00falyozta a szaksz\u00f6vets\u00e9g.<\/p>\n<p>                        K\u00e9tpill\u00e9res program<\/p>\n<p>Az \u00c9VOSZ k\u00e9t, egym\u00e1st kieg\u00e9sz\u00edt\u0151 eszk\u00f6zre \u00e9p\u00fcl\u0151 programot javasol.<\/p>\n<p>                        Az els\u0151 pill\u00e9r az Energiahat\u00e9konys\u00e1gi K\u00f6telezetts\u00e9gi Rendszer tov\u00e1bbfejleszt\u00e9se. Az EKR az elm\u00falt \u00e9vekben m\u00e1r bizony\u00edtotta, hogy k\u00e9pes r\u00f6vid id\u0151 alatt nagysz\u00e1m\u00fa lak\u00f3\u00e9p\u00fcletet el\u00e9rni. Ezek els\u0151sorban a homlokzati, valamint padl\u00e1sf\u00f6d\u00e9m szigetel\u00e9sek, ny\u00edl\u00e1sz\u00e1r\u00f3cser\u00e9k \u00e9s g\u00e9p\u00e9szeti korszer\u0171s\u00edt\u00e9sek voltak. A rendszer szab\u00e1lyoz\u00e1s\u00e1t ugyanakkor \u00fagy sz\u00fcks\u00e9ges tov\u00e1bbfejleszteni, hogy az EKR-ben rendelkez\u00e9sre \u00e1ll\u00f3 forr\u00e1sok min\u00e9l nagyobb r\u00e9sze k\u00f6zvetlen\u00fcl a t\u00e9nyleges energiamegtakar\u00edt\u00e1st eredm\u00e9nyez\u0151 beruh\u00e1z\u00e1sokhoz \u00e9s a lakoss\u00e1ghoz jusson, \u00e9s a rendszer m\u0171k\u00f6d\u00e9se ne teremtsen indokolatlan t\u00f6bbletj\u00f6vedelmet a k\u00f6telezettekn\u00e9l \u00e9s a k\u00f6zvet\u00edt\u0151 szerepl\u0151kn\u00e9l. A rendszernek tov\u00e1bbra is kiemelten kell t\u00e1mogatnia a csal\u00e1di h\u00e1zak energetikai korszer\u0171s\u00edt\u00e9s\u00e9t, \u00e9s lehet\u0151s\u00e9get kell biztos\u00edtania szoci\u00e1lis alapon ingyenes vagy r\u00e9szben ingyenes szigetel\u00e9si programokra is. A k\u00f6vetkez\u0151 l\u00e9p\u00e9s pedig az lehet, hogy az egyszer\u0171 beavatkoz\u00e1sok mellett egyre t\u00f6bb beruh\u00e1z\u00e1s c\u00e9lozza a teljes termikus burok korszer\u0171s\u00edt\u00e9s\u00e9t, bele\u00e9rtve a homlokzatot, a f\u00f6d\u00e9met vagy tet\u0151t, valamint sz\u00fcks\u00e9g szerint a ny\u00edl\u00e1sz\u00e1r\u00f3kat \u00e9s az \u00e1rny\u00e9kol\u00e1st is.<br \/>\n                        A m\u00e1sodik pill\u00e9r egy egyszer\u0171, vissza nem t\u00e9r\u00edtend\u0151 t\u00e1mogat\u00e1st tartalmaz\u00f3, hossz\u00fa t\u00e1von kisz\u00e1m\u00edthat\u00f3 lakoss\u00e1gi \u00e9p\u00fcletenergetikai program. Olyan konstrukci\u00f3ra van sz\u00fcks\u00e9g, amely kev\u00e9s adminisztr\u00e1ci\u00f3val j\u00e1r, t\u00f6bb \u00e9vre elegend\u0151 forr\u00e1ssal rendelkezik, \u00e9s a banki hitelt nem k\u00f6telez\u0151 elemk\u00e9nt, hanem v\u00e1laszthat\u00f3 finansz\u00edroz\u00e1si lehet\u0151s\u00e9gk\u00e9nt biztos\u00edtja.<\/p>\n<p>Ezen elemek mellett a t\u00e1rsash\u00e1zak \u00e9s k\u00f6z\u00e9p\u00fcletek energetikai korszer\u0171s\u00edt\u00e9s\u00e9t is c\u00e9lzott programokkal \u00e9s vissza nem t\u00e9r\u00edtend\u0151 t\u00e1mogat\u00e1sokkal indokolt \u00f6szt\u00f6n\u00f6zni.<\/p>\n<p>A lakoss\u00e1g k\u00f6r\u00e9ben \u00e9rz\u00e9kelhet\u0151 kiv\u00e1r\u00e1s tapasztalhat\u00f3, mivel az energetikai korszer\u0171s\u00edt\u00e9s a v\u00e1laszt\u00e1si programokban is el\u0151t\u00e9rbe ker\u00fclt, ez\u00e9rt sok h\u00e1ztart\u00e1s halasztja a m\u00e1r betervezett fel\u00faj\u00edt\u00e1sokat is. Egy gyors, kisz\u00e1m\u00edthat\u00f3 <a href=\"https:\/\/index.hu\/gazdasag\/2026\/06\/12\/epitoipar-epitoanyag-ingatlan-ingatlanpiac-ingatlanfejlesztes-uj-epitesu-lakas-negyzetmeterar-ingatlanarak-lakas\/\" id=\"hyperlink_8aa87269c105cdaee47a1b369270dea6\" target=\"_blank\" title=\"C\u00e9gvezet\u0151 az Indexnek: A Tisza-korm\u00e1ny szak\u00edtson a NER piactorz\u00edt\u00f3 gyakorlat\u00e1val\" data-recommendation=\"bekezdes_utan\" data-recommendation-preview=\"{&quot;og:title&quot;:&quot;C\u00e9gvezet\\u0151 az Indexnek: A Tisza-korm\u00e1ny szak\u00edtson a NER piactorz\u00edt\u00f3 gyakorlat\u00e1val&quot;,&quot;og:description&quot;:&quot;\u00dagy l\u00e1tja, a jelenlegi \u00e1rak m\u00e1r a f\u00e1jdalomk\u00fcsz\u00f6b tetej\u00e9n vannak.&quot;,&quot;og:image&quot;:&quot;\\\/\\\/kep.cdn.indexvas.hu\\\/1\\\/0\\\/6989\\\/69893\\\/698938\\\/69893809_5156879_232f6865f59a12bc03409d5bfecb867a_wm.jpg&quot;}\" data-recommendation-id=\"6224907\" rel=\"nofollow noopener\">korm\u00e1nyzati d\u00f6nt\u00e9s<\/a> viszont m\u00e1r az idei f\u0171t\u00e9si szezonban is jelent\u0151s megtakar\u00edt\u00e1st hozhat.<\/p>\n<p>\u201eA k\u00e9t pill\u00e9rre \u00e9p\u00fcl\u0151 programmal re\u00e1lisan el\u00e9rhet\u0151 az \u00e9vi sz\u00e1zezer otthon korszer\u0171s\u00edt\u00e9se\u201d \u2013 hangs\u00falyozza Koji L\u00e1szl\u00f3, az \u00c9VOSZ eln\u00f6ke.<\/p>\n<p>\n                          (Bor\u00edt\u00f3k\u00e9p: Egy h\u00e1z fel\u00faj\u00edt\u00e1si munk\u00e1latai. Fot\u00f3:\u00a0Carsten Koall \/ picture alliance \/ Getty Images)\n                        <\/p>\n<p><a href=\"https:\/\/dex.hu\/x.php?id=googlepref_desktop&amp;url=https:\/\/google.com\/preferences\/source?q=https:\/\/index.hu\" class=\"google-pref-banner \" id=\"googlePrefBanner\" rel=\"nofollow noopener\" target=\"_blank\"><\/p>\n<p>    Itt \u00e1ll\u00edtsa be, hogy az Index az els\u0151k k\u00f6z\u00f6tt legyen a Google-tal\u00e1latokban!<\/p>\n<p><\/a><\/p>\n<p>    <img decoding=\"async\" src=\"https:\/\/index.hu\/assets\/images\/social-follow\/logo-big.svg\" alt=\"Index.hu logo\"\/><\/p>\n<p>K\u00f6vesse az Indexet Facebookon is!<\/p>\n<p>    <a href=\"https:\/\/facebook.com\/Indexhu\" target=\"_blank\" rel=\"nofollow noopener\"><\/p>\n<p>        K\u00f6vetem!<br \/>\n    <\/a><\/p>\n","protected":false},"excerpt":{"rendered":"Az \u00c9p\u00edt\u00e9si V\u00e1llalkoz\u00f3k Orsz\u00e1gos Szaksz\u00f6vets\u00e9ge (\u00c9VOSZ) \u00fcdv\u00f6zli, hogy Magyarorsz\u00e1g energiastrat\u00e9gi\u00e1j\u00e1nak meg\u00faj\u00edt\u00e1sa kiemelt figyelmet kap. Az energiatermel\u0151 kapacit\u00e1sok b\u0151v\u00edt\u00e9se,&hellip;\n","protected":false},"author":2,"featured_media":230892,"comment_status":"","ping_status":"","sticky":false,"template":"","format":"standard","meta":{"footnotes":"","_share_on_mastodon":"0"},"categories":[33],"tags":[3768,4809,152,1382,33981,19865,54029,11701,10400,28703,991,38,1385,63,35,37,44,42,40,22346,43,41,34,36,39],"class_list":["post-230891","post","type-post","status-publish","format-standard","has-post-thumbnail","category-hirek","tag-aram","tag-aramfogyasztas","tag-ce-napi","tag-energia","tag-energiafelhasznalas","tag-energiahatekonysag","tag-energiamegtakaritas","tag-energiatakarekossag","tag-epitoipar","tag-evosz","tag-felujitas","tag-focimek","tag-foldgaz","tag-gazdasag","tag-headlines","tag-hirek","tag-hu","tag-hungarian","tag-hungary","tag-korszerusites","tag-magyar","tag-magyarorszag","tag-news","tag-top-stories","tag-vezeto-hirek"],"share_on_mastodon":{"url":"https:\/\/pubeurope.com\/@hu\/117205370865384498","error":""},"_links":{"self":[{"href":"https:\/\/www.europesays.com\/hu\/wp-json\/wp\/v2\/posts\/230891","targetHints":{"allow":["GET"]}}],"collection":[{"href":"https:\/\/www.europesays.com\/hu\/wp-json\/wp\/v2\/posts"}],"about":[{"href":"https:\/\/www.europesays.com\/hu\/wp-json\/wp\/v2\/types\/post"}],"author":[{"embeddable":true,"href":"https:\/\/www.europesays.com\/hu\/wp-json\/wp\/v2\/users\/2"}],"replies":[{"embeddable":true,"href":"https:\/\/www.europesays.com\/hu\/wp-json\/wp\/v2\/comments?post=230891"}],"version-history":[{"count":0,"href":"https:\/\/www.europesays.com\/hu\/wp-json\/wp\/v2\/posts\/230891\/revisions"}],"wp:featuredmedia":[{"embeddable":true,"href":"https:\/\/www.europesays.com\/hu\/wp-json\/wp\/v2\/media\/230892"}],"wp:attachment":[{"href":"https:\/\/www.europesays.com\/hu\/wp-json\/wp\/v2\/media?parent=230891"}],"wp:term":[{"taxonomy":"category","embeddable":true,"href":"https:\/\/www.europesays.com\/hu\/wp-json\/wp\/v2\/categories?post=230891"},{"taxonomy":"post_tag","embeddable":true,"href":"https:\/\/www.europesays.com\/hu\/wp-json\/wp\/v2\/tags?post=230891"}],"curies":[{"name":"wp","href":"https:\/\/api.w.org\/{rel}","templated":true}]}}