{"id":230913,"date":"2026-09-03T05:33:08","date_gmt":"2026-09-03T05:33:08","guid":{"rendered":"https:\/\/www.europesays.com\/hu\/230913\/"},"modified":"2026-09-03T05:33:08","modified_gmt":"2026-09-03T05:33:08","slug":"ki-az-a-varhegyi-attila","status":"publish","type":"post","link":"https:\/\/www.europesays.com\/hu\/230913\/","title":{"rendered":"Ki az a V\u00e1rhegyi Attila?"},"content":{"rendered":"<p>V\u00e1rhegyi Attil\u00e1t \u00fagy ismertem meg, mint a Fidesz egyik leger\u0151sebb ember\u00e9t Orb\u00e1n Viktor mellett<\/p>\n<p>\u2013 id\u00e9zte fel a kilencvenes \u00e9vek alkony\u00e1t Horn G\u00e1bor, kor\u00e1bbi SZDSZ-es orsz\u00e1ggy\u0171l\u00e9si k\u00e9pvisel\u0151, amikor arr\u00f3l k\u00e9rdezt\u00fck, politikai ellenf\u00e9lk\u00e9nt milyen embernek l\u00e1tta V\u00e1rhegyi Attil\u00e1t.<\/p>\n<p>A kilencvenes \u00e9vekben Szolnok polg\u00e1rmestere volt, \u00e9s ennek k\u00f6sz\u00f6nhet\u0151en ker\u00fclt saj\u00e1tos poz\u00edci\u00f3ba. Szolnok az\u00e9rt fontos a Fideszben, mert L\u00e9vai Anik\u00f3 onnan sz\u00e1rmazik, \u00e9s amikor Orb\u00e1n Viktorral az egyetem befejez\u00e9se ut\u00e1n \u00f6sszeh\u00e1zasodtak, \u00fagy kezdt\u00e9k a k\u00f6z\u00f6s \u00e9let\u00fcket, hogy Szolnokon volt egy kis lak\u00e1suk. B\u00e1r viszonylag hamar elk\u00f6lt\u00f6ztek, ett\u0151l m\u00e9g Szolnok mindig fontos helysz\u00edn maradt sz\u00e1mukra<\/p>\n<p>\u2013 ezt m\u00e1r Fodor G\u00e1bor, a Fidesz egyik alap\u00edt\u00f3ja mes\u00e9li arr\u00f3l, mi j\u00e1tszott meghat\u00e1roz\u00f3 szerepet abban, hogy V\u00e1rhegyinek siker\u00fclt mag\u00e1t beverekednie a Fidesz legbels\u0151bb k\u00f6reibe, \u201ea bib\u00f3sok k\u00f6z\u00e9, akik egyenl\u0151bbek voltak az egyenl\u0151kn\u00e9l.\u201d<\/p>\n<p><img loading=\"lazy\" decoding=\"async\" class=\"size-full wp-image-4810492\" src=\"https:\/\/www.europesays.com\/hu\/wp-content\/uploads\/2026\/09\/central-1118366989.jpg\" alt=\"\" width=\"2000\" height=\"1333\" title=\"\u201e\u0150 egy Navracsicsba oltott L\u00e1z\u00e1r J\u00e1nos\u201d \u2013 kicsoda V\u00e1rhegyi Attila, az orb\u00e1ni k\u00f6zm\u00e9dia legfontosabb h\u00e1tt\u00e9rembere? 1\"  \/>K\u0151r\u00f6s G\u00e1bor \/ 24.hu Fodor G\u00e1bor Tusv\u00e1nyoson 2026. j\u00falius 24-\u00e9n.<\/p>\n<p>Az elm\u00falt napokban t\u00f6bb, a Fidesz kezdeti m\u0171k\u00f6d\u00e9s\u00e9re r\u00e1l\u00e1t\u00f3 szem\u00e9lyt k\u00e9rdezt\u00fcnk V\u00e1rhegyi Attil\u00e1r\u00f3l, akir\u0151l h\u00e9tf\u0151n az MTVA hely\u00e9re l\u00e9p\u0151 Duna M\u00e9diaszolg\u00e1ltat\u00f3 Nonprofit Zrt. k\u00fcrt\u00f6lte vil\u00e1gg\u00e1, hogy az ut\u00f3bbi \u00e9vekben <a target=\"_blank\" href=\"https:\/\/24.hu\/belfold\/2026\/08\/31\/varhegyi-attila-kozmedia-iranyito-mtva-fidesz-breaking\/\" rel=\"nofollow noopener\">\u0151 volt az, aki a k\u00f6zm\u00e9di\u00e1t t\u00e9nylegesen ir\u00e1ny\u00edtotta<\/a>. Forr\u00e1saink \u2013 ki n\u00e9vvel, ki n\u00e9v n\u00e9lk\u00fcl \u2013 mind \u00fagy nyilatkoztak, nem lepte meg \u0151ket a h\u00edr, \u00e9s elmondt\u00e1k azt is, hogy a k\u00e9pess\u00e9geit figyelembe v\u00e9ve Orb\u00e1n r\u00e9sz\u00e9r\u0151l V\u00e1rhegyi volt az egyik legink\u00e1bb logikus v\u00e1laszt\u00e1s erre a feladatra.<\/p>\n<p>M\u00e9g \u00fagy is \u2013 vagy tal\u00e1n \u00e9pp emiatt \u2013, hogy \u00e9vtizedek \u00f3ta nem bukkan fel a neve a politika frontvonal\u00e1ban \u2013 annak ellen\u00e9re sem, hogy a r\u00e9gi Fidesz egyik legfontosabb \u00e9s leggyakorlatiasabb tagj\u00e1r\u00f3l van sz\u00f3.<\/p>\n","protected":false},"excerpt":{"rendered":"V\u00e1rhegyi Attil\u00e1t \u00fagy ismertem meg, mint a Fidesz egyik leger\u0151sebb ember\u00e9t Orb\u00e1n Viktor mellett \u2013 id\u00e9zte fel a&hellip;\n","protected":false},"author":2,"featured_media":230914,"comment_status":"","ping_status":"","sticky":false,"template":"","format":"standard","meta":{"footnotes":"","_share_on_mastodon":"0"},"categories":[33],"tags":[89,38,2722,35,37,1743,44,42,40,6528,43,41,1223,34,66,40254,36,49139,39],"class_list":["post-230913","post","type-post","status-publish","format-standard","has-post-thumbnail","category-hirek","tag-fidesz","tag-focimek","tag-fodor-gabor","tag-headlines","tag-hirek","tag-horn-gabor","tag-hu","tag-hungarian","tag-hungary","tag-kozmedia","tag-magyar","tag-magyarorszag","tag-mtva","tag-news","tag-orban-viktor","tag-polyak-gabor","tag-top-stories","tag-varhegyi-attila","tag-vezeto-hirek"],"share_on_mastodon":{"url":"https:\/\/pubeurope.com\/@hu\/117205481102474455","error":""},"_links":{"self":[{"href":"https:\/\/www.europesays.com\/hu\/wp-json\/wp\/v2\/posts\/230913","targetHints":{"allow":["GET"]}}],"collection":[{"href":"https:\/\/www.europesays.com\/hu\/wp-json\/wp\/v2\/posts"}],"about":[{"href":"https:\/\/www.europesays.com\/hu\/wp-json\/wp\/v2\/types\/post"}],"author":[{"embeddable":true,"href":"https:\/\/www.europesays.com\/hu\/wp-json\/wp\/v2\/users\/2"}],"replies":[{"embeddable":true,"href":"https:\/\/www.europesays.com\/hu\/wp-json\/wp\/v2\/comments?post=230913"}],"version-history":[{"count":0,"href":"https:\/\/www.europesays.com\/hu\/wp-json\/wp\/v2\/posts\/230913\/revisions"}],"wp:featuredmedia":[{"embeddable":true,"href":"https:\/\/www.europesays.com\/hu\/wp-json\/wp\/v2\/media\/230914"}],"wp:attachment":[{"href":"https:\/\/www.europesays.com\/hu\/wp-json\/wp\/v2\/media?parent=230913"}],"wp:term":[{"taxonomy":"category","embeddable":true,"href":"https:\/\/www.europesays.com\/hu\/wp-json\/wp\/v2\/categories?post=230913"},{"taxonomy":"post_tag","embeddable":true,"href":"https:\/\/www.europesays.com\/hu\/wp-json\/wp\/v2\/tags?post=230913"}],"curies":[{"name":"wp","href":"https:\/\/api.w.org\/{rel}","templated":true}]}}