{"id":230917,"date":"2026-09-03T05:40:11","date_gmt":"2026-09-03T05:40:11","guid":{"rendered":"https:\/\/www.europesays.com\/hu\/230917\/"},"modified":"2026-09-03T05:40:11","modified_gmt":"2026-09-03T05:40:11","slug":"6-ev-utan-elvalt-a-ferjetol-mohamed-fatima","status":"publish","type":"post","link":"https:\/\/www.europesays.com\/hu\/230917\/","title":{"rendered":"6 \u00e9v ut\u00e1n elv\u00e1lt a f\u00e9rj\u00e9t\u0151l Mohamed Fatima"},"content":{"rendered":"<p>Elv\u00e1lt a <a href=\"https:\/\/nlc.hu\/lelek\/20210509\/mohamed-fatima-eskuvo-ferjhez-ment\/\" target=\"_blank\" rel=\"noopener nofollow\">f\u00e9rj\u00e9t\u0151l<\/a> Mohamed Fatima, 6 \u00e9v ut\u00e1n \u00e9rt v\u00e9get a h\u00e1zass\u00e1ga. A <a href=\"https:\/\/nlc.hu\/sztarok\/20231117\/mohamed-fatima-kulfoldon-zenei-karrier\/\" target=\"_blank\" rel=\"noopener nofollow\">Fekete Vonat \u00e9nekesn\u0151je<\/a> el\u0151sz\u00f6r besz\u00e9l arr\u00f3l, mi\u00e9rt jutott el od\u00e1ig, hogy kimondja: nincs tov\u00e1bb.\u00a0<\/p>\n<p>\u201eM\u00e1r nem vagyunk egy\u00fctt a f\u00e9rjemmel, csak ez id\u00e1ig nem volt publikus a nyilv\u00e1noss\u00e1g sz\u00e1m\u00e1ra. T\u00f6bb mint egy \u00e9ve v\u00e1ltunk el G\u00e1borral. Hat \u00e9vig voltunk h\u00e1zasok. B\u00e9k\u00e9ben z\u00e1rtuk le a k\u00f6z\u00f6s \u00e9let\u00fcnket, mai napig megmaradt k\u00f6z\u00f6tt\u00fcnk a j\u00f3 viszony, de r\u00e1 kellett j\u00f6nn\u00fcnk, hogy p\u00e1rkapcsolatilag nem m\u0171k\u00f6d\u00fcnk j\u00f3l egy\u00fctt. B\u00e1r sokat k\u00fczd\u00f6tt\u00fcnk, hogy helyrehozzuk, az alkoholszenved\u00e9lye sajnos er\u0151sebbnek bizonyult. Nem \u0151 volt a m\u00e1sik felem\u201d \u2013 <a href=\"https:\/\/story.hu\/napi-friss\/2026\/09\/03\/mohamed-fatima-valas-ferj\/05qcc8y?tsrc=nlc_cross\" target=\"_blank\" rel=\"noopener noreferrer nofollow\">ismerte be a Story magazinnak<\/a> Mohamed Fatima, majd azt is el\u00e1rulta, f\u00e9rje f\u00fcgg\u0151s\u00e9ge mellett m\u00e1s k\u00fcl\u00f6nbs\u00e9gek is egyre m\u00e9lyebb szakad\u00e9kot h\u00faztak k\u00f6z\u00e9j\u00fck.<\/p>\n<p>\u201eG\u00e1bor t\u00fals\u00e1gosan z\u00e1rk\u00f3zott, introvert\u00e1lt volt. (\u2026) Ut\u00f3lag m\u00e1r bel\u00e1tom, nem voltunk egym\u00e1snak val\u00f3k. B\u00e1r ideig-\u00f3r\u00e1ig j\u00f3l m\u0171k\u00f6d\u00f6tt a kapcsolatunk, (\u2026) p\u00e1r \u00e9v eltelt\u00e9vel megrekedt\u00fcnk, majd elindult a lejtmenet\u201d \u2013 mes\u00e9li a 45 \u00e9ves \u00e9nekesn\u0151, hozz\u00e1t\u00e9ve: \u0151 mondta ki, hogy legyen v\u00e9ge a h\u00e1zass\u00e1g\u00e1nak.<\/p>\n<p>Mohamed Fatima egykor \u00e9s most:<\/p>\n<p><a id=\"galeria-1\" class=\"m-nextGallery _ce_measure_widget _ce_measure_link\" href=\"https:\/\/nlc.hu\/sztarok\/20260903\/6-ev-utan-elvalt-a-ferjetol-mohamed-fatima-nem-voltunk-egymasnak-valok\/?gallery=1\/1\/central-0204077318.jpg\" data-ce-measure-widget=\"gallery-open\" rel=\"nofollow noopener\" target=\"_blank\"><\/p>\n<p>\t\t<img decoding=\"async\" width=\"1800\" height=\"1167\" src=\"https:\/\/www.europesays.com\/hu\/wp-content\/uploads\/2026\/09\/central-0204077318.jpg\" class=\"m-nextGallery__featureImage wp-image-2018896\" alt=\"\"   loading=\"lazy\"\/>\t<\/p>\n<p><\/a><\/p>\n<p>\u00a0\u201eV\u00e9g\u00fcl \u00e9n d\u00f6nt\u00f6ttem \u00fagy, hogy szeretn\u00e9k elv\u00e1lni. \u0150 mai napig m\u00e9g rem\u00e9nykedik kicsit, k\u00fczd \u00e9rtem, de m\u00e1r nincs vissza\u00fat\u201d \u2013 taglalja a <a href=\"https:\/\/nlc.hu\/sztarok\/20260825\/sztarban-sztar-2026-versenyzok-es-zsurivaltozas\/\" target=\"_blank\" rel=\"noopener nofollow\">Szt\u00e1rban Szt\u00e1r idei \u00e9vad\u00e1ban versenyz\u0151 \u00e9nekesn\u0151<\/a>, aki most kifejezetten \u00e9lvezi a szinglis\u00e9get.<\/p>\n<p>Kiemelt fot\u00f3: Sajt\u00f3szoba<\/p>\n","protected":false},"excerpt":{"rendered":"Elv\u00e1lt a f\u00e9rj\u00e9t\u0151l Mohamed Fatima, 6 \u00e9v ut\u00e1n \u00e9rt v\u00e9get a h\u00e1zass\u00e1ga. A Fekete Vonat \u00e9nekesn\u0151je el\u0151sz\u00f6r besz\u00e9l&hellip;\n","protected":false},"author":2,"featured_media":230918,"comment_status":"","ping_status":"","sticky":false,"template":"","format":"standard","meta":{"footnotes":"","_share_on_mastodon":"0"},"categories":[16],"tags":[137,44,42,40,43,41,40912,5354,138,235,614],"class_list":["post-230917","post","type-post","status-publish","format-standard","has-post-thumbnail","category-szorakozas","tag-entertainment","tag-hu","tag-hungarian","tag-hungary","tag-magyar","tag-magyarorszag","tag-mohamed-fatima","tag-story_atvett","tag-szorakozas","tag-sztarok","tag-valas"],"share_on_mastodon":{"url":"https:\/\/pubeurope.com\/@hu\/117205508370608952","error":""},"_links":{"self":[{"href":"https:\/\/www.europesays.com\/hu\/wp-json\/wp\/v2\/posts\/230917","targetHints":{"allow":["GET"]}}],"collection":[{"href":"https:\/\/www.europesays.com\/hu\/wp-json\/wp\/v2\/posts"}],"about":[{"href":"https:\/\/www.europesays.com\/hu\/wp-json\/wp\/v2\/types\/post"}],"author":[{"embeddable":true,"href":"https:\/\/www.europesays.com\/hu\/wp-json\/wp\/v2\/users\/2"}],"replies":[{"embeddable":true,"href":"https:\/\/www.europesays.com\/hu\/wp-json\/wp\/v2\/comments?post=230917"}],"version-history":[{"count":0,"href":"https:\/\/www.europesays.com\/hu\/wp-json\/wp\/v2\/posts\/230917\/revisions"}],"wp:featuredmedia":[{"embeddable":true,"href":"https:\/\/www.europesays.com\/hu\/wp-json\/wp\/v2\/media\/230918"}],"wp:attachment":[{"href":"https:\/\/www.europesays.com\/hu\/wp-json\/wp\/v2\/media?parent=230917"}],"wp:term":[{"taxonomy":"category","embeddable":true,"href":"https:\/\/www.europesays.com\/hu\/wp-json\/wp\/v2\/categories?post=230917"},{"taxonomy":"post_tag","embeddable":true,"href":"https:\/\/www.europesays.com\/hu\/wp-json\/wp\/v2\/tags?post=230917"}],"curies":[{"name":"wp","href":"https:\/\/api.w.org\/{rel}","templated":true}]}}