{"id":230947,"date":"2026-09-03T06:12:12","date_gmt":"2026-09-03T06:12:12","guid":{"rendered":"https:\/\/www.europesays.com\/hu\/230947\/"},"modified":"2026-09-03T06:12:12","modified_gmt":"2026-09-03T06:12:12","slug":"nem-mindennapi-hus-erkezik-a-lidl-be-melyen-a-zsebebe-kell-nyulnia-aki-ebbol-akar-vacsorazni","status":"publish","type":"post","link":"https:\/\/www.europesays.com\/hu\/230947\/","title":{"rendered":"Nem mindennapi h\u00fas \u00e9rkezik a Lidl-be: m\u00e9lyen a zseb\u00e9be kell ny\u00falnia, aki ebb\u0151l akar vacsor\u00e1zni"},"content":{"rendered":"<p>2026. szeptember 3. 06:28<\/p>\n<p>Nem mindennapi term\u00e9k ker\u00fcl a Lidl h\u0171t\u0151pultjaiba: szeptember 3-t\u00f3l kil\u00f3nk\u00e9nt 59 990 forint\u00e9rt k\u00edn\u00e1lnak magyar Wagyu marhah\u00e1tsz\u00ednt \u00e9s marharost\u00e9lyost. B\u00e1r a Wagyu vil\u00e1gszerte a pr\u00e9mium h\u00fasok k\u00f6z\u00e9 tartozik, az \u00e1r m\u00e9g \u00edgy is l\u00e1tv\u00e1nyosan kil\u00f3g egy diszkontl\u00e1nc megszokott k\u00edn\u00e1lat\u00e1b\u00f3l. R\u00e1ad\u00e1sul ugyanebben az akci\u00f3ban t\u00f6bb m\u00e1s Wagyu-term\u00e9k is megjelenik, j\u00f3val alacsonyabb kil\u00f3\u00e1ron.<\/p>\n<p>Szeptember 3. \u00e9s 6. k\u00f6z\u00f6tt eg\u00e9szen szokatlan \u00e1rc\u00e9dul\u00e1val tal\u00e1lkozhatnak a Lidl v\u00e1s\u00e1rl\u00f3i: a Faluv\u00e9gi H\u00fas Wagyu marhah\u00e1tsz\u00edne \u00e9s Wagyu marharost\u00e9lyosa kilogrammonk\u00e9nt 59 990 forintba ker\u00fcl, r\u00e1ad\u00e1sul mindk\u00e9t term\u00e9ket \u201eSzuper \u00e1rk\u00e9nt\u201d hirdeti az \u00e1ruh\u00e1zl\u00e1nc. Az akci\u00f3s \u00fajs\u00e1g szerint a h\u00fasok v\u00e1ltoz\u00f3 kiszerel\u00e9sben lesznek kaphat\u00f3k.<\/p>\n<p>\t\t\t\t<a href=\"https:\/\/www.penzcentrum.hu\/frisshirek\" rel=\"nofollow noopener\" target=\"_blank\">A legfrissebb h\u00edrek, id\u0151rendben ITT!<\/a><\/p>\n<p>\t\t\t\t<a href=\"https:\/\/news.google.com\/publications\/CAAiECtCpL84n14N1lGAd73KUFMqFAgKIhArQqS_OJ9eDdZRgHe9ylBT?hl=hu&amp;gl=HU&amp;ceid=HU%3Ahu\" rel=\"nofollow noopener\" target=\"_blank\">K\u00f6vess minket a Google H\u00edrek-ben is!<\/a><\/p>\n<p>&#13;<\/p>\n<p>Az \u00f6sszeg k\u00fcl\u00f6n\u00f6sen akkor felt\u0171n\u0151, ha az akci\u00f3ban szerepl\u0151 t\u00f6bbi h\u00fashoz viszony\u00edtjuk. A 220 grammos wagyu marhanyaksteak 4599 forintba ker\u00fcl, ami 20 905 forintos kil\u00f3\u00e1rat jelent, m\u00edg a szint\u00e9n 220 grammos marhacombsteak\u00e9rt 3599 forintot k\u00e9rnek, kilogrammra \u00e1tsz\u00e1m\u00edtva 16 360 forintot. A marhahamburgerh\u00fas k\u00e9t 125 grammos h\u00faspog\u00e1cs\u00e1ja 2299 forint, vagyis annak kil\u00f3ja 9196 forintra j\u00f6n ki.<\/p>\n<p>&#13;<br \/>\n  <img decoding=\"async\" class=\"img-fluid\" src=\"https:\/\/www.europesays.com\/hu\/wp-content\/uploads\/2026\/09\/1788350148-rQe3peXk5_md.jpg\" alt=\"Az akci\u00f3s \u00fajs\u00e1g szerint szeptember 3-t\u00f3l 6-ig \u00e9rhet\u0151 el a term\u00e9k az \u00fczletekben. (Forr\u00e1s: Lidl)\"\/>Az akci\u00f3s \u00fajs\u00e1g szerint szeptember 3-t\u00f3l 6-ig \u00e9rhet\u0151 el a term\u00e9k az \u00fczletekben. (Forr\u00e1s: Lidl)&#13;<\/p>\n<p>A k\u00f6zel 60 ezer forintos \u00e1r m\u00e1r a k\u00f6z\u00f6ss\u00e9gi m\u00e9di\u00e1ban is felkeltette a figyelmet. <a href=\"https:\/\/www.reddit.com\/r\/lidlaldihun\/comments\/1w2awok\/wagyu\/\" rel=\"nofollow noopener\" target=\"_blank\">Redditen<\/a> k\u00fcl\u00f6n bejegyz\u00e9s sz\u00fcletett az aj\u00e1nlatr\u00f3l, ahol a hozz\u00e1sz\u00f3l\u00f3k egy r\u00e9sze \u00e9ppen azon \u00e9rtetlenkedett, hogyan lehet az 59 990 forintos kil\u00f3\u00e1r \u201eszuper \u00e1r\u201d, illetve hogy a pr\u00e9mium term\u00e9k el\u00e9g nagy kontraszt az ugyanazon az oldalon szerepl\u0151 sert\u00e9skaraj 1199 forintos kil\u00f3s \u00e1r\u00e1val szemben. M\u00e1sok viszont pont arra h\u00edvt\u00e1k fel a figyelmet, hogy a wagyu eleve rendk\u00edv\u00fcl dr\u00e1ga h\u00fasfajta. Egy TikTok vide\u00f3ban szint\u00e9n arr\u00f3l panaszkodott a posztol\u00f3, hogy &#8222;marha j\u00f3&#8221; v\u00e9tel a Lidl aj\u00e1nlata, a kommentek k\u00f6z\u00f6tt azonban itt is t\u00f6bben megjegyezt\u00e9k, hogy pr\u00e9mium term\u00e9kr\u0151l van sz\u00f3.<\/p>\n<p>&#13;<br \/>\n<a target=\"_blank\" title=\"@misu951\" href=\"https:\/\/www.tiktok.com\/@misu951?refer=embed\" rel=\"nofollow noopener\">@misu951<\/a><br \/>\n<a target=\"_blank\" title=\"\u266c eredeti hang - Mih\u00e1ly Donka\" href=\"https:\/\/www.tiktok.com\/music\/eredeti-hang-7679726379105684244?refer=embed\" rel=\"nofollow noopener\">\u266c eredeti hang &#8211; Mih\u00e1ly Donka<\/a>&#13;<br \/>\nMit\u0151l ker\u00fcl 60 ezer forintba egy kil\u00f3 h\u00fas?&#13;<\/p>\n<p>A wagyu nem hagyom\u00e1nyos marhah\u00fas, a Lidl k\u00edn\u00e1lat\u00e1ban szerepl\u0151 Faluv\u00e9gi H\u00fas saj\u00e1t le\u00edr\u00e1sa szerint k\u00fcl\u00f6nlegess\u00e9g\u00e9t a szarvasmarh\u00e1k genetikai adotts\u00e1gai, speci\u00e1lis tart\u00e1sa \u00e9s a fajta ig\u00e9nyeihez igaz\u00edtott takarm\u00e1nyoz\u00e1s egy\u00fcttesen adja. A h\u00fas egyik legfontosabb jellemz\u0151je az er\u0151s, egyenletes m\u00e1rv\u00e1nyozotts\u00e1g: a zs\u00edr az izomrostok k\u00f6z\u00f6tt rak\u00f3dik le, ennek k\u00f6sz\u00f6nhet\u0151en s\u00fct\u00e9s ut\u00e1n k\u00fcl\u00f6n\u00f6sen puha, porhany\u00f3s \u00e1llagot kap. A v\u00e1llalkoz\u00e1s t\u00e1j\u00e9koztat\u00e1sa szerint a wagyu ak\u00e1r 30 sz\u00e1zal\u00e9kkal t\u00f6bb egyszeresen tel\u00edtetlen zs\u00edrsavat tartalmazhat, mint a legjobb min\u0151s\u00e9g\u0171 eur\u00f3pai fajt\u00e1k h\u00fasa, zs\u00edrtartalma pedig m\u00e1r k\u00f6r\u00fclbel\u00fcl 7 Celsius-fokon olvadni kezdhet.<\/p>\n<p>&#13;<\/p>\n<p>Ez a term\u00e9k r\u00e1ad\u00e1sul hazai: a Faluv\u00e9gi H\u00fas teny\u00e9szete a Hortob\u00e1gyon tal\u00e1lhat\u00f3, ahol t\u00f6bb mint 350 hekt\u00e1ron, GMO-mentes \u00e9s term\u00e9szetk\u00f6zeli tart\u00e1sban nevelik az \u00e1llatokat. A v\u00e1llalkoz\u00e1s k\u00f6zl\u00e9se szerint jelenleg 150 anya\u00e1llattal rendelkeznek, ezt a k\u00f6vetkez\u0151 \u00e9vekben 250-re szeretn\u00e9k n\u00f6velni, \u00edgy a szaporulattal egy\u00fctt k\u00f6zel 400 egyedb\u0151l \u00e1llhat majd a teny\u00e9szet.<\/p>\n<p>&#13;<br \/>\nA luxush\u00fasoknak Magyarorsz\u00e1gon is van piaca&#13;<\/p>\n<p>A k\u00fcl\u00f6nleges \u00e9s pr\u00e9mium h\u00fasok magyarorsz\u00e1gi jelenl\u00e9te ugyanakkor kor\u00e1ntsem \u00faj jelens\u00e9g. A P\u00e9nzcentrum kor\u00e1bban r\u00e9szletesen foglalkozott azzal, <a href=\"https:\/\/www.penzcentrum.hu\/vasarlas\/20240428\/pofatlansag-milyen-egzotikus-husokat-eszik-nap-mint-nap-a-magyar-elit-ezeknek-semmi-sem-draga-1150139\" rel=\"nofollow noopener\" target=\"_blank\">milyen egzotikus h\u00fasokat lehet Magyarorsz\u00e1gon beszerezni<\/a>, \u00e9s kik jelentik ezeknek a term\u00e9keknek a legfontosabb v\u00e1s\u00e1rl\u00f3k\u00f6z\u00f6ns\u00e9g\u00e9t. A Wagyu mellett olyan k\u00fcl\u00f6nlegess\u00e9gek is beker\u00fcltek m\u00e1r a hazai k\u00edn\u00e1latba, amelyekkel egy \u00e1tlagos \u00e9lelmiszerbolt h\u00faspultj\u00e1ban aligha tal\u00e1lkozhatunk. Ezeknek a term\u00e9keknek jelent\u0151s r\u00e9sze els\u0151sorban a fels\u0151 kateg\u00f3ri\u00e1s \u00e9ttermekben \u00e9s a pr\u00e9mium gasztron\u00f3mi\u00e1ban jelenik meg, de a lakoss\u00e1gi kereslet is l\u00e9tezik ir\u00e1ntuk.<\/p>\n<p>&#13;<\/p>\n<p>A pr\u00e9mium alapanyagok magas \u00e1ra ugyanakkor nem kiz\u00e1r\u00f3lag mag\u00e1nak a term\u00e9knek a beszerz\u00e9si \u00e1r\u00e1b\u00f3l k\u00f6vetkezik. A P\u00e9nzcentrum <a href=\"https:\/\/www.penzcentrum.hu\/gazdasag\/20241029\/kiderult-az-igazsag-ezert-haromszor-annyi-egy-croissant-a-pesti-peknel-mint-parizsban-1158468\" rel=\"nofollow noopener\" target=\"_blank\">egy kor\u00e1bbi interj\u00faj\u00e1ban<\/a> Andrejszki Rich\u00e1rddal, a Chef Market tulajdonos\u00e1val azt is k\u00f6rbej\u00e1rtuk, mi\u00e9rt ker\u00fclhet Magyarorsz\u00e1gon egy pr\u00e9mium vend\u00e9gl\u00e1t\u00f3helyen ak\u00e1r j\u00f3val t\u00f6bbe ugyanaz vagy egy hasonl\u00f3 term\u00e9k, mint Nyugat-Eur\u00f3p\u00e1ban. A szakember t\u00f6bbek k\u00f6z\u00f6tt a magyar vend\u00e9gl\u00e1t\u00e1s k\u00f6lts\u00e9gszerkezet\u00e9r\u0151l, a munkaer\u0151 \u00e9s az alapanyagok \u00e1r\u00e1r\u00f3l, valamint a pr\u00e9mium gasztron\u00f3mia hazai saj\u00e1toss\u00e1gair\u00f3l besz\u00e9lt.<\/p>\n<p>&#13;<\/p>\n<p>\t\t\t\t\t\t<script async src=\"\/\/www.tiktok.com\/embed.js\"><\/script><\/p>\n","protected":false},"excerpt":{"rendered":"2026. szeptember 3. 06:28 Nem mindennapi term\u00e9k ker\u00fcl a Lidl h\u0171t\u0151pultjaiba: szeptember 3-t\u00f3l kil\u00f3nk\u00e9nt 59 990 forint\u00e9rt k\u00edn\u00e1lnak&hellip;\n","protected":false},"author":2,"featured_media":230948,"comment_status":"","ping_status":"","sticky":false,"template":"","format":"standard","meta":{"footnotes":"","_share_on_mastodon":"0"},"categories":[10],"tags":[393,110,44,42,40,672,43,41,669,671,670,674,111,673],"class_list":["post-230947","post","type-post","status-publish","format-standard","has-post-thumbnail","category-vallalkozas","tag-biztositas","tag-business","tag-hu","tag-hungarian","tag-hungary","tag-karrier","tag-magyar","tag-magyarorszag","tag-megtakaritas","tag-nyugdij","tag-otthon","tag-utazas","tag-vallalkozas","tag-vasarlas"],"share_on_mastodon":{"url":"https:\/\/pubeurope.com\/@hu\/117205634288949056","error":""},"_links":{"self":[{"href":"https:\/\/www.europesays.com\/hu\/wp-json\/wp\/v2\/posts\/230947","targetHints":{"allow":["GET"]}}],"collection":[{"href":"https:\/\/www.europesays.com\/hu\/wp-json\/wp\/v2\/posts"}],"about":[{"href":"https:\/\/www.europesays.com\/hu\/wp-json\/wp\/v2\/types\/post"}],"author":[{"embeddable":true,"href":"https:\/\/www.europesays.com\/hu\/wp-json\/wp\/v2\/users\/2"}],"replies":[{"embeddable":true,"href":"https:\/\/www.europesays.com\/hu\/wp-json\/wp\/v2\/comments?post=230947"}],"version-history":[{"count":0,"href":"https:\/\/www.europesays.com\/hu\/wp-json\/wp\/v2\/posts\/230947\/revisions"}],"wp:featuredmedia":[{"embeddable":true,"href":"https:\/\/www.europesays.com\/hu\/wp-json\/wp\/v2\/media\/230948"}],"wp:attachment":[{"href":"https:\/\/www.europesays.com\/hu\/wp-json\/wp\/v2\/media?parent=230947"}],"wp:term":[{"taxonomy":"category","embeddable":true,"href":"https:\/\/www.europesays.com\/hu\/wp-json\/wp\/v2\/categories?post=230947"},{"taxonomy":"post_tag","embeddable":true,"href":"https:\/\/www.europesays.com\/hu\/wp-json\/wp\/v2\/tags?post=230947"}],"curies":[{"name":"wp","href":"https:\/\/api.w.org\/{rel}","templated":true}]}}