{"id":230953,"date":"2026-09-03T06:17:13","date_gmt":"2026-09-03T06:17:13","guid":{"rendered":"https:\/\/www.europesays.com\/hu\/230953\/"},"modified":"2026-09-03T06:17:13","modified_gmt":"2026-09-03T06:17:13","slug":"index-belfold-csontvazak-fognak-kiesni-gyokeres-fordulat-jon-a-hazai-egeszsegugyi-finanszirozasban","status":"publish","type":"post","link":"https:\/\/www.europesays.com\/hu\/230953\/","title":{"rendered":"Index &#8211; Belf\u00f6ld &#8211; \u201eCsontv\u00e1zak fognak kiesni\u201d \u2013 gy\u00f6keres fordulat j\u00f6n a hazai eg\u00e9szs\u00e9g\u00fcgyi finansz\u00edroz\u00e1sban"},"content":{"rendered":"<p>Kal\u00f3 Zolt\u00e1n, a NEAK f\u0151igazgat\u00f3ja az int\u00e9zm\u00e9ny terveit ismertetve elmondta, hogy elindult egy szeml\u00e9letv\u00e1lt\u00e1s a bizony\u00edt\u00e9kokon alapul\u00f3, adatvez\u00e9relt d\u00f6nt\u00e9shozatal fel\u00e9. Felvettek egy betegk\u00e9pviseleti koordin\u00e1tort, er\u0151s, akad\u00e9miai h\u00e1tter\u0171 elemz\u0151i csapatot \u00e9p\u00edtenek, \u00e9s \u00e9rt\u00e9kalap\u00fa finansz\u00edroz\u00e1si \u00f6szt\u00f6nz\u0151ket vezetn\u00e9nek be. Ha az \u00edg\u00e9rtn\u00e9l kevesebbet tud a gy\u00f3gyszer \u2013 amit m\u00e9rni is fognak \u2013, akkor vissza kell fizetnie az \u00e1llamnak a t\u00e1mogat\u00e1s egy r\u00e9sz\u00e9t.<\/p>\n<p>Ez egy teljesen m\u00e1s d\u00f6nt\u00e9shozatali megold\u00e1s, mert nem gy\u00f3gyszert v\u00e1s\u00e1rolunk, hanem eg\u00e9szs\u00e9get. Ha nincs eg\u00e9szs\u00e9g, nincs finansz\u00edroz\u00e1s<\/p>\n<p>\u2013 mondta a <a href=\"https:\/\/telex.hu\/techtud\/2026\/09\/02\/neak-orszagos-egeszsegpenztar-kalo-zoltan-foigazgato-finanszirozas-interju-batthyany-strattmann-laszlo-alapitvany-varolistak-adatvagyon\" id=\"hyperlink_13dd0ff29b3ec44b5c11e0206c5d745c\" rel=\"nofollow noopener\" target=\"_blank\">Telex<\/a>nek adott interj\u00faj\u00e1ban. Hasonl\u00f3 logika m\u0171k\u00f6dne a k\u00f3rh\u00e1zakban is: a jobb betegel\u00e9gedetts\u00e9g t\u00f6bb, m\u00edg a magasabb sz\u00f6v\u0151dm\u00e9nysz\u00e1m kevesebb finansz\u00edroz\u00e1st jelentene. Ezeket a v\u00e1ltoz\u00e1sokat n\u00e9gy \u00e9v alatt, fokozatosan vezetn\u00e9k be.<\/p>\n<p>A kor\u00e1bbi gyakorlatokkal kapcsolatban Kal\u00f3 \u00f3vatosan fogalmazott: sok mindent l\u00e1tnak, ami a \u201esz\u00fcrke z\u00f3n\u00e1ba\u201d tartozik \u00e9s nem tudj\u00e1k, hogy megfelel-e a jogszab\u00e1lyoknak. Egyel\u0151re a m\u0171k\u00f6d\u0151k\u00e9pes rendszer fel\u00e9p\u00edt\u00e9s\u00e9re koncentr\u00e1lnak. Szerinte \u201eesnek majd ki csontv\u00e1zak a szekr\u00e9nyb\u0151l&#8221;, azonban egyel\u0151re nincs konkr\u00e9t feljelent\u00e9st \u00e9r\u0151 eset.<\/p>\n<p>A forr\u00e1sok kapcs\u00e1n a f\u0151igazgat\u00f3 val\u00f3sz\u00edn\u0171nek tartja, hogy a korm\u00e1ny betartja a Magyar P\u00e9ter \u00e1ltal \u00edg\u00e9rt \u00e9vi 500 milli\u00e1rd forintos t\u00f6bbletforr\u00e1s biztos\u00edt\u00e1s\u00e1t. Ugyanakkor az \u00e1llamh\u00e1ztart\u00e1s a v\u00e1rtn\u00e1l rosszabb \u00e1llapotban van, ez\u00e9rt \u00f6nm\u00e9rs\u00e9kletet kell tan\u00fas\u00edtani. A NEAK s\u00falyosan alulfinansz\u00edrozott \u2013 10\u201315 \u00e9ves szerverekkel kezelik a k\u00f6zfinansz\u00edroz\u00e1s 5000 milli\u00e1rdos t\u00e9tel\u00e9t \u2013, de Kal\u00f3 szerint a megl\u00e9v\u0151 p\u00e9nzben is vannak tartal\u00e9kok:<\/p>\n<p>P\u00e9ld\u00e1ul van olyan gy\u00f3gyszer, ami milli\u00e1rdos t\u00e9tel, \u00e9s jelenlegi ismereteink alapj\u00e1n k\u00e9t \u00e9s f\u00e9lszer dr\u00e1g\u00e1bban vessz\u00fck a gy\u00e1rt\u00f3t\u00f3l, mint a nyugat-eur\u00f3pai orsz\u00e1gok. Azt gondoljuk, hogy ha ezeket a forr\u00e1sokat m\u00e1s m\u00f3don kezelt\u00fck volna, ugyanannyi p\u00e9nzb\u0151l sokkal t\u00f6bbet tudn\u00e1nk ny\u00fajtani.<\/p>\n<p>A dr\u00e1ga, innovat\u00edv ter\u00e1pi\u00e1k beemel\u00e9s\u00e9re nemzetk\u00f6zi \u00f6sszefog\u00e1sban l\u00e1tja a megold\u00e1st. A NEAK konzorciumvezet\u0151je az uni\u00f3s finansz\u00edroz\u00e1s\u00fa CAPRICORD projektnek, amelyben 13 eur\u00f3pai k\u00f6zfinansz\u00edroz\u00f3 keresi a hozz\u00e1f\u00e9r\u00e9s jav\u00edt\u00e1s\u00e1nak m\u00f3dj\u00e1t, emellett a ritka gy\u00f3gyszerekn\u00e9l a visegr\u00e1di orsz\u00e1gokkal k\u00f6z\u00f6s, nagyobb volumen\u0171 \u00e9s jobb \u00e1rkedvezm\u00e9ny\u0171 t\u00e1rgyal\u00e1sokat szeretne. Emellett szeml\u00e9letv\u00e1lt\u00e1st s\u00fcrget: a rendszert nem a leg\u00fajabb, legdr\u00e1g\u00e1bb szerekre, hanem a mindenki sz\u00e1m\u00e1ra el\u00e9rhet\u0151, olcs\u00f3bb, szabadalomvesztett \u00e9s er\u0151s tudom\u00e1nyos bizony\u00edt\u00e9kokkal al\u00e1t\u00e1masztott gy\u00f3gyszerekre kellene \u00e9p\u00edteni.<\/p>\n<p>V\u00e9g\u00fcl a <a href=\"https:\/\/index.hu\/belfold\/2026\/06\/24\/batthyany-strattmann-laszlo-alapitvany-egeszsegbiztosito-ruff-balint-torvenyjavaslat-hegedus-zsolt\/\" id=\"hyperlink_d983d020a1ac73d8297853dc7b675a16\" target=\"_blank\" title=\"Heged\u0171s Zsolt al\u00e1\u00edrta, \u00e1talakul a gy\u00f3gyszert\u00e1mogat\u00e1si rendszer\" data-recommendation=\"bekezdes_utan\" data-recommendation-preview=\"{&quot;og:title&quot;:&quot;Heged\\u0171s Zsolt al\u00e1\u00edrta, \u00e1talakul a gy\u00f3gyszert\u00e1mogat\u00e1si rendszer&quot;,&quot;og:description&quot;:&quot;Az eg\u00e9szs\u00e9gbiztos\u00edt\u00f3hoz ker\u00fclhetnek az egyedi k\u00e9relmek.&quot;,&quot;og:image&quot;:&quot;\\\/\\\/kep.cdn.indexvas.hu\\\/1\\\/0\\\/7010\\\/70104\\\/701043\\\/70104381_5172285_ec1737488ca34c4b65533c541c285cf5_wm.jpg&quot;}\" data-recommendation-id=\"6232931\" rel=\"nofollow noopener\">Batthy\u00e1ny-Strattmann Alap\u00edtv\u00e1ny<\/a>t\u00f3l j\u00falius v\u00e9g\u00e9n \u00e1tvett egyedi gy\u00f3gyszerk\u00e9relmekr\u0151l elmondta, hogy jelenleg a felhalmozott h\u00e1tral\u00e9k ledolgoz\u00e1s\u00e1n dolgoznak, \u00e9s az els\u0151 fejleszt\u00e9s\u00fck egy \u00e1tl\u00e1that\u00f3bb, betegk\u00f6zpont\u00fabb \u00fcgyf\u00e9lkezel\u0151i rendszer lesz. Hosszabb t\u00e1von az \u00faj gy\u00f3gyszerek t\u00f6bbs\u00e9g\u00e9t nem egyedi m\u00e9lt\u00e1nyoss\u00e1g, hanem rendszerszint\u0171 befogad\u00e1s keret\u00e9ben, kem\u00e9ny \u00e1rt\u00e1rgyal\u00e1sok mellett t\u00e1mogatn\u00e1k. A v\u00e1r\u00f3list\u00e1k kapcs\u00e1n objekt\u00edv (az ell\u00e1t\u00f3rendszer rossz \u00e1llapota, hum\u00e1ner\u0151forr\u00e1s- \u00e9s infrastrukt\u00fara-hi\u00e1ny) \u00e9s szubjekt\u00edv okokat is eml\u00edtett, a k\u00f6z- \u00e9s mag\u00e1neg\u00e9szs\u00e9g\u00fcgy viszony\u00e1t pedig rendszerszinten, t\u00e1rsadalmi egyeztet\u00e9s keret\u00e9ben gondoln\u00e1k \u00fajra.<\/p>\n<p>\n                          (Bor\u00edt\u00f3k\u00e9p: Kal\u00f3 Zolt\u00e1n 2025. okt\u00f3ber 8-\u00e1n. Fot\u00f3:\u00a0T\u00f6vissi Bence \/ Index)\n                        <\/p>\n<p><a href=\"https:\/\/dex.hu\/x.php?id=googlepref_desktop&amp;url=https:\/\/google.com\/preferences\/source?q=https:\/\/index.hu\" class=\"google-pref-banner \" id=\"googlePrefBanner\" rel=\"nofollow noopener\" target=\"_blank\"><\/p>\n<p>    Itt \u00e1ll\u00edtsa be, hogy az Index az els\u0151k k\u00f6z\u00f6tt legyen a Google-tal\u00e1latokban!<\/p>\n<p><\/a><\/p>\n<p>                <a href=\"https:\/\/konyvek.index.hu\/\" target=\"_blank\" rel=\"nofollow noopener\"><br \/>\n                <img decoding=\"async\" src=\"https:\/\/index.hu\/assets\/images\/konyvajanlo\/book_indapress\/book_indapress_logo.svg\" loading=\"lazy\" alt=\"Inda Press Kiad\u00f3\"\/><br \/>\n                <\/a><\/p>\n<p>                <img decoding=\"async\" src=\"https:\/\/www.europesays.com\/hu\/wp-content\/uploads\/2026\/09\/1788416231_31_nemhivlak.png\" loading=\"lazy\" alt=\"\u00c9s t\u00f6bb\u00e9 nem h\u00edvlak ap\u00e1nak\"\/><\/p>\n<p>Egy igaz t\u00f6rt\u00e9net, ami nem hagy nyugodni! Egy apa. Egy titok. Egy vil\u00e1g, ami \u00f6sszed\u0151l. A Pelicot-\u00fcgy val\u00f3di t\u00f6rt\u00e9nete: b\u00e1tors\u00e1g, t\u00fal\u00e9l\u00e9s \u00e9s az igazs\u00e1g kimond\u00e1sa  <\/p>\n<p>                <a class=\"book_index_btn\" href=\"https:\/\/indexadhu.hit.gemius.pl\/hitredir?id=nSCbubuYpDWJZLZs0TssLrbt33Lk5kbipuiZrkg89G3.g7&amp;stparam=mfkmjieklu&amp;fastid=ilvmvesghrtvewgooovodfhfwemi&amp;nc=0&amp;url=https:\/\/www.indapresskiado.hu\/products\/es-tobbe-nem-hivlak-apanak\" target=\"_blank\" rel=\"nofollow noopener\">MEGVESZEM<\/a><\/p>\n<p>    <img decoding=\"async\" src=\"https:\/\/www.europesays.com\/hu\/wp-content\/uploads\/2026\/09\/1788416233_558_redot.gif\"\/><\/p>\n<p>    <img decoding=\"async\" src=\"https:\/\/index.hu\/assets\/images\/social-follow\/logo-big.svg\" alt=\"Index.hu logo\"\/><\/p>\n<p>K\u00f6vesse az Indexet Facebookon is!<\/p>\n<p>    <a href=\"https:\/\/facebook.com\/Indexhu\" target=\"_blank\" rel=\"nofollow noopener\"><\/p>\n<p>        K\u00f6vetem!<br \/>\n    <\/a><\/p>\n","protected":false},"excerpt":{"rendered":"Kal\u00f3 Zolt\u00e1n, a NEAK f\u0151igazgat\u00f3ja az int\u00e9zm\u00e9ny terveit ismertetve elmondta, hogy elindult egy szeml\u00e9letv\u00e1lt\u00e1s a bizony\u00edt\u00e9kokon alapul\u00f3, adatvez\u00e9relt&hellip;\n","protected":false},"author":2,"featured_media":230954,"comment_status":"","ping_status":"","sticky":false,"template":"","format":"standard","meta":{"footnotes":"","_share_on_mastodon":"0"},"categories":[33],"tags":[80,152,2812,12345,38,11041,15193,35,37,44,42,40,101,35768,43,41,14696,35832,34,36,39],"class_list":["post-230953","post","type-post","status-publish","format-standard","has-post-thumbnail","category-hirek","tag-belfold","tag-ce-napi","tag-egeszsegugy","tag-finanszirozas","tag-focimek","tag-foigazgato","tag-gyogyszer","tag-headlines","tag-hirek","tag-hu","tag-hungarian","tag-hungary","tag-interju","tag-kalo-zoltan","tag-magyar","tag-magyarorszag","tag-neak","tag-nemzeti-egeszsegbiztositasi-alapkezelo","tag-news","tag-top-stories","tag-vezeto-hirek"],"share_on_mastodon":{"url":"https:\/\/pubeurope.com\/@hu\/117205653946477336","error":""},"_links":{"self":[{"href":"https:\/\/www.europesays.com\/hu\/wp-json\/wp\/v2\/posts\/230953","targetHints":{"allow":["GET"]}}],"collection":[{"href":"https:\/\/www.europesays.com\/hu\/wp-json\/wp\/v2\/posts"}],"about":[{"href":"https:\/\/www.europesays.com\/hu\/wp-json\/wp\/v2\/types\/post"}],"author":[{"embeddable":true,"href":"https:\/\/www.europesays.com\/hu\/wp-json\/wp\/v2\/users\/2"}],"replies":[{"embeddable":true,"href":"https:\/\/www.europesays.com\/hu\/wp-json\/wp\/v2\/comments?post=230953"}],"version-history":[{"count":0,"href":"https:\/\/www.europesays.com\/hu\/wp-json\/wp\/v2\/posts\/230953\/revisions"}],"wp:featuredmedia":[{"embeddable":true,"href":"https:\/\/www.europesays.com\/hu\/wp-json\/wp\/v2\/media\/230954"}],"wp:attachment":[{"href":"https:\/\/www.europesays.com\/hu\/wp-json\/wp\/v2\/media?parent=230953"}],"wp:term":[{"taxonomy":"category","embeddable":true,"href":"https:\/\/www.europesays.com\/hu\/wp-json\/wp\/v2\/categories?post=230953"},{"taxonomy":"post_tag","embeddable":true,"href":"https:\/\/www.europesays.com\/hu\/wp-json\/wp\/v2\/tags?post=230953"}],"curies":[{"name":"wp","href":"https:\/\/api.w.org\/{rel}","templated":true}]}}