{"id":230955,"date":"2026-09-03T06:18:13","date_gmt":"2026-09-03T06:18:13","guid":{"rendered":"https:\/\/www.europesays.com\/hu\/230955\/"},"modified":"2026-09-03T06:18:13","modified_gmt":"2026-09-03T06:18:13","slug":"index-belfold-magyar-peter-kezebe-kerulhet-budapest-sorsa-visszahozza-amit-orban-viktor-idejen-kiuresitettek","status":"publish","type":"post","link":"https:\/\/www.europesays.com\/hu\/230955\/","title":{"rendered":"Index &#8211; Belf\u00f6ld &#8211; Magyar P\u00e9ter kez\u00e9be ker\u00fclhet Budapest sorsa: visszahozza, amit Orb\u00e1n Viktor idej\u00e9n ki\u00fcres\u00edtettek"},"content":{"rendered":"<p>Ahogy arr\u00f3l <a href=\"https:\/\/index.hu\/belfold\/2026\/08\/31\/budapest-fovaros-kozossegi-kozlekedes-bkk-troli-trolibusz-vitezy-david-karacsony-gergely\/\" id=\"hyperlink_76833bbac2cd0af035dc5778826e6804\" target=\"_blank\" title=\"Ilyen fordulatra nem sz\u00e1m\u00edtottunk Vit\u00e9zy D\u00e1vid \u00e9s Kar\u00e1csony Gergely \u00f6sszecsap\u00e1sa ut\u00e1n\" data-recommendation=\"bekezdes_utan\" data-recommendation-preview=\"{&quot;og:title&quot;:&quot;Ilyen fordulatra nem sz\u00e1m\u00edtottunk Vit\u00e9zy D\u00e1vid \u00e9s Kar\u00e1csony Gergely \u00f6sszecsap\u00e1sa ut\u00e1n&quot;,&quot;og:description&quot;:&quot;K\u00e9shegyre men\\u0151 k\u00fczdelemb\\u0151l ked\u00e9lyes troliz\u00e1s.&quot;,&quot;og:image&quot;:&quot;\\\/\\\/kep.cdn.indexvas.hu\\\/1\\\/0\\\/7134\\\/71347\\\/713474\\\/71347445_5261225_098f8e6a8b08e606baa0c31087e9465e_wm.jpg&quot;}\" data-recommendation-id=\"6270475\" rel=\"nofollow noopener\">h\u00e9tf\u0151n besz\u00e1moltunk<\/a>, a 81-es troli vonalhosszabb\u00edt\u00e1s\u00e1nak \u00e1tad\u00f3esem\u00e9ny\u00e9n Vit\u00e9zy D\u00e1vid k\u00f6zleked\u00e9si \u00e9s beruh\u00e1z\u00e1si miniszter bejelentette, napokon bel\u00fcl beny\u00fajtj\u00e1k a F\u0151v\u00e1rosi K\u00f6zfejleszt\u00e9sek Tan\u00e1cs\u00e1r\u00f3l sz\u00f3l\u00f3 t\u00f6rv\u00e9nyjavaslatot. Az FKT a korm\u00e1ny \u00e9s a f\u0151v\u00e1ros vezet\u00e9se k\u00f6z\u00f6tti f\u00f3rum, pap\u00edron eddig is l\u00e9tezett, viszont az Orb\u00e1n-korm\u00e1ny idej\u00e9n el\u0151sz\u00f6r ki\u00fcresedett a m\u0171k\u00f6d\u00e9se, majd \u00f6ssze sem h\u00edvt\u00e1k az \u00fcl\u00e9seit.<\/p>\n<p>A F\u0151v\u00e1rosi K\u00f6zfejleszt\u00e9sek Tan\u00e1cs\u00e1nak gy\u00f6kerei eg\u00e9szen a 19. sz\u00e1zadig ny\u00falnak vissza. Az akkor F\u0151v\u00e1rosi K\u00f6zmunk\u00e1k Tan\u00e1csa n\u00e9ven m\u0171k\u00f6d\u0151 f\u00f3rumot v\u00e1rosrendez\u00e9si feladatokkal m\u00e1r Buda, \u00d3buda \u00e9s Pest egyes\u00edt\u00e9se el\u0151tt, 1870-ben l\u00e9trehozt\u00e1k.<\/p>\n<p>Az \u00fajra\u00e9leszt\u00e9sre v\u00e1r\u00f3 tan\u00e1cs fel\u00e1ll\u00edt\u00e1s\u00e1r\u00f3l 2018-ben d\u00f6nt\u00f6tt az Orb\u00e1n-korm\u00e1ny, amikor Tarl\u00f3s Istv\u00e1n volt a f\u0151polg\u00e1rmester. A 2019-es v\u00e1laszt\u00e1st viszont Kar\u00e1csony Gergely nyerte, az FKT ezut\u00e1n ugyan m\u00e9g \u00fcl\u00e9sezett, de fokozatosan vesz\u00edtett a s\u00faly\u00e1b\u00f3l, v\u00e9g\u00fcl m\u00e1r \u00f6ssze sem h\u00edvt\u00e1k. A Magyar-korm\u00e1ny most t\u00f6rv\u00e9nyi szinten r\u00f6gz\u00edten\u00e9 az FKT felt\u00e1maszt\u00e1s\u00e1t \u00e9s rendszeres \u00fcl\u00e9sez\u00e9s\u00e9t.<\/p>\n<p>                        Magyar P\u00e9ter\u00e9 lehet a f\u0151szerep, ha nem deleg\u00e1l m\u00e1st az \u00fcl\u00e9sekre<\/p>\n<p>A h\u00e9tf\u0151i esem\u00e9ny ut\u00e1n Vit\u00e9zy D\u00e1vidt\u00f3l azt k\u00e9rdezt\u00fck, hogy a f\u0151v\u00e1ros, vagy a korm\u00e1ny kezdem\u00e9nyez\u00e9se volt a F\u0151v\u00e1rosi K\u00f6zfejleszt\u00e9sek Tan\u00e1cs\u00e1nak visszahoz\u00e1sa.<\/p>\n<p>Annyiban k\u00f6z\u00f6s, hogy az FKT-val kapcsolatban a f\u0151polg\u00e1rmesternek \u00e9s nekem is az a meg\u00e9l\u00e9s\u00fcnk, hogy j\u00f3l m\u0171k\u00f6d\u00f6tt. Olvasm\u00e1ny\u00e9lm\u00e9nyeinkb\u0151l \u00e9s Budapest t\u00f6rt\u00e9net\u00e9nek ismeret\u00e9b\u0151l is tudjuk, hogy a v\u00e1ros legvir\u00e1gz\u00f3bb id\u0151szaka volt, amikor sz\u00e1z\u00f6tven \u00e9ve m\u0171k\u00f6d\u00f6tt az FKT. A Mad\u00e1ch t\u00e9rn\u00e9l, az egykori sz\u00e9kh\u00e1zon m\u00e9g mindig \u00e1ll az FKT-felirat. Politikai vit\u00e1k akkor is voltak a korm\u00e1ny \u00e9s a f\u0151v\u00e1ros k\u00f6z\u00f6tt, viszont k\u00f6z\u00f6s c\u00e9l volt Budapest fejleszt\u00e9se, ami \u00f6sszef\u00fcgg az eg\u00e9sz orsz\u00e1g fejleszt\u00e9s\u00e9vel. Persze most m\u00e1s a t\u00f6rt\u00e9nelmi kontextus az Eur\u00f3pai Uni\u00f3 tagjak\u00e9nt<\/p>\n<p>\u2013 fogalmazott lapunknak a miniszter.<\/p>\n<p>Vit\u00e9zy D\u00e1vid arra h\u00edvta fel figyelm\u00fcnket, hogy a f\u0151v\u00e1rosi t\u00e9rs\u00e9g a GDP 40 sz\u00e1zal\u00e9k\u00e1t \u00e1ll\u00edtja el\u0151, ez\u00e9rt Budapest mellett az eg\u00e9sz orsz\u00e1g \u00e9rdeke az infrastrukt\u00fara-fejleszt\u00e9s, a megfizethet\u0151 lakhat\u00e1s, valamint az is, hogy min\u00e9l kevesebb id\u0151t t\u00f6ltsenek az emberek a dug\u00f3ban \u00fclve.<\/p>\n<p>A t\u00e1rcavezet\u0151 \u00fagy l\u00e1tja, hogy \u201esokkal szorosabbak a csal\u00e1di kapcsolatok a Budapesten k\u00edv\u00fcli orsz\u00e1gr\u00e9szek \u00e9s Budapest k\u00f6z\u00f6tt, mint amilyennek ezt a politika megpr\u00f3b\u00e1lta le\u00edrni. Elemz\u0151k, komment\u00e1torok, vagy volt korm\u00e1nytagok \u00fagy besz\u00e9ltek Budapestr\u0151l \u00e9s vid\u00e9kr\u0151l, mintha k\u00e9t orsz\u00e1g lenne, mik\u00f6zben ez nincs \u00edgy. A f\u0151v\u00e1rosi fels\u0151oktat\u00e1sban tanul\u00f3 di\u00e1kok t\u00f6bbs\u00e9ge vid\u00e9kr\u0151l \u00e9rkezik, mik\u00f6zben rengeteg koroszt\u00e1lyban t\u00f6bbs\u00e9g\u00e9ben olyanok \u00e9lnek Budapesten, akik m\u00e1shol sz\u00fclettek, vagy a sz\u00fcleik m\u00e1shol sz\u00fclettek, vagy van valamilyen m\u00e1s csal\u00e1di k\u00f6t\u0151d\u00e9s\u00fck a f\u0151v\u00e1roson k\u00edv\u00fcli orsz\u00e1gr\u00e9szekhez.\u201d<\/p>\n<p>Vit\u00e9zy D\u00e1vid szerint Magyarorsz\u00e1g akkor tud el\u0151rel\u00e9pni, ha \u00f6sszhangban fejlesztik Budapestet \u00e9s a vid\u00e9ki telep\u00fcl\u00e9seket, az FKT pedig \u00e9pp arr\u00f3l sz\u00f3l, hogy a korm\u00e1ny \u00e9s a f\u0151v\u00e1ros vezet\u00e9se sz\u00f6vets\u00e9get k\u00f6t. AZ FKT sz\u00fcks\u00e9gess\u00e9g\u00e9nek felismer\u00e9se \u00f6sszef\u00fcgg\u00e9sben van az uni\u00f3s forr\u00e1sok hazahozatal\u00e1val. Vit\u00e9zy D\u00e1vid \u00fagy v\u00e9lekedett, Budapest fair \u00e9s ar\u00e1nyos m\u00e9rt\u00e9kben r\u00e9szes\u00fcl az uni\u00f3s p\u00e9nzekb\u0151l, amelyeknek k\u00f6sz\u00f6nhet\u0151en elindulhat a 3-as metr\u00f3 meghosszabb\u00edt\u00e1sa, megkezd\u0151dhet a H\u00c9V-ek cser\u00e9je, valamint villamosberuh\u00e1z\u00e1sok is napirenden vannak. T\u00f6bb projekt kiv\u00e1l\u00f3 p\u00e9ld\u00e1ja az egym\u00e1sra utalts\u00e1gnak, p\u00e9ld\u00e1ul a H\u00c9V-ek \u00e1llami \u00fczemeltet\u00e9sben m\u0171k\u00f6dnek, viszont f\u0151v\u00e1rosi ter\u00fcleten futnak, ahogy a 3-as metr\u00f3 meghosszabb\u00edt\u00e1s\u00e1n\u00e1l is sz\u00fcks\u00e9g lesz a szoros egy\u00fcttm\u0171k\u00f6d\u00e9sre, az \u00e1llam szab\u00e1lyoz\u00e1si seg\u00edts\u00e9ge n\u00e9lk\u00fcl v\u00e9lhet\u0151en nem k\u00e9sz\u00fclne el id\u0151ben a beruh\u00e1z\u00e1s.<\/p>\n<p>Egym\u00e1sra vagyunk utalva, \u00e9s ebb\u0151l a felismer\u00e9sb\u0151l sz\u00fcletett, hogy \u00fajra l\u00e9trehozzuk az int\u00e9zm\u00e9nyi h\u00e1tteret. A korm\u00e1ny ez\u00e9rt ny\u00fajtja be erre vonatkoz\u00f3 javaslat\u00e1t a parlamentnek. A munkarendet kialak\u00edtjuk, \u00e9s amint hat\u00e1lyba l\u00e9p a jogszab\u00e1ly, \u00f6sszeh\u00edvhatjuk az els\u0151 \u00fcl\u00e9st. Annyi k\u00f6z\u00f6s t\u00e9m\u00e1nk van, hogy a napirend gyakorlatilag m\u00e1r most megtelt: R\u00e1kosrendez\u0151 \u00fcgy\u00e9t ki kell mozd\u00edtani a holtpontr\u00f3l, a 3-as metr\u00f3 meghosszabb\u00edt\u00e1s\u00e1n\u00e1l vannak k\u00f6z\u00f6s t\u00e9m\u00e1ink, ahogy a H\u00c9V-fejleszt\u00e9sekn\u00e9l \u00e9s a villamosberuh\u00e1z\u00e1sokn\u00e1l is. Szint\u00e9n ki kell mozd\u00edtani a holtpontr\u00f3l az \u00e1rv\u00edzv\u00e9delmi projekteket, \u00e9s az eg\u00e9szs\u00e9g\u00fcgyi beruh\u00e1z\u00e1sokat. A rakpartokkal \u00f6sszef\u00fcgg\u00e9sben a forgalmi rend mellett a kik\u00f6t\u0151k szab\u00e1lyoz\u00e1s\u00e1r\u00f3l is kell egyeztet\u00fcnk, ut\u00f3bbi r\u00e9g\u00f3ta vit\u00e1s pont a korm\u00e1ny \u00e9s a f\u0151v\u00e1ros k\u00f6z\u00f6tt<\/p>\n<p>\u2013 sorolta Vit\u00e9zy D\u00e1vid.<\/p>\n<p>A minisztert\u0151l azt is megk\u00e9rdezt\u00fck, hogy a korm\u00e1ny kit deleg\u00e1l a F\u0151v\u00e1rosi K\u00f6zfejleszt\u00e9sek Tan\u00e1cs\u00e1nak \u00fcl\u00e9seire.<\/p>\n<p>\u201eAzt a t\u00f6rt\u00e9nelmi szab\u00e1lyt hozzuk vissza, hogy a minisztereln\u00f6k vezeti a tan\u00e1csot, viszont d\u00f6nthet \u00fagy, hogy miniszter helyettes\u00edtse. Tarl\u00f3s Istv\u00e1n idej\u00e9n jellemz\u0151en Guly\u00e1s Gergelyt b\u00edzta meg ezzel Orb\u00e1n Viktor, azt\u00e1n k\u00e9s\u0151bb m\u00e1r nem is h\u00edvtak \u00f6ssze \u00fcl\u00e9seket. Magyar P\u00e9ter minisztereln\u00f6k szuver\u00e9n joga eld\u00f6nteni, hogy r\u00e9szt vesz az \u00fcl\u00e9seken, vagy valamelyik miniszter\u00e9t b\u00edzza meg a k\u00e9pviselettel\u201d \u2013 hangs\u00falyozta Vit\u00e9zy D\u00e1vid.<\/p>\n<p>                        \u201eNemcsak fel\u00e9lesztj\u00fck, hanem vissza is vezetj\u00fck az eredeti, Podmaniczky-f\u00e9le hagyom\u00e1nyhoz\u201d<\/p>\n<p>A h\u00e9tf\u0151i esem\u00e9ny ut\u00e1n Kar\u00e1csony Gergellyel is besz\u00e9lgett\u00fcnk a F\u0151v\u00e1rosi K\u00f6zfejleszt\u00e9sek Tan\u00e1cs\u00e1r\u00f3l. A f\u0151polg\u00e1rmester is k\u00f6z\u00f6s javaslatk\u00e9nt jellemezte az FKT felt\u00e1maszt\u00e1s\u00e1t, szoros \u00f6sszef\u00fcgg\u00e9sbe hozva az uni\u00f3s forr\u00e1sok \u00e9rkez\u00e9s\u00e9vel. Kar\u00e1csony Gergely lesz\u00f6gezte, er\u0151ltetett menetben kell megval\u00f3s\u00edtani a projekteket, ez\u00e9rt k\u00fcl\u00f6n\u00f6sen fontos, hogy a f\u0151v\u00e1ros \u00e9s a korm\u00e1ny k\u00f6z\u00f6s f\u00f3rumon tudja rendezni a szakmai, politikai k\u00e9rd\u00e9seket.<\/p>\n<p>Nagyon \u00f6r\u00fcl\u00f6k a l\u00e9p\u00e9snek. Kor\u00e1bban az FKT egy szalmasz\u00e1l volt, amibe kapaszkodott a f\u0151v\u00e1ros. A 2019-es v\u00e1laszt\u00e1s ut\u00e1n egy ideig m\u00e9g \u00f6sszeh\u00edvt\u00e1k az \u00fcl\u00e9seket, viszont egyetlen d\u00f6nt\u00e9st sem hajtottak v\u00e9gre, ezek k\u00f6z\u00fcl tal\u00e1n a L\u00e1nch\u00edd-fel\u00faj\u00edt\u00e1s hatmilli\u00e1rd forintja a legismertebb. K\u00e9s\u0151bb m\u00e1r nem m\u0171k\u00f6d\u00f6tt az FKT, s\u0151t form\u00e1lisan is meg akart\u00e1k sz\u00fcntetni, de ragaszkodtam hozz\u00e1, hogy ez ne t\u00f6rt\u00e9njen meg, abban b\u00edzva, hogy k\u00e9s\u0151bb fel\u00e9leszthetj\u00fck<\/p>\n<p>\u2013 foglalta \u00f6ssze az elm\u00falt \u00e9veket Kar\u00e1csony Gergely, hozz\u00e1t\u00e9ve: \u201eNagyon fontos, hogy t\u00f6rv\u00e9nyben r\u00f6gz\u00edtik az FKT m\u0171k\u00f6d\u00e9s\u00e9t. Ismerj\u00fck a javaslat sz\u00f6veg\u00e9t, egyet\u00e9rt\u00fcnk annak tartalm\u00e1val. Egy ekkora v\u00e1rosban az \u00e1llam \u00e9s a f\u0151v\u00e1ros vezet\u00e9se sem tud \u00e9rdemben fejleszteni egyed\u00fcl, rengeteg \u00e9rdeket, szempontot kell becsatorn\u00e1zni. Budapest aranykor\u00e1ban sok t\u00e1rsadalmi vit\u00e1t nyitottak ki a fejleszt\u00e9sek, de az ezeket rendez\u0151 \u00e9s az eld\u00f6nt\u00f6tt k\u00e9rd\u00e9seket v\u00e9grehajt\u00f3 int\u00e9zm\u00e9nyrendszer volt a garanci\u00e1ja annak, hogy p\u00e9ld\u00e1ul van Andr\u00e1ssy \u00fat, \u00e9s m\u00e9g hosszan sorolhatn\u00e1m a meghat\u00e1roz\u00f3 fejleszt\u00e9seket abb\u00f3l az id\u0151szakb\u00f3l. Az FKT-t nemcsak fel\u00e9lesztj\u00fck, hanem vissza is vezetj\u00fck az eredeti, Podmaniczky-f\u00e9le hagyom\u00e1nyhoz.\u201d<\/p>\n<p>Kar\u00e1csony Gergelyt\u0151l azt is megtudtuk, hogy a javaslat \u2013 ami m\u00e9g nem nyilv\u00e1nos \u2013, rendszeres \u00fcl\u00e9sez\u00e9st \u00edr el\u0151. A f\u0151polg\u00e1rmester hangs\u00falyozta: \u201eA politikai sz\u00e1nd\u00e9k a l\u00e9nyeg, ami az int\u00e9zm\u00e9ny l\u00e9trehoz\u00e1sa m\u00f6g\u00f6tt van. Minden konkr\u00e9t \u00fcgyben egyeztet\u00fcnk kell, most rengeteg ilyen van, rem\u00e9lem, min\u00e9l hamarabb le tudunk \u00fclni, majd rendszeresen tal\u00e1lkozni.\u201d<\/p>\n<p>A F\u0151v\u00e1rosi K\u00f6zfejleszt\u00e9sek Tan\u00e1cs\u00e1ban a minisztereln\u00f6k\u00a0\u00e9s a f\u0151polg\u00e1rmester mellett t\u00f6bbek k\u00f6z\u00f6tt f\u0151v\u00e1rosi k\u00f6zgy\u0171l\u00e9si tagok, valamint a ker\u00fcletek k\u00e9pvisel\u0151i is helyet kaphatnak.<\/p>\n<p>\n                          (Bor\u00edt\u00f3k\u00e9p: Magyar P\u00e9ter \u00e9s Vit\u00e9zy D\u00e1vid 2026. j\u00falius 22-\u00e9n. Fot\u00f3:\u00a0T\u00f6vissi Bence \/ Index)\n                        <\/p>\n<p><a href=\"https:\/\/dex.hu\/x.php?id=googlepref_desktop&amp;url=https:\/\/google.com\/preferences\/source?q=https:\/\/index.hu\" class=\"google-pref-banner \" id=\"googlePrefBanner\" rel=\"nofollow noopener\" target=\"_blank\"><\/p>\n<p>    Itt \u00e1ll\u00edtsa be, hogy az Index az els\u0151k k\u00f6z\u00f6tt legyen a Google-tal\u00e1latokban!<\/p>\n<p><\/a><\/p>\n<p>                <a href=\"https:\/\/konyvek.index.hu\/\" target=\"_blank\" rel=\"nofollow noopener\"><br \/>\n                <img decoding=\"async\" src=\"https:\/\/index.hu\/assets\/images\/konyvajanlo\/book_indapress\/book_indapress_logo.svg\" loading=\"lazy\" alt=\"Inda Press Kiad\u00f3\"\/><br \/>\n                <\/a><\/p>\n<p>                <img decoding=\"async\" src=\"https:\/\/www.europesays.com\/hu\/wp-content\/uploads\/2026\/09\/1788416291_676_budapest.png\" loading=\"lazy\" alt=\"23 \u2013 Nagy budapesti ker\u00fclethat\u00e1roz\u00f3\"\/><\/p>\n<p>Izgalmas t\u00f6rt\u00e9netek, rejtett kincsek, \u00e9rdekes \u00e9p\u00fcletek &#8211; nem csak budapestieknek.<\/p>\n<p>                <a class=\"book_index_btn\" href=\"https:\/\/indexadhu.hit.gemius.pl\/hitredir?id=nSCbubuYpDWJZLZs0TssLrbt33Lk5kbipuiZrkg89G3.g7&amp;stparam=yoojcxjrby&amp;fastid=maqqjzmjjiorpyjhphrcutrnpkmz&amp;nc=0&amp;url=https:\/\/www.indapresskiado.hu\/products\/23-nagy-budapesti-ker-hat\" target=\"_blank\" rel=\"nofollow noopener\">MEGVESZEM<\/a><\/p>\n<p>    <img decoding=\"async\" src=\"https:\/\/www.europesays.com\/hu\/wp-content\/uploads\/2026\/09\/1788416293_16_redot.gif\"\/><\/p>\n<p>    <img decoding=\"async\" src=\"https:\/\/index.hu\/assets\/images\/social-follow\/logo-big.svg\" alt=\"Index.hu logo\"\/><\/p>\n<p>K\u00f6vesse az Indexet Facebookon is!<\/p>\n<p>    <a href=\"https:\/\/facebook.com\/Indexhu\" target=\"_blank\" rel=\"nofollow noopener\"><\/p>\n<p>        K\u00f6vetem!<br \/>\n    <\/a><\/p>\n","protected":false},"excerpt":{"rendered":"Ahogy arr\u00f3l h\u00e9tf\u0151n besz\u00e1moltunk, a 81-es troli vonalhosszabb\u00edt\u00e1s\u00e1nak \u00e1tad\u00f3esem\u00e9ny\u00e9n Vit\u00e9zy D\u00e1vid k\u00f6zleked\u00e9si \u00e9s beruh\u00e1z\u00e1si miniszter bejelentette, napokon bel\u00fcl&hellip;\n","protected":false},"author":2,"featured_media":230956,"comment_status":"","ping_status":"","sticky":false,"template":"","format":"standard","meta":{"footnotes":"","_share_on_mastodon":"0"},"categories":[22],"tags":[80,73,152,60026,1522,60485,44,42,40,457,43,41,593],"class_list":["post-230955","post","type-post","status-publish","format-standard","has-post-thumbnail","category-budapest","tag-belfold","tag-budapest","tag-ce-napi","tag-fkt","tag-fovaros","tag-fovarosi-kozfejlesztesek-tanacsa","tag-hu","tag-hungarian","tag-hungary","tag-karacsony-gergely","tag-magyar","tag-magyarorszag","tag-vitezy-david"],"share_on_mastodon":{"url":"https:\/\/pubeurope.com\/@hu\/117205657661061843","error":""},"_links":{"self":[{"href":"https:\/\/www.europesays.com\/hu\/wp-json\/wp\/v2\/posts\/230955","targetHints":{"allow":["GET"]}}],"collection":[{"href":"https:\/\/www.europesays.com\/hu\/wp-json\/wp\/v2\/posts"}],"about":[{"href":"https:\/\/www.europesays.com\/hu\/wp-json\/wp\/v2\/types\/post"}],"author":[{"embeddable":true,"href":"https:\/\/www.europesays.com\/hu\/wp-json\/wp\/v2\/users\/2"}],"replies":[{"embeddable":true,"href":"https:\/\/www.europesays.com\/hu\/wp-json\/wp\/v2\/comments?post=230955"}],"version-history":[{"count":0,"href":"https:\/\/www.europesays.com\/hu\/wp-json\/wp\/v2\/posts\/230955\/revisions"}],"wp:featuredmedia":[{"embeddable":true,"href":"https:\/\/www.europesays.com\/hu\/wp-json\/wp\/v2\/media\/230956"}],"wp:attachment":[{"href":"https:\/\/www.europesays.com\/hu\/wp-json\/wp\/v2\/media?parent=230955"}],"wp:term":[{"taxonomy":"category","embeddable":true,"href":"https:\/\/www.europesays.com\/hu\/wp-json\/wp\/v2\/categories?post=230955"},{"taxonomy":"post_tag","embeddable":true,"href":"https:\/\/www.europesays.com\/hu\/wp-json\/wp\/v2\/tags?post=230955"}],"curies":[{"name":"wp","href":"https:\/\/api.w.org\/{rel}","templated":true}]}}